{"id":77553,"date":"2020-12-11T09:40:40","date_gmt":"2020-12-11T08:40:40","guid":{"rendered":"http:\/\/www.manquepierda.com\/historiarealbetis\/?p=77553"},"modified":"2024-08-17T09:06:42","modified_gmt":"2024-08-17T07:06:42","slug":"betis-villarreal-liga-1992","status":"publish","type":"post","link":"https:\/\/www.manquepierda.com\/historiarealbetis\/betis-villarreal-liga-1992\/","title":{"rendered":"Betis-Villarreal Liga 1992."},"content":{"rendered":"\n<div class=\"wp-block-image\"><figure class=\"aligncenter size-large is-resized\"><img data-recalc-dims=\"1\" loading=\"lazy\" decoding=\"async\" src=\"https:\/\/i0.wp.com\/www.manquepierda.com\/historiarealbetis\/files\/2020\/12\/Betis-Villarreal-Liga-1992-Gol-de-Ivanov-ABC-2-11-1992.jpg?resize=575%2C715&#038;ssl=1\" alt=\"\" class=\"wp-image-77554\" width=\"575\" height=\"715\" srcset=\"https:\/\/i0.wp.com\/www.manquepierda.com\/historiarealbetis\/files\/2020\/12\/Betis-Villarreal-Liga-1992-Gol-de-Ivanov-ABC-2-11-1992.jpg?w=512&amp;ssl=1 512w, https:\/\/i0.wp.com\/www.manquepierda.com\/historiarealbetis\/files\/2020\/12\/Betis-Villarreal-Liga-1992-Gol-de-Ivanov-ABC-2-11-1992.jpg?resize=482%2C600&amp;ssl=1 482w, https:\/\/i0.wp.com\/www.manquepierda.com\/historiarealbetis\/files\/2020\/12\/Betis-Villarreal-Liga-1992-Gol-de-Ivanov-ABC-2-11-1992.jpg?resize=177%2C220&amp;ssl=1 177w\" sizes=\"auto, (max-width: 575px) 100vw, 575px\" \/><\/figure><\/div>\n\n\n<p>1 de noviembre de 1992 en el Villamar\u00edn Betis 2 Villarreal 0; jornada 9 del Campeonato de Liga de Segunda Divisi\u00f3n.<\/p>\n<p>En la imagen la espectacular chilena con la que Ivanov abri\u00f3 el marcador en el minuto 28 al rematar un corner lanzado sobre la meta levantina. En el 51 fue Gabino quien cerr\u00f3 el marcador de penalti realizado sobre Gordillo.<\/p>\n<p>Jorge D\u00b4Alessandro entrenaba al Betis y Osman Bendezu al Villarreal.&nbsp;&nbsp;<\/p>","protected":false},"excerpt":{"rendered":"<p>1 de noviembre de 1992 en el Villamar\u00edn Betis 2 Villarreal 0; jornada 9 del Campeonato de Liga de Segunda Divisi\u00f3n. En la imagen la espectacular chilena con la que Ivanov abri\u00f3 el marcador en el minuto 28 al rematar un corner lanzado sobre la meta levantina. En el 51 fue Gabino quien cerr\u00f3 el&#8230;<\/p>\n","protected":false},"author":5,"featured_media":77554,"comment_status":"open","ping_status":"open","sticky":false,"template":"","format":"standard","meta":{"_kad_post_transparent":"","_kad_post_title":"","_kad_post_layout":"","_kad_post_sidebar_id":"","_kad_post_content_style":"","_kad_post_vertical_padding":"","_kad_post_feature":"","_kad_post_feature_position":"","_kad_post_header":false,"_kad_post_footer":false,"_kad_post_classname":"","_jetpack_memberships_contains_paid_content":false,"footnotes":"","jetpack_publicize_message":"","jetpack_publicize_feature_enabled":true,"jetpack_social_post_already_shared":true,"jetpack_social_options":{"image_generator_settings":{"template":"highway","default_image_id":0,"font":"","enabled":false},"version":2}},"categories":[905,1],"tags":[5731,8377,17824,9363,4007],"class_list":["post-77553","post","type-post","status-publish","format-standard","has-post-thumbnail","hentry","category-1990-1999","category-portada","tag-5731","tag-1992-93","tag-liga-segunda-1992-93","tag-trifon-ivanov","tag-villarreal-cf"],"jetpack_publicize_connections":[],"jetpack_featured_media_url":"https:\/\/i0.wp.com\/www.manquepierda.com\/historiarealbetis\/files\/2020\/12\/Betis-Villarreal-Liga-1992-Gol-de-Ivanov-ABC-2-11-1992.jpg?fit=512%2C637&ssl=1","jetpack_sharing_enabled":true,"jetpack_shortlink":"https:\/\/wp.me\/p1ij08-kaR","jetpack-related-posts":[],"_links":{"self":[{"href":"https:\/\/www.manquepierda.com\/historiarealbetis\/wp-json\/wp\/v2\/posts\/77553","targetHints":{"allow":["GET"]}}],"collection":[{"href":"https:\/\/www.manquepierda.com\/historiarealbetis\/wp-json\/wp\/v2\/posts"}],"about":[{"href":"https:\/\/www.manquepierda.com\/historiarealbetis\/wp-json\/wp\/v2\/types\/post"}],"author":[{"embeddable":true,"href":"https:\/\/www.manquepierda.com\/historiarealbetis\/wp-json\/wp\/v2\/users\/5"}],"replies":[{"embeddable":true,"href":"https:\/\/www.manquepierda.com\/historiarealbetis\/wp-json\/wp\/v2\/comments?post=77553"}],"version-history":[{"count":1,"href":"https:\/\/www.manquepierda.com\/historiarealbetis\/wp-json\/wp\/v2\/posts\/77553\/revisions"}],"predecessor-version":[{"id":96910,"href":"https:\/\/www.manquepierda.com\/historiarealbetis\/wp-json\/wp\/v2\/posts\/77553\/revisions\/96910"}],"wp:featuredmedia":[{"embeddable":true,"href":"https:\/\/www.manquepierda.com\/historiarealbetis\/wp-json\/wp\/v2\/media\/77554"}],"wp:attachment":[{"href":"https:\/\/www.manquepierda.com\/historiarealbetis\/wp-json\/wp\/v2\/media?parent=77553"}],"wp:term":[{"taxonomy":"category","embeddable":true,"href":"https:\/\/www.manquepierda.com\/historiarealbetis\/wp-json\/wp\/v2\/categories?post=77553"},{"taxonomy":"post_tag","embeddable":true,"href":"https:\/\/www.manquepierda.com\/historiarealbetis\/wp-json\/wp\/v2\/tags?post=77553"}],"curies":[{"name":"wp","href":"https:\/\/api.w.org\/{rel}","templated":true}]}}