{"id":77714,"date":"2020-12-25T09:15:36","date_gmt":"2020-12-25T08:15:36","guid":{"rendered":"http:\/\/www.manquepierda.com\/historiarealbetis\/?p=77714"},"modified":"2020-12-21T08:32:01","modified_gmt":"2020-12-21T07:32:01","slug":"anuncio-del-betis-1947","status":"publish","type":"post","link":"https:\/\/www.manquepierda.com\/historiarealbetis\/anuncio-del-betis-1947\/","title":{"rendered":"Anuncio del Betis 1947."},"content":{"rendered":"\n<div class=\"wp-block-image\"><figure class=\"aligncenter size-large is-resized\"><img data-recalc-dims=\"1\" loading=\"lazy\" decoding=\"async\" src=\"https:\/\/i0.wp.com\/www.manquepierda.com\/historiarealbetis\/files\/2020\/12\/Aviso-Betis-1947-HDL-22-9-1947.jpg?resize=576%2C539&#038;ssl=1\" alt=\"\" class=\"wp-image-77715\" width=\"576\" height=\"539\" srcset=\"https:\/\/i0.wp.com\/www.manquepierda.com\/historiarealbetis\/files\/2020\/12\/Aviso-Betis-1947-HDL-22-9-1947.jpg?w=378&amp;ssl=1 378w, https:\/\/i0.wp.com\/www.manquepierda.com\/historiarealbetis\/files\/2020\/12\/Aviso-Betis-1947-HDL-22-9-1947.jpg?resize=220%2C206&amp;ssl=1 220w\" sizes=\"auto, (max-width: 576px) 100vw, 576px\" \/><\/figure><\/div>\n\n\n<p>Anuncio publicado en la prensa sevillana en septiembre de 1947 referido a la campa\u00f1a de abonos para la temporada 1947-48.<\/p>\n<p>La directiva verdiblanca, presidida por Manuel Romero Puerto, se enfrentaba a la dura tarea de afrontar la primera temporada en la Tercera Divisi\u00f3n. Tal como se informa en el aviso publicitario se potenciaba la categor\u00eda de socios supernumerarios, recogidos en los estatutos vigentes de la sociedad de 1933, destinada a los socios m\u00e1s modestos que mediante el pago mensual de 6 pesetas podr\u00edan acceder a las localidades de Gol Sur de Heli\u00f3polis.&nbsp;<\/p>\n<p>Se recordaba tambi\u00e9n en la nota que segu\u00eda abierto el plazo de inscripci\u00f3n de nuevos socios numerarios, a los que no se cobrar\u00eda cuota de inscripci\u00f3n, aunque en los estatutos s\u00ed se recog\u00eda una cuota de entrada de 25 pesetas, pero la Directiva verdiblanca facilitaba as\u00ed la posibilidad de hacerse socio. Y tambi\u00e9n se informaba sobre la renovaci\u00f3n&nbsp; del carnet para los abonados de la temporada anterior, que pod\u00edan avisar en la secretar\u00eda del club, sita en la calle Tom\u00e1s de Ibarra n\u00famero 20, para que el cobrador del club pasase por su domicilio.<\/p>\n<p>La temporada se inici\u00f3 el 21 de septiembre con el Betis jugando en Talavera, y fue el 28 de septiembre cuando actu\u00f3 como local por primera vez en Tercera Divisi\u00f3n contra el Plus Ultra, como ya vimos<a href=\"https:\/\/www.manquepierda.com\/historiarealbetis\/betis-plus-ultra-liga-1947\/\"><strong> aqu\u00ed.&nbsp;<\/strong><\/a>&nbsp;<\/p>","protected":false},"excerpt":{"rendered":"<p>Anuncio publicado en la prensa sevillana en septiembre de 1947 referido a la campa\u00f1a de abonos para la temporada 1947-48. La directiva verdiblanca, presidida por Manuel Romero Puerto, se enfrentaba a la dura tarea de afrontar la primera temporada en la Tercera Divisi\u00f3n. Tal como se informa en el aviso publicitario se potenciaba la categor\u00eda&#8230;<\/p>\n","protected":false},"author":5,"featured_media":77715,"comment_status":"open","ping_status":"open","sticky":false,"template":"","format":"standard","meta":{"_kad_post_transparent":"","_kad_post_title":"","_kad_post_layout":"","_kad_post_sidebar_id":"","_kad_post_content_style":"","_kad_post_vertical_padding":"","_kad_post_feature":"","_kad_post_feature_position":"","_kad_post_header":false,"_kad_post_footer":false,"_kad_post_classname":"","_jetpack_memberships_contains_paid_content":false,"footnotes":"","jetpack_publicize_message":"","jetpack_publicize_feature_enabled":true,"jetpack_social_post_already_shared":true,"jetpack_social_options":{"image_generator_settings":{"template":"highway","default_image_id":0,"font":"","enabled":false},"version":2}},"categories":[900,1],"tags":[52,10150],"class_list":["post-77714","post","type-post","status-publish","format-standard","has-post-thumbnail","hentry","category-1940-1949","category-portada","tag-52","tag-1947-48"],"jetpack_publicize_connections":[],"jetpack_featured_media_url":"https:\/\/i0.wp.com\/www.manquepierda.com\/historiarealbetis\/files\/2020\/12\/Aviso-Betis-1947-HDL-22-9-1947.jpg?fit=378%2C354&ssl=1","jetpack_sharing_enabled":true,"jetpack_shortlink":"https:\/\/wp.me\/p1ij08-kds","jetpack-related-posts":[],"_links":{"self":[{"href":"https:\/\/www.manquepierda.com\/historiarealbetis\/wp-json\/wp\/v2\/posts\/77714","targetHints":{"allow":["GET"]}}],"collection":[{"href":"https:\/\/www.manquepierda.com\/historiarealbetis\/wp-json\/wp\/v2\/posts"}],"about":[{"href":"https:\/\/www.manquepierda.com\/historiarealbetis\/wp-json\/wp\/v2\/types\/post"}],"author":[{"embeddable":true,"href":"https:\/\/www.manquepierda.com\/historiarealbetis\/wp-json\/wp\/v2\/users\/5"}],"replies":[{"embeddable":true,"href":"https:\/\/www.manquepierda.com\/historiarealbetis\/wp-json\/wp\/v2\/comments?post=77714"}],"version-history":[{"count":0,"href":"https:\/\/www.manquepierda.com\/historiarealbetis\/wp-json\/wp\/v2\/posts\/77714\/revisions"}],"wp:featuredmedia":[{"embeddable":true,"href":"https:\/\/www.manquepierda.com\/historiarealbetis\/wp-json\/wp\/v2\/media\/77715"}],"wp:attachment":[{"href":"https:\/\/www.manquepierda.com\/historiarealbetis\/wp-json\/wp\/v2\/media?parent=77714"}],"wp:term":[{"taxonomy":"category","embeddable":true,"href":"https:\/\/www.manquepierda.com\/historiarealbetis\/wp-json\/wp\/v2\/categories?post=77714"},{"taxonomy":"post_tag","embeddable":true,"href":"https:\/\/www.manquepierda.com\/historiarealbetis\/wp-json\/wp\/v2\/tags?post=77714"}],"curies":[{"name":"wp","href":"https:\/\/api.w.org\/{rel}","templated":true}]}}