{"id":77898,"date":"2026-01-21T12:00:00","date_gmt":"2026-01-21T11:00:00","guid":{"rendered":"http:\/\/www.manquepierda.com\/historiarealbetis\/?p=77898"},"modified":"2025-12-12T20:15:36","modified_gmt":"2025-12-12T19:15:36","slug":"hoy-hace-20-anos-betis-1-jaen-0","status":"publish","type":"post","link":"https:\/\/www.manquepierda.com\/historiarealbetis\/hoy-hace-20-anos-betis-1-jaen-0\/","title":{"rendered":"Hoy hace 25 a\u00f1os. Betis 1 Ja\u00e9n 0."},"content":{"rendered":"<div class=\"wp-block-image is-resized\">\n<figure class=\"aligncenter size-large\"><img data-recalc-dims=\"1\" loading=\"lazy\" decoding=\"async\" width=\"318\" height=\"306\" src=\"https:\/\/i0.wp.com\/www.manquepierda.com\/historiarealbetis\/files\/2020\/12\/21-2001-Betis-1-Jaen-0.jpg?resize=318%2C306&#038;ssl=1\" alt=\"\" class=\"wp-image-77899\" srcset=\"https:\/\/i0.wp.com\/www.manquepierda.com\/historiarealbetis\/files\/2020\/12\/21-2001-Betis-1-Jaen-0.jpg?w=318&amp;ssl=1 318w, https:\/\/i0.wp.com\/www.manquepierda.com\/historiarealbetis\/files\/2020\/12\/21-2001-Betis-1-Jaen-0.jpg?resize=220%2C212&amp;ssl=1 220w\" sizes=\"auto, (max-width: 318px) 100vw, 318px\" \/><\/figure>\n<\/div>\n\n<p><span style=\"color: #008000;\">El 21 de enero de 2001 el Betis se impone 1-0 en el Ruiz de Lopera al Ja\u00e9n en partido de la jornada 21 del Campeonato de Liga de Segunda Divisi\u00f3n.<\/span><\/p>\n<p><span style=\"color: #008000;\">\u00c1ngel Cu\u00e9llar fue el autor del \u00fanico tanto del partido en el minuto 44 al cabecear en plancha un centro de Joaqu\u00edn.<\/span><\/p>\n<p><span style=\"color: #008000;\">El Betis, dirigido por Fernando V\u00e1zquez, aline\u00f3 a Prats; Varela, Filipescu, Bornes, Belenguer; Denilson (69, C\u00e9sar), Casta\u00f1o, Capi, Arzu (50, Benjam\u00edn); Cu\u00e9llar (76 G\u00e1lvez) y Joaqu\u00edn .<\/span><\/p>\n<p><span style=\"color: #008000;\">El Ja\u00e9n, entrenado por Pedro Braojos, form\u00f3 con Emilio; Luis L\u00f3pez, Quique (74, Ortega), Nono, Rico; Aitor (53, Chumilla), Pepelu (53, Rueda), Tito, Puche; Sierra y Carlos Torres.<\/span><\/p>","protected":false},"excerpt":{"rendered":"<p>El 21 de enero de 2001 el Betis se impone 1-0 en el Ruiz de Lopera al Ja\u00e9n en partido de la jornada 21 del Campeonato de Liga de Segunda Divisi\u00f3n. \u00c1ngel Cu\u00e9llar fue el autor del \u00fanico tanto del partido en el minuto 44 al cabecear en plancha un centro de Joaqu\u00edn. El Betis,&#8230;<\/p>\n","protected":false},"author":5,"featured_media":77899,"comment_status":"open","ping_status":"open","sticky":false,"template":"","format":"standard","meta":{"_kad_post_transparent":"","_kad_post_title":"","_kad_post_layout":"","_kad_post_sidebar_id":"","_kad_post_content_style":"","_kad_post_vertical_padding":"","_kad_post_feature":"","_kad_post_feature_position":"","_kad_post_header":false,"_kad_post_footer":false,"_kad_post_classname":"","_jetpack_memberships_contains_paid_content":false,"footnotes":"","jetpack_publicize_message":"","jetpack_publicize_feature_enabled":true,"jetpack_social_post_already_shared":true,"jetpack_social_options":{"image_generator_settings":{"template":"highway","default_image_id":0,"font":"","enabled":false},"version":2}},"categories":[4823,14583,1],"tags":[4976,17895,16772],"class_list":["post-77898","post","type-post","status-publish","format-standard","has-post-thumbnail","hentry","category-2000-2009","category-efemerides","category-portada","tag-4976","tag-liga-segunda-2000-01","tag-real-jaen-cf"],"jetpack_publicize_connections":[],"jetpack_featured_media_url":"https:\/\/i0.wp.com\/www.manquepierda.com\/historiarealbetis\/files\/2020\/12\/21-2001-Betis-1-Jaen-0.jpg?fit=318%2C306&ssl=1","jetpack_sharing_enabled":true,"jetpack_shortlink":"https:\/\/wp.me\/p1ij08-kgq","jetpack-related-posts":[],"_links":{"self":[{"href":"https:\/\/www.manquepierda.com\/historiarealbetis\/wp-json\/wp\/v2\/posts\/77898","targetHints":{"allow":["GET"]}}],"collection":[{"href":"https:\/\/www.manquepierda.com\/historiarealbetis\/wp-json\/wp\/v2\/posts"}],"about":[{"href":"https:\/\/www.manquepierda.com\/historiarealbetis\/wp-json\/wp\/v2\/types\/post"}],"author":[{"embeddable":true,"href":"https:\/\/www.manquepierda.com\/historiarealbetis\/wp-json\/wp\/v2\/users\/5"}],"replies":[{"embeddable":true,"href":"https:\/\/www.manquepierda.com\/historiarealbetis\/wp-json\/wp\/v2\/comments?post=77898"}],"version-history":[{"count":3,"href":"https:\/\/www.manquepierda.com\/historiarealbetis\/wp-json\/wp\/v2\/posts\/77898\/revisions"}],"predecessor-version":[{"id":106119,"href":"https:\/\/www.manquepierda.com\/historiarealbetis\/wp-json\/wp\/v2\/posts\/77898\/revisions\/106119"}],"wp:featuredmedia":[{"embeddable":true,"href":"https:\/\/www.manquepierda.com\/historiarealbetis\/wp-json\/wp\/v2\/media\/77899"}],"wp:attachment":[{"href":"https:\/\/www.manquepierda.com\/historiarealbetis\/wp-json\/wp\/v2\/media?parent=77898"}],"wp:term":[{"taxonomy":"category","embeddable":true,"href":"https:\/\/www.manquepierda.com\/historiarealbetis\/wp-json\/wp\/v2\/categories?post=77898"},{"taxonomy":"post_tag","embeddable":true,"href":"https:\/\/www.manquepierda.com\/historiarealbetis\/wp-json\/wp\/v2\/tags?post=77898"}],"curies":[{"name":"wp","href":"https:\/\/api.w.org\/{rel}","templated":true}]}}