{"id":77961,"date":"2021-01-14T09:29:00","date_gmt":"2021-01-14T08:29:00","guid":{"rendered":"http:\/\/www.manquepierda.com\/historiarealbetis\/?p=77961"},"modified":"2025-03-15T16:57:16","modified_gmt":"2025-03-15T15:57:16","slug":"alineacion-cacereno-betis-liga-1949","status":"publish","type":"post","link":"https:\/\/www.manquepierda.com\/historiarealbetis\/alineacion-cacereno-betis-liga-1949\/","title":{"rendered":"Alineaci\u00f3n Cacere\u00f1o-Betis Liga 1949."},"content":{"rendered":"\n<div class=\"wp-block-image\"><figure class=\"aligncenter size-large is-resized\"><img data-recalc-dims=\"1\" loading=\"lazy\" decoding=\"async\" src=\"https:\/\/i0.wp.com\/www.manquepierda.com\/historiarealbetis\/files\/2021\/01\/Alineacion-Cacereno-Betis-Liga-1949.jpg?resize=573%2C359&#038;ssl=1\" alt=\"\" class=\"wp-image-77962\" width=\"573\" height=\"359\" srcset=\"https:\/\/i0.wp.com\/www.manquepierda.com\/historiarealbetis\/files\/2021\/01\/Alineacion-Cacereno-Betis-Liga-1949.jpg?w=346&amp;ssl=1 346w, https:\/\/i0.wp.com\/www.manquepierda.com\/historiarealbetis\/files\/2021\/01\/Alineacion-Cacereno-Betis-Liga-1949.jpg?resize=220%2C138&amp;ssl=1 220w\" sizes=\"auto, (max-width: 573px) 100vw, 573px\" \/><\/figure><\/div>\n\n\n<p>30 de octubre de 1949 en Cabezarrubia&nbsp; Cacere\u00f1o 2 Betis 1; jornada 9 del Campeonato de Liga de Tercera Divisi\u00f3n.<\/p>\n<p>En la imagen arriba Paquirri, Gelo, Esteban, Fausto, Coll, Patricio, Jap\u00f3n y Salinas; abajo Villar\u00edn, M\u00e1ximo, Paquirrini e Ibarra.<\/p>\n<p>Moreno y Guio marcaron para el equipo extreme\u00f1o, mientras que Gelo lo hizo para el Betis.<\/p>\n<p>Pedro Rodr\u00edguez \u00abPerete\u00bb entrenaba al Cacere\u00f1o y Andr\u00e9s Aranda al Betis.&nbsp;&nbsp;<\/p>\n\n\n<p><\/p>\n","protected":false},"excerpt":{"rendered":"<p>30 de octubre de 1949 en Cabezarrubia&nbsp; Cacere\u00f1o 2 Betis 1; jornada 9 del Campeonato de Liga de Tercera Divisi\u00f3n. En la imagen arriba Paquirri, Gelo, Esteban, Fausto, Coll, Patricio, Jap\u00f3n y Salinas; abajo Villar\u00edn, M\u00e1ximo, Paquirrini e Ibarra. Moreno y Guio marcaron para el equipo extreme\u00f1o, mientras que Gelo lo hizo para el Betis&#8230;.<\/p>\n","protected":false},"author":5,"featured_media":77962,"comment_status":"open","ping_status":"open","sticky":false,"template":"","format":"standard","meta":{"_kad_post_transparent":"","_kad_post_title":"","_kad_post_layout":"","_kad_post_sidebar_id":"","_kad_post_content_style":"","_kad_post_vertical_padding":"","_kad_post_feature":"","_kad_post_feature_position":"","_kad_post_header":false,"_kad_post_footer":false,"_kad_post_classname":"","_jetpack_memberships_contains_paid_content":false,"footnotes":"","jetpack_publicize_message":"","jetpack_publicize_feature_enabled":true,"jetpack_social_post_already_shared":true,"jetpack_social_options":{"image_generator_settings":{"template":"highway","default_image_id":0,"font":"","enabled":false},"version":2}},"categories":[900,1],"tags":[8375,2662,1948,1842,2622,1838,4656,3923,1575,1932,17741,3924,1433,1463,17912,2537],"class_list":["post-77961","post","type-post","status-publish","format-standard","has-post-thumbnail","hentry","category-1940-1949","category-portada","tag-8375","tag-1949-50","tag-angel-lavin-gelo","tag-antonio-fernandez-villarin","tag-club-deportivo-cacereno","tag-esteban-berros-carrasco","tag-fausto-vals","tag-francisco-gil-paquirrini","tag-francisco-gonzalez-paquirri","tag-guillermo-coll","tag-isidoro-ibarra-2","tag-jose-patricio","tag-jose-salinas","tag-jose-suarez-japon","tag-liga-tercera-1949-50","tag-maximo-benito"],"jetpack_publicize_connections":[],"jetpack_featured_media_url":"https:\/\/i0.wp.com\/www.manquepierda.com\/historiarealbetis\/files\/2021\/01\/Alineacion-Cacereno-Betis-Liga-1949.jpg?fit=346%2C217&ssl=1","jetpack_sharing_enabled":true,"jetpack_shortlink":"https:\/\/wp.me\/p1ij08-khr","jetpack-related-posts":[],"_links":{"self":[{"href":"https:\/\/www.manquepierda.com\/historiarealbetis\/wp-json\/wp\/v2\/posts\/77961","targetHints":{"allow":["GET"]}}],"collection":[{"href":"https:\/\/www.manquepierda.com\/historiarealbetis\/wp-json\/wp\/v2\/posts"}],"about":[{"href":"https:\/\/www.manquepierda.com\/historiarealbetis\/wp-json\/wp\/v2\/types\/post"}],"author":[{"embeddable":true,"href":"https:\/\/www.manquepierda.com\/historiarealbetis\/wp-json\/wp\/v2\/users\/5"}],"replies":[{"embeddable":true,"href":"https:\/\/www.manquepierda.com\/historiarealbetis\/wp-json\/wp\/v2\/comments?post=77961"}],"version-history":[{"count":1,"href":"https:\/\/www.manquepierda.com\/historiarealbetis\/wp-json\/wp\/v2\/posts\/77961\/revisions"}],"predecessor-version":[{"id":95220,"href":"https:\/\/www.manquepierda.com\/historiarealbetis\/wp-json\/wp\/v2\/posts\/77961\/revisions\/95220"}],"wp:featuredmedia":[{"embeddable":true,"href":"https:\/\/www.manquepierda.com\/historiarealbetis\/wp-json\/wp\/v2\/media\/77962"}],"wp:attachment":[{"href":"https:\/\/www.manquepierda.com\/historiarealbetis\/wp-json\/wp\/v2\/media?parent=77961"}],"wp:term":[{"taxonomy":"category","embeddable":true,"href":"https:\/\/www.manquepierda.com\/historiarealbetis\/wp-json\/wp\/v2\/categories?post=77961"},{"taxonomy":"post_tag","embeddable":true,"href":"https:\/\/www.manquepierda.com\/historiarealbetis\/wp-json\/wp\/v2\/tags?post=77961"}],"curies":[{"name":"wp","href":"https:\/\/api.w.org\/{rel}","templated":true}]}}