{"id":77967,"date":"2021-01-12T09:56:00","date_gmt":"2021-01-12T08:56:00","guid":{"rendered":"http:\/\/www.manquepierda.com\/historiarealbetis\/?p=77967"},"modified":"2021-01-07T12:08:54","modified_gmt":"2021-01-07T11:08:54","slug":"relevo-de-ano-1969","status":"publish","type":"post","link":"https:\/\/www.manquepierda.com\/historiarealbetis\/relevo-de-ano-1969\/","title":{"rendered":"Relevo del a\u00f1o 1969."},"content":{"rendered":"\n<div class=\"wp-block-image\"><figure class=\"aligncenter size-large is-resized\"><img data-recalc-dims=\"1\" loading=\"lazy\" decoding=\"async\" src=\"https:\/\/i0.wp.com\/www.manquepierda.com\/historiarealbetis\/files\/2021\/01\/Relevo-anos-1969-1970-HDL-29-12-1969.jpg?resize=561%2C805&#038;ssl=1\" alt=\"\" class=\"wp-image-77968\" width=\"561\" height=\"805\" srcset=\"https:\/\/i0.wp.com\/www.manquepierda.com\/historiarealbetis\/files\/2021\/01\/Relevo-anos-1969-1970-HDL-29-12-1969.jpg?w=357&amp;ssl=1 357w, https:\/\/i0.wp.com\/www.manquepierda.com\/historiarealbetis\/files\/2021\/01\/Relevo-anos-1969-1970-HDL-29-12-1969.jpg?resize=153%2C220&amp;ssl=1 153w\" sizes=\"auto, (max-width: 561px) 100vw, 561px\" \/><\/figure><\/div>\n\n\n<p>Dibujo humor\u00edstico publicado en la Hoja del Lunes el 29 de diciembre de 1969. En \u00e9l se alud\u00eda al inminente fin del a\u00f1o 1969 y el comienzo del a\u00f1o 1970 desde la \u00f3ptica verdiblanca.<\/p>\n<p>El a\u00f1o 1969 no fue bueno para el Betis, que no consigui\u00f3 en la primera mitad del a\u00f1o el objetivo de subir a Primera Divisi\u00f3n y finaliz\u00f3 en una m\u00e1s que discreta s\u00e9ptima posici\u00f3n en Segunda Divisi\u00f3n. Fernando Daucik, Esteban Areta y Santiago Tejera pasaron por el banquillo verdiblanco en esta primera mitad del a\u00f1o 1969, mientras que Julio De la Puerta y Jos\u00e9 Le\u00f3n presidieron el club.<\/p>\n<p>En la segunda mitad del a\u00f1o Jos\u00e9 N\u00fa\u00f1ez Naranjo accedi\u00f3 a la presidencia b\u00e9tica, mientras que Miguel Gonz\u00e1lez y Antonio Barrios ocuparon el banquillo verdiblanco.&nbsp;<\/p>\n<p>El a\u00f1o se cerraba con el equipo en cuarta posici\u00f3n, con el equipo a 1 punto de las posiciones de ascenso y con buenas perspectivas, ya que Barrios cogi\u00f3 al equipo en s\u00e9ptima posici\u00f3n en noviembre y hab\u00eda ido recortando las diferencias con el tr\u00edo que ocupaba las posiciones de ascenso a Primera Divisi\u00f3n, ocupadas por el Sporting, Espanyol y Rayo Vallecano.&nbsp; &nbsp;<\/p>","protected":false},"excerpt":{"rendered":"<p>Dibujo humor\u00edstico publicado en la Hoja del Lunes el 29 de diciembre de 1969. En \u00e9l se alud\u00eda al inminente fin del a\u00f1o 1969 y el comienzo del a\u00f1o 1970 desde la \u00f3ptica verdiblanca. El a\u00f1o 1969 no fue bueno para el Betis, que no consigui\u00f3 en la primera mitad del a\u00f1o el objetivo de&#8230;<\/p>\n","protected":false},"author":5,"featured_media":77968,"comment_status":"open","ping_status":"open","sticky":false,"template":"","format":"standard","meta":{"_kad_post_transparent":"","_kad_post_title":"","_kad_post_layout":"","_kad_post_sidebar_id":"","_kad_post_content_style":"","_kad_post_vertical_padding":"","_kad_post_feature":"","_kad_post_feature_position":"","_kad_post_header":false,"_kad_post_footer":false,"_kad_post_classname":"","_jetpack_memberships_contains_paid_content":false,"footnotes":"","jetpack_publicize_message":"","jetpack_publicize_feature_enabled":true,"jetpack_social_post_already_shared":true,"jetpack_social_options":{"image_generator_settings":{"template":"highway","default_image_id":0,"font":"","enabled":false},"version":2}},"categories":[902,1],"tags":[4201,4844],"class_list":["post-77967","post","type-post","status-publish","format-standard","has-post-thumbnail","hentry","category-1960-1969","category-portada","tag-4201","tag-1969-70"],"jetpack_publicize_connections":[],"jetpack_featured_media_url":"https:\/\/i0.wp.com\/www.manquepierda.com\/historiarealbetis\/files\/2021\/01\/Relevo-anos-1969-1970-HDL-29-12-1969.jpg?fit=357%2C512&ssl=1","jetpack_sharing_enabled":true,"jetpack_shortlink":"https:\/\/wp.me\/p1ij08-khx","jetpack-related-posts":[],"_links":{"self":[{"href":"https:\/\/www.manquepierda.com\/historiarealbetis\/wp-json\/wp\/v2\/posts\/77967","targetHints":{"allow":["GET"]}}],"collection":[{"href":"https:\/\/www.manquepierda.com\/historiarealbetis\/wp-json\/wp\/v2\/posts"}],"about":[{"href":"https:\/\/www.manquepierda.com\/historiarealbetis\/wp-json\/wp\/v2\/types\/post"}],"author":[{"embeddable":true,"href":"https:\/\/www.manquepierda.com\/historiarealbetis\/wp-json\/wp\/v2\/users\/5"}],"replies":[{"embeddable":true,"href":"https:\/\/www.manquepierda.com\/historiarealbetis\/wp-json\/wp\/v2\/comments?post=77967"}],"version-history":[{"count":0,"href":"https:\/\/www.manquepierda.com\/historiarealbetis\/wp-json\/wp\/v2\/posts\/77967\/revisions"}],"wp:featuredmedia":[{"embeddable":true,"href":"https:\/\/www.manquepierda.com\/historiarealbetis\/wp-json\/wp\/v2\/media\/77968"}],"wp:attachment":[{"href":"https:\/\/www.manquepierda.com\/historiarealbetis\/wp-json\/wp\/v2\/media?parent=77967"}],"wp:term":[{"taxonomy":"category","embeddable":true,"href":"https:\/\/www.manquepierda.com\/historiarealbetis\/wp-json\/wp\/v2\/categories?post=77967"},{"taxonomy":"post_tag","embeddable":true,"href":"https:\/\/www.manquepierda.com\/historiarealbetis\/wp-json\/wp\/v2\/tags?post=77967"}],"curies":[{"name":"wp","href":"https:\/\/api.w.org\/{rel}","templated":true}]}}