{"id":78028,"date":"2021-01-18T09:11:00","date_gmt":"2021-01-18T08:11:00","guid":{"rendered":"http:\/\/www.manquepierda.com\/historiarealbetis\/?p=78028"},"modified":"2021-01-16T21:23:05","modified_gmt":"2021-01-16T20:23:05","slug":"entrevista-juan-mauduit-1980","status":"publish","type":"post","link":"https:\/\/www.manquepierda.com\/historiarealbetis\/entrevista-juan-mauduit-1980\/","title":{"rendered":"Entrevista Juan Mauduit. 1980"},"content":{"rendered":"\n<div class=\"wp-block-image\"><figure class=\"aligncenter size-large is-resized\"><img data-recalc-dims=\"1\" loading=\"lazy\" decoding=\"async\" src=\"https:\/\/i0.wp.com\/www.manquepierda.com\/historiarealbetis\/files\/2021\/01\/Entrevista-Juan-Manuel-Mauduit-1980-HDL-9-6-1980.jpg?resize=519%2C839&#038;ssl=1\" alt=\"\" class=\"wp-image-78029\" width=\"519\" height=\"839\" srcset=\"https:\/\/i0.wp.com\/www.manquepierda.com\/historiarealbetis\/files\/2021\/01\/Entrevista-Juan-Manuel-Mauduit-1980-HDL-9-6-1980.jpg?w=355&amp;ssl=1 355w, https:\/\/i0.wp.com\/www.manquepierda.com\/historiarealbetis\/files\/2021\/01\/Entrevista-Juan-Manuel-Mauduit-1980-HDL-9-6-1980.jpg?resize=136%2C220&amp;ssl=1 136w\" sizes=\"auto, (max-width: 519px) 100vw, 519px\" \/><\/figure><\/div>\n\n\n<p>El 9 de junio de 1980 en el Colegio Claret se celebr\u00f3 la asamblea anual de socios del Real Betis Balompi\u00e9. A ella se llegaba tras una temporada que, en lo deportivo empez\u00f3 muy mal, pero que en la segunda vuelta de la competici\u00f3n liguera se enderez\u00f3 de forma brillante y que pudo rematarse en el torneo copero si hubiera acompa\u00f1ado un poco la suerte y las decisiones arbitrales.<\/p>\n<p>Como previa a esa comparecencia de la junta directiva presidida por Juan Mauduit ese mismo d\u00eda en las p\u00e1ginas de la Hoja del Lunes era entrevistado el presidente verdiblanco por el periodista Santiago S\u00e1nchez Traver, en una interesante conversaci\u00f3n en la que se analizaban lo errores cometidos, la continuidad en el banquillo de un Le\u00f3n Lasa en quien no se confiaba o el fichaje estrella de la temporada como fue el portugu\u00e9s Antonio Oliveira. Muchos otros temas se tratan en la entrevista, antesala de una asamblea en la que la gesti\u00f3n presentada fue aprobada por los socios verdiblancos.<\/p>\n<p><span style=\"color: #008000\"><em>Tras la voladura de la tribuna del campo b\u00e9tico a la que asisti\u00f3 tocado con democr\u00e1tico casco de alba\u00f1il, el presidente b\u00e9tico se concentr\u00f3, como los buenos deportistas, hasta el lunes en la sierra para preparar, a su modo, la asamblea ordinaria del club. La primera prueba de fuego de su mandato.<\/em><\/span><\/p>\n<p><span style=\"color: #008000\"><em>Hasta all\u00ed fue la Hoja del Lunes para conocer de cerca lo que piensa Juan Mauduit en la v\u00edspera de esta asamblea que se anuncia movida. La ocasi\u00f3n era \u00fanica para hacer balance de lo que pas\u00f3 y tratar de saber algo de lo que se pretende para el Betis del futuro. Siempre amable, Juan Mauduit no rehuy\u00f3 el di\u00e1logo sino que se prest\u00f3 gustoso a realizar este avant-match para nuestros lectores, que de esta forma pueden tener una idea de lo que puede defender el presidente de los verdiblancos esta noche.<\/em><\/span><\/p>\n<ul>\n<li><span style=\"color: #008000\"><em>Un a\u00f1o en el sill\u00f3n presidente\u2026<\/em><\/span><\/li>\n<li><span style=\"color: #008000\"><em>La verdad es que no es f\u00e1cil porque me quita mucho tiempo. Me da muchas compensaciones porque siente y quiero los colores del club desde muy ni\u00f1o y as\u00ed lo vivo intensamente. Soy el \u00fanico presidente que est\u00e1 en la secretar\u00eda a las ocho y media de la ma\u00f1ana, pero no tengo m\u00e1s remedio<\/em><\/span><\/li>\n<\/ul>\n<p><span style=\"color: #008000\"><em>Su mujer, Trinidad Mor\u00f3n, se acerca por un momento y no puede evitar decir que el tiempo se lo roba a la familia. A lo que el presidente, \u00bfcu\u00e1ndo no?, sonr\u00ede.<\/em><\/span><\/p>\n<ul>\n<li><span style=\"color: #008000\"><em>Un balance de este a\u00f1o\u2026<\/em><\/span><\/li>\n<li><span style=\"color: #008000\"><em>Creo que es positivo, aunque reconozco que estoy todav\u00eda en rodaje o calentando motores, en el sentido deportivo y en el econ\u00f3mico<\/em><\/span><\/li>\n<li><span style=\"color: #008000\"><em>Hablando entonces de esto \u00faltimo, \u00bfc\u00f3mo andan las cuentas?<\/em><\/span><\/li>\n<li><span style=\"color: #008000\"><em>La salud econ\u00f3mica del Betis es de mediana para arriba. Yo dir\u00eda que buena. El d\u00e9ficit de la temporada es de algo m\u00e1s de once millones y hubi\u00e9ramos tenido super\u00e1vit si hubi\u00e9semos hecho alg\u00fan traspaso o simplemente llegando a las semifinales de la Copa. Tenemos, como todo el mundo, un problema de liquidez pero la econom\u00eda es buena. Y no es conveniente resolver este peque\u00f1o d\u00e9ficit con medidas dr\u00e1sticas como pueden ser traspasos. Y si nos comparamos con los dem\u00e1s clubes de primera que deben cientos de millones\u2026<\/em><\/span><\/li>\n<li><span style=\"color: #008000\"><em>Dejemos la econom\u00eda y vayamos a lo que est\u00e1 en la calle: los errores\u2026<\/em><\/span><\/li>\n<li><span style=\"color: #008000\"><em>Lo bueno de los errores es la experiencia que se toma de ellos y las r\u00e1pidas medidas de rectificaci\u00f3n que no se dudaron en tomar. Pero creo que se nos debe juzgar por el resultado global.<\/em><\/span><\/li>\n<li><span style=\"color: #008000\"><em>Particularicemos los errores: Lasa y Carriega\u2026<\/em><\/span><\/li>\n<li><span style=\"color: #008000\"><em>En el tema entrenador acepto la responsabilidad absoluta. Siendo Lasa un hombre de indudable val\u00eda, yo entend\u00eda que no deb\u00eda ocuparse de la primera plantilla, sin que esto signifique nada en orden a su demostrada capacidad para otras labores de igual nivel. Me dej\u00e9 llevar por una presi\u00f3n ambiental, por la opini\u00f3n de peso espec\u00edfico de los otros candidatos en la campa\u00f1a y por el deseo del propio interesado. Creo que me equivoqu\u00e9 y luego rectifiqu\u00e9 muy deprisa. En cuanto a Carriega, desde antes yo hab\u00eda pensado que era la persona m\u00e1s en consonancia con el estilo y las formas del club. Esta elecci\u00f3n mereci\u00f3 opiniones muy plurales al principio pero creo que ahora no hay m\u00e1s que una opini\u00f3n coincidente: es un gran profesional.<\/em><\/span><\/li>\n<\/ul>\n<p><span style=\"color: #008000\"><em>Estamos a la sombra de uno de los cuidados \u00e1rboles de su Zurroquetev\u00ed, el descanso semanal y veraniego de los Mauduit. Y no parece que de momento a otro pueda producirse la noticia que todas esperan: un fichaje. Se lo comento y sonr\u00ede nuevamente.<\/em><\/span><\/p>\n<ul>\n<li><span style=\"color: #008000\"><em>Segundo fallo: Oliveira<\/em><\/span><\/li>\n<li><span style=\"color: #008000\"><em>Oliveira era y sigue siendo uno de los mejores jugadores de Europa. Pero en el Betis no se acopl\u00f3, llegando a un tal estado de depresi\u00f3n nerviosa que oblig\u00f3 a rescindir su contrato pese que puedo traspasarse al Vasco de Gama, pero no lleg\u00f3 a concretarse por la situaci\u00f3n ps\u00edquica del jugador. El perjuicio econ\u00f3mico que le puedo producir al Betis esta operaci\u00f3n qued\u00f3 compensado con creces, sin que fuera este mi prop\u00f3sito, con el boom que supuso su presentaci\u00f3n y el alza de abonados en cantidades superiores a todas las previstas<\/em><\/span><\/li>\n<li><span style=\"color: #008000\"><em>Ciertamente la mayor cantidad de su historia, pero \u00bfcu\u00e1l es el l\u00edmite del Betis en este campo? \u00bfHay una meta en superar al otro club de la ciudad?<\/em><\/span><\/li>\n<li><span style=\"color: #008000\"><em>No tenemos nada que fijarnos respecto al otro club. Llegamos a veintid\u00f3s mil quinientos, pero no tenemos m\u00e1s l\u00edmites que los que nos fije la capacidad del campo. Lo importante sin embargo son los sesenta y cinco millones m\u00e1s de lo previsto que hemos recaudado, siendo este un a\u00f1o de crisis y dificultades, como realizaci\u00f3n de importantes obras, problemas de orden fiscal con revisi\u00f3n de cinco a\u00f1os atr\u00e1s, problemas derivados de la Seguridad Social, y un sinf\u00edn de reivindicaciones que estimo justas y que toca canalizar en mi mandato. Creo que la \u00e9poca que me ha tocado, y lo digo con humildad, es la m\u00e1s dif\u00edcil del club, quitando el a\u00f1o 36.<\/em><\/span><\/li>\n<li><span style=\"color: #008000\"><em>Pero bajemos a lo que van a preguntar en la asamblea. \u00bfCu\u00e1nto costaron los errores de Lasa, Oliveira\u2026?<\/em><\/span><\/li>\n<li><span style=\"color: #008000\"><em>Depende de la \u00f3ptica con que se mire. Lo de Lasa est\u00e1 claro y es hasta la \u00faltima peseta del contrato. Lo de Oliveira desde una perspectiva de puede hablar de veinte millones y desde otra, teniendo en cuenta lo que tuvo que ver su fichaje con esos sesenta y cinco millones de m\u00e1s, no se puede hablar de esa cantidad. De todas formas, su fichaje no fue impremeditado y se hizo por consejo de los t\u00e9cnicos y previa junta consultiva, sin que con esto pretenda eludir ninguna responsabilidad<\/em><\/span><\/li>\n<\/ul>\n<p><span style=\"color: #008000\"><em>A ratos viene juguet\u00f3n su perro, \u201cBolo\u201d, mientras Mauduit bajo el calor que apenas hace soportable el aire de la sierra, se pide una cerveza sin alcohol. Y sin que sirva de precedente porque me asegura que no bebe absolutamente nada.<\/em><\/span><\/p>\n<ul>\n<li><span style=\"color: #008000\"><em>Pelayo, Richard, Vital, Gerardo, Francis, los otros fichajes\u2026<\/em><\/span><\/li>\n<li><span style=\"color: #008000\"><em>Pelayo y Richard no han sido costosos y pueden ser \u00fatiles o traspasables en condiciones econ\u00f3micas superiores. En cuanto a Vital se hizo para aprovechar la posibilidad de reducir la descubierta que supon\u00eda la operaci\u00f3n de Oliveira. Es un buen jugador, pero ocupa plaza de extranjero que s\u00f3lo debe estar cubierta por aut\u00e9nticas estrellas, y obraremos en consecuencia. Gerardo ha tenido lesiones, pero ha hecho buenos partidos, como Francis, y pienso que ambos van a m\u00e1s y espero mucho de ellos por su edad y por su calidad.<\/em><\/span><\/li>\n<li><span style=\"color: #008000\"><em>Otro problema de la calle: el rejuvenecimiento de la plantilla y la preocupaci\u00f3n por la cantera\u2026<\/em><\/span><\/li>\n<li><span style=\"color: #008000\"><em>No es todo rejuvenecer. Las f\u00f3rmulas intermedias son las mejores. No olvidemos que un equipo es una combinaci\u00f3n inteligente de estilos y edades.<\/em><\/span><\/li>\n<li><span style=\"color: #008000\"><em>Otro tema que sigue ah\u00ed: el traspaso de Gordillo\u2026<\/em><\/span><\/li>\n<li><span style=\"color: #008000\"><em>El traspaso de Gordillo o el de otro jugador estrella del Betis no es conveniente realizarlo. Y conste que por Gordillo tanto Madrid como Barcelona dan cien millones y jugadores, por Mor\u00e1n\u2014que cost\u00f3 34, nos dan 60, por Francis 20\u2026Pero hay que tener en cuenta no s\u00f3lo los intereses del club sino la ilusi\u00f3n de la afici\u00f3n. Aunque existen situaciones en que pueda ser aconsejable el traspaso, en inter\u00e9s de la sociedad, del jugador o de la afici\u00f3n. Pero este no es el caso del Betis, de momento\u2026<\/em><\/span><\/li>\n<\/ul>\n<p><span style=\"color: #008000\"><em>Y deja muy en suspenso la frase, como guard\u00e1ndose del futuro. Me dice que los s\u00e1bados como poco porque por la noche juega un buen partido de tenis, ya que quiere estar en forma, \u00e9l que fue buen atleta y deportista.<\/em><\/span><\/p>\n<ul>\n<li><span style=\"color: #008000\"><em>Juan Mauduit es el hombre de los fichajes-bomba. Y se dice que habr\u00e1 bomba antes de la asamblea. Le hablo de Diarte como posible bomba y se sonr\u00ede sin negar nada. \u00bfHabr\u00e1 bomba, Mauduit, esta vez?<\/em><\/span><\/li>\n<li><span style=\"color: #008000\"><em>Es prematuro decir si habr\u00e1 bomba antes de la asamblea, aunque admito que puede haber algo concreto, aunque no es f\u00e1cil. Traeremos un delantero, ya se ha hablado de gestiones con Diarte, Van den Bergh, etc. Probablemente traeremos un medio\u2014se r\u00ede cuando cito a David y a Ram\u00f3n\u2014y ya veremos. La verdad es que valores contrastados no podemos fichar m\u00e1s que a dos. Se pueden hacer fichajes de descubrimiento, pero es m\u00e1s dif\u00edcil acertar.<\/em><\/span><\/li>\n<li><span style=\"color: #008000\"><em>\u00bfLe teme a la oposici\u00f3n Mauduit? \u00bfExiste la oposici\u00f3n?<\/em><\/span><\/li>\n<li><span style=\"color: #008000\"><em>No le temo aunque soy consciente de la responsabilidad que acept\u00e9 con la presidencia frente a la afici\u00f3n, frente a los que me eligieron y frente a los que no me votaron que con su postura me hicieron redoblar los esfuerzos en inter\u00e9s del club. Entiendo que hay oposici\u00f3n y me refiero a la constructiva y no a la que pudiera haber por protagonismo y hu\u00e9rfana de argumentos serios<\/em><\/span><\/li>\n<li><span style=\"color: #008000\"><em>\u00bfC\u00f3mo va ese t\u00e1ndem, esa simbiosis que pudo parecer extra\u00f1a con Pepe Le\u00f3n?<\/em><\/span><\/li>\n<li><span style=\"color: #008000\"><em>Eleg\u00ed a Pepe Le\u00f3n desde el primer momento y como todos tiene defectos y virtudes, pero entre \u00e9stas est\u00e1n algunas de especial relevancia: su incondicionalidad, su beticismo, su capacidad de trabajo y su valor demostrado no ahora que ser\u00eda f\u00e1cil, sino cuando est\u00e1bamos en situaciones muy adversas.<\/em><\/span><\/li>\n<li><span style=\"color: #008000\"><em>Finalmente, \u00bfhabr\u00e1 remodelaci\u00f3n en la Junta?<\/em><\/span><\/li>\n<li><span style=\"color: #008000\"><em>No pienso hacer una revoluci\u00f3n sino un cambio de funciones y nombramientos. En ese sentido habr\u00e1 remodelaci\u00f3n y se cubrir\u00e1 la baja que se produjo por razones profesionales de un miembro de la directiva.<\/em><\/span><\/li>\n<li><span style=\"color: #008000\"><em>Pues, suerte y al toro, que es la asamblea.<\/em><\/span><\/li>\n<\/ul>","protected":false},"excerpt":{"rendered":"<p>El 9 de junio de 1980 en el Colegio Claret se celebr\u00f3 la asamblea anual de socios del Real Betis Balompi\u00e9. A ella se llegaba tras una temporada que, en lo deportivo empez\u00f3 muy mal, pero que en la segunda vuelta de la competici\u00f3n liguera se enderez\u00f3 de forma brillante y que pudo rematarse en&#8230;<\/p>\n","protected":false},"author":5,"featured_media":78029,"comment_status":"open","ping_status":"open","sticky":false,"template":"","format":"standard","meta":{"_kad_post_transparent":"","_kad_post_title":"","_kad_post_layout":"","_kad_post_sidebar_id":"","_kad_post_content_style":"","_kad_post_vertical_padding":"","_kad_post_feature":"","_kad_post_feature_position":"","_kad_post_header":false,"_kad_post_footer":false,"_kad_post_classname":"","_jetpack_memberships_contains_paid_content":false,"footnotes":"","jetpack_publicize_message":"","jetpack_publicize_feature_enabled":true,"jetpack_social_post_already_shared":true,"jetpack_social_options":{"image_generator_settings":{"template":"highway","default_image_id":0,"font":"","enabled":false},"version":2}},"categories":[904,891,1],"tags":[2641,1093,3579,17012],"class_list":["post-78028","post","type-post","status-publish","format-standard","has-post-thumbnail","hentry","category-1980-1989","category-directivos-temas","category-portada","tag-1979-80","tag-1093","tag-juan-manuel-mauduit","tag-santiago-sanchez-traver"],"jetpack_publicize_connections":[],"jetpack_featured_media_url":"https:\/\/i0.wp.com\/www.manquepierda.com\/historiarealbetis\/files\/2021\/01\/Entrevista-Juan-Manuel-Mauduit-1980-HDL-9-6-1980.jpg?fit=355%2C574&ssl=1","jetpack_sharing_enabled":true,"jetpack_shortlink":"https:\/\/wp.me\/p1ij08-kiw","jetpack-related-posts":[],"_links":{"self":[{"href":"https:\/\/www.manquepierda.com\/historiarealbetis\/wp-json\/wp\/v2\/posts\/78028","targetHints":{"allow":["GET"]}}],"collection":[{"href":"https:\/\/www.manquepierda.com\/historiarealbetis\/wp-json\/wp\/v2\/posts"}],"about":[{"href":"https:\/\/www.manquepierda.com\/historiarealbetis\/wp-json\/wp\/v2\/types\/post"}],"author":[{"embeddable":true,"href":"https:\/\/www.manquepierda.com\/historiarealbetis\/wp-json\/wp\/v2\/users\/5"}],"replies":[{"embeddable":true,"href":"https:\/\/www.manquepierda.com\/historiarealbetis\/wp-json\/wp\/v2\/comments?post=78028"}],"version-history":[{"count":0,"href":"https:\/\/www.manquepierda.com\/historiarealbetis\/wp-json\/wp\/v2\/posts\/78028\/revisions"}],"wp:featuredmedia":[{"embeddable":true,"href":"https:\/\/www.manquepierda.com\/historiarealbetis\/wp-json\/wp\/v2\/media\/78029"}],"wp:attachment":[{"href":"https:\/\/www.manquepierda.com\/historiarealbetis\/wp-json\/wp\/v2\/media?parent=78028"}],"wp:term":[{"taxonomy":"category","embeddable":true,"href":"https:\/\/www.manquepierda.com\/historiarealbetis\/wp-json\/wp\/v2\/categories?post=78028"},{"taxonomy":"post_tag","embeddable":true,"href":"https:\/\/www.manquepierda.com\/historiarealbetis\/wp-json\/wp\/v2\/tags?post=78028"}],"curies":[{"name":"wp","href":"https:\/\/api.w.org\/{rel}","templated":true}]}}