{"id":78153,"date":"2026-02-04T12:00:00","date_gmt":"2026-02-04T11:00:00","guid":{"rendered":"http:\/\/www.manquepierda.com\/historiarealbetis\/?p=78153"},"modified":"2026-01-18T20:23:50","modified_gmt":"2026-01-18T19:23:50","slug":"hoy-hace-25-anos-real-madrid-4-betis-2","status":"publish","type":"post","link":"https:\/\/www.manquepierda.com\/historiarealbetis\/hoy-hace-25-anos-real-madrid-4-betis-2\/","title":{"rendered":"Hoy hace 30 a\u00f1os. Real Madrid 4 Betis 2."},"content":{"rendered":"\n<div class=\"wp-block-image\"><figure class=\"aligncenter size-large\"><img data-recalc-dims=\"1\" loading=\"lazy\" decoding=\"async\" width=\"873\" height=\"415\" src=\"https:\/\/i0.wp.com\/www.manquepierda.com\/historiarealbetis\/files\/2021\/01\/4-1996-Real-Madrid-4-Betis-2.jpg?resize=873%2C415&#038;ssl=1\" alt=\"\" class=\"wp-image-78154\" srcset=\"https:\/\/i0.wp.com\/www.manquepierda.com\/historiarealbetis\/files\/2021\/01\/4-1996-Real-Madrid-4-Betis-2.jpg?w=873&amp;ssl=1 873w, https:\/\/i0.wp.com\/www.manquepierda.com\/historiarealbetis\/files\/2021\/01\/4-1996-Real-Madrid-4-Betis-2.jpg?resize=680%2C323&amp;ssl=1 680w, https:\/\/i0.wp.com\/www.manquepierda.com\/historiarealbetis\/files\/2021\/01\/4-1996-Real-Madrid-4-Betis-2.jpg?resize=220%2C105&amp;ssl=1 220w, https:\/\/i0.wp.com\/www.manquepierda.com\/historiarealbetis\/files\/2021\/01\/4-1996-Real-Madrid-4-Betis-2.jpg?resize=768%2C365&amp;ssl=1 768w\" sizes=\"auto, (max-width: 873px) 100vw, 873px\" \/><\/figure><\/div>\n\n\n<p><span style=\"color: #008000\">El 4 de febrero de 1996 el Real Madrid derrota 4-2 al Betis en el Bernab\u00e9u en partido de la jornada 25 del Campeonato de Liga de Primera Divisi\u00f3n.<\/span><\/p>\n<p><span style=\"color: #008000\">Sanchis en el minuto 7 adelant\u00f3 al equipo local, pero el Betis remont\u00f3 con tantos de Stosic en el 28 y Alfonso en el 33. Ra\u00fal en el 40, Y Zamorano en el 51 y en el 80 dieron la victoria al conjunto local.<\/span><\/p>\n<p><span style=\"color: #008000\">El Real Madrid, dirigido por Arsenio Iglesias, aline\u00f3 a Buyo; Chendo, Sanch\u00eds, Alkorta, Quique; Hierro, Redondo, Lasa; Ra\u00fal, Laudrup (83, M\u00edchel) y Zamorano (89, Esn\u00e1ider).<\/span><\/p>\n<p><span style=\"color: #008000\">El Betis, entrenado por Lorenzo Serra, form\u00f3 con Jaro; Jaime, Vidakovic, R\u00edos (61, Ol\u00edas), Josete (78, Pier); Ca\u00f1as, Alexis (77, Sabas), Merino, Stosic; Jarni y Alfonso.<\/span><\/p>","protected":false},"excerpt":{"rendered":"<p>El 4 de febrero de 1996 el Real Madrid derrota 4-2 al Betis en el Bernab\u00e9u en partido de la jornada 25 del Campeonato de Liga de Primera Divisi\u00f3n. Sanchis en el minuto 7 adelant\u00f3 al equipo local, pero el Betis remont\u00f3 con tantos de Stosic en el 28 y Alfonso en el 33. Ra\u00fal&#8230;<\/p>\n","protected":false},"author":5,"featured_media":78154,"comment_status":"open","ping_status":"open","sticky":false,"template":"","format":"standard","meta":{"_kad_post_transparent":"","_kad_post_title":"","_kad_post_layout":"","_kad_post_sidebar_id":"","_kad_post_content_style":"","_kad_post_vertical_padding":"","_kad_post_feature":"","_kad_post_feature_position":"","_kad_post_header":false,"_kad_post_footer":false,"_kad_post_classname":"","_jetpack_memberships_contains_paid_content":false,"footnotes":"","jetpack_publicize_message":"","jetpack_publicize_feature_enabled":true,"jetpack_social_post_already_shared":true,"jetpack_social_options":{"image_generator_settings":{"template":"highway","default_image_id":0,"font":"","enabled":false},"version":2}},"categories":[905,14583,1],"tags":[3291,17879,13362],"class_list":["post-78153","post","type-post","status-publish","format-standard","has-post-thumbnail","hentry","category-1990-1999","category-efemerides","category-portada","tag-3291","tag-liga-primera-1995-96","tag-real-madrid-cf"],"jetpack_publicize_connections":[],"jetpack_featured_media_url":"https:\/\/i0.wp.com\/www.manquepierda.com\/historiarealbetis\/files\/2021\/01\/4-1996-Real-Madrid-4-Betis-2.jpg?fit=873%2C415&ssl=1","jetpack_sharing_enabled":true,"jetpack_shortlink":"https:\/\/wp.me\/p1ij08-kkx","jetpack-related-posts":[],"_links":{"self":[{"href":"https:\/\/www.manquepierda.com\/historiarealbetis\/wp-json\/wp\/v2\/posts\/78153","targetHints":{"allow":["GET"]}}],"collection":[{"href":"https:\/\/www.manquepierda.com\/historiarealbetis\/wp-json\/wp\/v2\/posts"}],"about":[{"href":"https:\/\/www.manquepierda.com\/historiarealbetis\/wp-json\/wp\/v2\/types\/post"}],"author":[{"embeddable":true,"href":"https:\/\/www.manquepierda.com\/historiarealbetis\/wp-json\/wp\/v2\/users\/5"}],"replies":[{"embeddable":true,"href":"https:\/\/www.manquepierda.com\/historiarealbetis\/wp-json\/wp\/v2\/comments?post=78153"}],"version-history":[{"count":2,"href":"https:\/\/www.manquepierda.com\/historiarealbetis\/wp-json\/wp\/v2\/posts\/78153\/revisions"}],"predecessor-version":[{"id":106521,"href":"https:\/\/www.manquepierda.com\/historiarealbetis\/wp-json\/wp\/v2\/posts\/78153\/revisions\/106521"}],"wp:featuredmedia":[{"embeddable":true,"href":"https:\/\/www.manquepierda.com\/historiarealbetis\/wp-json\/wp\/v2\/media\/78154"}],"wp:attachment":[{"href":"https:\/\/www.manquepierda.com\/historiarealbetis\/wp-json\/wp\/v2\/media?parent=78153"}],"wp:term":[{"taxonomy":"category","embeddable":true,"href":"https:\/\/www.manquepierda.com\/historiarealbetis\/wp-json\/wp\/v2\/categories?post=78153"},{"taxonomy":"post_tag","embeddable":true,"href":"https:\/\/www.manquepierda.com\/historiarealbetis\/wp-json\/wp\/v2\/tags?post=78153"}],"curies":[{"name":"wp","href":"https:\/\/api.w.org\/{rel}","templated":true}]}}