{"id":78184,"date":"2021-01-31T09:49:00","date_gmt":"2021-01-31T08:49:00","guid":{"rendered":"http:\/\/www.manquepierda.com\/historiarealbetis\/?p=78184"},"modified":"2024-09-08T18:01:52","modified_gmt":"2024-09-08T16:01:52","slug":"recuerdo-para-seve-goiburu-de-manuel-sarmiento","status":"publish","type":"post","link":"https:\/\/www.manquepierda.com\/historiarealbetis\/recuerdo-para-seve-goiburu-de-manuel-sarmiento\/","title":{"rendered":"Recuerdo para Seve Goiburu, de Manuel Sarmiento."},"content":{"rendered":"<div class=\"wp-block-image\">\n<figure class=\"aligncenter size-large is-resized\"><img data-recalc-dims=\"1\" loading=\"lazy\" decoding=\"async\" src=\"https:\/\/i0.wp.com\/www.manquepierda.com\/historiarealbetis\/files\/2021\/01\/Severiano-Goiburu.jpg?resize=375%2C520&#038;ssl=1\" alt=\"\" class=\"wp-image-78185\" width=\"375\" height=\"520\" srcset=\"https:\/\/i0.wp.com\/www.manquepierda.com\/historiarealbetis\/files\/2021\/01\/Severiano-Goiburu.jpg?w=289&amp;ssl=1 289w, https:\/\/i0.wp.com\/www.manquepierda.com\/historiarealbetis\/files\/2021\/01\/Severiano-Goiburu.jpg?resize=159%2C220&amp;ssl=1 159w\" sizes=\"auto, (max-width: 375px) 100vw, 375px\" \/><\/figure>\n<\/div>\n\n<p>El 31 de julio de 1982 fallec\u00eda Severiano Goiburu, uno de los grandes componentes del f\u00fatbol espa\u00f1ol anterior a la guerra civil. Jugador de Osasuna, Barcelona y Valencia y destacado integrante de la selecci\u00f3n espa\u00f1ola de su \u00e9poca, y que tras su retirada se dedic\u00f3 a la pelota vasca, llegando a ser campe\u00f3n de Espa\u00f1a en la modalidad de pala en 1945.<\/p>\n<p>Este es el art\u00edculo que en las p\u00e1ginas de AS le dedic\u00f3 el periodista Manuel Sarmiento, triste y apenado porque el d\u00eda anterior hab\u00eda fallecido otro de los grandes futbolistas de esa generaci\u00f3n, el irun\u00e9s Patxi Gamborena.&nbsp;&nbsp;<\/p>\n\n\n<p><em>Ha sido un fin de semana doloroso para el f\u00fatbol espa\u00f1ol. Y, por supuesto, para m\u00ed. El viernes por la ma\u00f1ana me llamaron desde Ir\u00fan para decirme lo de Gamborena. Ayer le dediqu\u00e9 una plana. Ese mismo d\u00eda, por la tarde, Barber me comunicaba desde Pamplona el \u00f3bito de Severiano Goiburu. No supe qu\u00e9 decir. Daba la impresi\u00f3n de que dos glorias de tanta magnitud se hab\u00edan puesto de acuerdo para decir adi\u00f3s a la tierra que les vio nacer y a la que tanto quisieron. Ha sido un fin de semana de tristeza. Uno comienza a sentirse desfallecer al ver c\u00f3mo dejan la vida hombres que hicieron grande nuestro f\u00fatbol. Ese f\u00fatbol que ha llenado mi vida, que ellos hicieron famoso y grande y que unos cuantos ahora han dejado en puros cueros.<\/em><\/p>\n\n\n\n<p><em>Hace unos meses estuve en Pamplona, en Navarra, \u00a1Dios, qu\u00e9 tierra m\u00e1s hermosa y m\u00e1s noble\u00a1, y me pas\u00e9 un largo rato hablando con Seve Goiburu. Mi memoria le llev\u00f3 a una tarde de alegr\u00eda continuada. Se le iluminaron los ojos cuando le ped\u00ed que me contase el golazo que marc\u00f3 a los ingleses en Madrid y que supuso la victoria espa\u00f1ola (4-3) y la primera derrota de Inglaterra en su historia internacional. Y c\u00f3mo los espa\u00f1olitos de entonces, en plena isidrada, saltaron al campo para izar a hombros a Severiano. Tierra bendita esta nuestra, que demuestra lo mucho bueno que lleva dentro cuando surge una oportunidad. Y el gol de Goiburu fue de los que dejan recuerdo para siempre.<\/em><\/p>\n\n\n\n<p><em>Severiano Goiburu ha fallecido a los setenta y seis a\u00f1os. Hab\u00eda nacido en Pamplona, en 1906, y ha muerto en Javier, all\u00ed donde el esp\u00edritu reposa, donde el navarro cree y donde los cielos parecen m\u00e1s limpios. Seve no empez\u00f3 en Osasuna. Lo hizo en Madrid, en la Gimn\u00e1stica. Se encumbr\u00f3 con los pamplonicas y se consolid\u00f3 con el Barcelona. Acab\u00f3 en el Valencia, a cuyo club le llev\u00f3 aquel lince del f\u00fatbol que fue Jos\u00e9 Luis Colina. Jug\u00f3 doce partidos internacionales por Espa\u00f1a. Doce partidos de los de antes. Ahora la internacionalidad es poca cosa. As\u00ed, como suena. Lo digo con todas las consecuencias, porque he vivido estos Mundiales \u00faltimos, y uno, por mucho que quiera al f\u00fatbol, siempre llega al l\u00edmite. Yo, desgraciadamente, he llegado.<\/em><\/p>\n\n\n\n<p><em>Goiburu cuando se retir\u00f3 hizo de entrenador, pero lo mejor que realiz\u00f3 fue dedicarse a la pelota vasca. A\u00f1os y m\u00e1s a\u00f1os practic\u00f3 este deporte para acabar siendo un gran campe\u00f3n de Espa\u00f1a. Dio lecciones en toda nuestra tierra sobre la materia. Gij\u00f3n, Pamplona\u2026<\/em><\/p>\n\n\n\n<p><em>Goiburu fue un interior de cuerpo entero. Con un remate, con un disparo sensacional. Un jugador, como me dijo un d\u00eda Santiago Bernab\u00e9u, que \u201cte la hac\u00eda en cuanto de descuidabas, porque no avisaba para tirar al marco\u201d. Nuestro f\u00fatbol sabe de su gran aportaci\u00f3n, de su hombr\u00eda de bien.<\/em><\/p>\n\n\n\n<p><em>En Javier reposa eternamente Seve. En Pamplona su amigo Juli\u00e1n Vergara le echar\u00e1 de menos. Sus ense\u00f1anzas, su saber estar, se recordar\u00e1n siempre.<\/em><\/p>\n\n\n\n<p><em>Tengo prometido ir a Pamplona este a\u00f1o. Ir\u00e9 a un partido de f\u00fatbol y a ver, por supuesto, a mis amigos, los hermanos Glar\u00eda, Pello Ega\u00f1a, Zabalza, Zoco, Sabino; vamos, lo que se dice osasunismo puro. Pero tratar\u00e9 de ir hasta Javier para visitar la tumba de este Severiano Goiburu, que tanto hizo por el f\u00fatbol de Espa\u00f1a, que se ha muerto casi a la par que Gamborena y que se ha enquistado para siempre en su tierra madre.<\/em><\/p>\n\n\n\n<p><em>Hasta \u00e9l llegar\u00e1n los cantos de los peregrinos, la alegr\u00eda de los mozos navarros, mientras el viento que viene de la monta\u00f1a cercana limpiar\u00e1, a\u00fan m\u00e1s, el cielo de esa tierra noble que tuvo en Seve Goiburu a un leg\u00edtimo adalid del f\u00fatbol. Est\u00e1 visto que me voy quedando cada d\u00eda m\u00e1s solo. Descansa en paz, caballero Goiburu.&nbsp; <\/em>&nbsp;&nbsp;&nbsp;&nbsp;&nbsp;&nbsp;&nbsp;&nbsp;<\/p>\n","protected":false},"excerpt":{"rendered":"<p>El 31 de julio de 1982 fallec\u00eda Severiano Goiburu, uno de los grandes componentes del f\u00fatbol espa\u00f1ol anterior a la guerra civil. Jugador de Osasuna, Barcelona y Valencia y destacado integrante de la selecci\u00f3n espa\u00f1ola de su \u00e9poca, y que tras su retirada se dedic\u00f3 a la pelota vasca, llegando a ser campe\u00f3n de Espa\u00f1a&#8230;<\/p>\n","protected":false},"author":5,"featured_media":78185,"comment_status":"open","ping_status":"open","sticky":false,"template":"","format":"standard","meta":{"_kad_post_transparent":"","_kad_post_title":"","_kad_post_layout":"","_kad_post_sidebar_id":"","_kad_post_content_style":"","_kad_post_vertical_padding":"","_kad_post_feature":"","_kad_post_feature_position":"","_kad_post_header":false,"_kad_post_footer":false,"_kad_post_classname":"","_jetpack_memberships_contains_paid_content":false,"footnotes":"","jetpack_publicize_message":"","jetpack_publicize_feature_enabled":true,"jetpack_social_post_already_shared":true,"jetpack_social_options":{"image_generator_settings":{"template":"highway","default_image_id":0,"font":"","enabled":false},"version":2}},"categories":[1,1176],"tags":[9867,9835,17121],"class_list":["post-78184","post","type-post","status-publish","format-standard","has-post-thumbnail","hentry","category-portada","category-relatos-de-futbol","tag-club-atletico-osasuna","tag-manuel-sarmiento","tag-severiano-goiburu"],"jetpack_publicize_connections":[],"jetpack_featured_media_url":"https:\/\/i0.wp.com\/www.manquepierda.com\/historiarealbetis\/files\/2021\/01\/Severiano-Goiburu.jpg?fit=289%2C401&ssl=1","jetpack_sharing_enabled":true,"jetpack_shortlink":"https:\/\/wp.me\/p1ij08-kl2","jetpack-related-posts":[],"_links":{"self":[{"href":"https:\/\/www.manquepierda.com\/historiarealbetis\/wp-json\/wp\/v2\/posts\/78184","targetHints":{"allow":["GET"]}}],"collection":[{"href":"https:\/\/www.manquepierda.com\/historiarealbetis\/wp-json\/wp\/v2\/posts"}],"about":[{"href":"https:\/\/www.manquepierda.com\/historiarealbetis\/wp-json\/wp\/v2\/types\/post"}],"author":[{"embeddable":true,"href":"https:\/\/www.manquepierda.com\/historiarealbetis\/wp-json\/wp\/v2\/users\/5"}],"replies":[{"embeddable":true,"href":"https:\/\/www.manquepierda.com\/historiarealbetis\/wp-json\/wp\/v2\/comments?post=78184"}],"version-history":[{"count":1,"href":"https:\/\/www.manquepierda.com\/historiarealbetis\/wp-json\/wp\/v2\/posts\/78184\/revisions"}],"predecessor-version":[{"id":88885,"href":"https:\/\/www.manquepierda.com\/historiarealbetis\/wp-json\/wp\/v2\/posts\/78184\/revisions\/88885"}],"wp:featuredmedia":[{"embeddable":true,"href":"https:\/\/www.manquepierda.com\/historiarealbetis\/wp-json\/wp\/v2\/media\/78185"}],"wp:attachment":[{"href":"https:\/\/www.manquepierda.com\/historiarealbetis\/wp-json\/wp\/v2\/media?parent=78184"}],"wp:term":[{"taxonomy":"category","embeddable":true,"href":"https:\/\/www.manquepierda.com\/historiarealbetis\/wp-json\/wp\/v2\/categories?post=78184"},{"taxonomy":"post_tag","embeddable":true,"href":"https:\/\/www.manquepierda.com\/historiarealbetis\/wp-json\/wp\/v2\/tags?post=78184"}],"curies":[{"name":"wp","href":"https:\/\/api.w.org\/{rel}","templated":true}]}}