{"id":78207,"date":"2026-02-08T12:00:00","date_gmt":"2026-02-08T11:00:00","guid":{"rendered":"http:\/\/www.manquepierda.com\/historiarealbetis\/?p=78207"},"modified":"2026-01-18T20:28:32","modified_gmt":"2026-01-18T19:28:32","slug":"hoy-hace-40-anos-atletico-de-madrid-0-betis-4","status":"publish","type":"post","link":"https:\/\/www.manquepierda.com\/historiarealbetis\/hoy-hace-40-anos-atletico-de-madrid-0-betis-4\/","title":{"rendered":"Hoy hace 45 a\u00f1os. Atl\u00e9tico de Madrid 0 Betis 4."},"content":{"rendered":"\n<div class=\"wp-block-image\"><figure class=\"aligncenter size-large is-resized\"><img data-recalc-dims=\"1\" loading=\"lazy\" decoding=\"async\" src=\"https:\/\/i0.wp.com\/www.manquepierda.com\/historiarealbetis\/files\/2021\/02\/8-1981-Atl.-Madrid-0-Betis-4.jpg?resize=572%2C322&#038;ssl=1\" alt=\"\" class=\"wp-image-78208\" width=\"572\" height=\"322\" srcset=\"https:\/\/i0.wp.com\/www.manquepierda.com\/historiarealbetis\/files\/2021\/02\/8-1981-Atl.-Madrid-0-Betis-4.jpg?w=366&amp;ssl=1 366w, https:\/\/i0.wp.com\/www.manquepierda.com\/historiarealbetis\/files\/2021\/02\/8-1981-Atl.-Madrid-0-Betis-4.jpg?resize=220%2C124&amp;ssl=1 220w\" sizes=\"auto, (max-width: 572px) 100vw, 572px\" \/><\/figure><\/div>\n\n\n<p><span style=\"color: #008000\">El 8 de febrero de 1981 el Betis vence 0-4 en el Calder\u00f3n al Atl\u00e9tico de Madrid en partido de la jornada 23 del Campeonato de Liga de Primera Divisi\u00f3n.<\/span><\/p>\n<p><span style=\"color: #008000\">Mor\u00e1n en los minutos 31 y 66 y Diarte en el 71 y 82 certifican una contundente y espectacular victoria en el terreno del conjunto colchonero, que era el l\u00edder destacado de la clasificaci\u00f3n.<\/span><\/p>\n<p><span style=\"color: #008000\">El Atl\u00e9tico, dirigido por Jos\u00e9 Luis Garc\u00eda Traid, aline\u00f3 a Aguinaga; Sierra, Julio, Arteche, Julio Alberto; Ruiz (53, Leal), Quique, Dirceu; Villalba, Rub\u00e9n Cano y Rubio.<\/span><\/p>\n<p><span style=\"color: #008000\">El Betis, entrenado por Luis Carriega, form\u00f3 con Esnaola; Bizcocho, Alex, Francis, Gordillo (87, Gerardo); Parra, L\u00f3pez, Ortega, Carde\u00f1osa; Mor\u00e1n y Diarte (88, Segundo).<\/span><\/p>","protected":false},"excerpt":{"rendered":"<p>El 8 de febrero de 1981 el Betis vence 0-4 en el Calder\u00f3n al Atl\u00e9tico de Madrid en partido de la jornada 23 del Campeonato de Liga de Primera Divisi\u00f3n. Mor\u00e1n en los minutos 31 y 66 y Diarte en el 71 y 82 certifican una contundente y espectacular victoria en el terreno del conjunto&#8230;<\/p>\n","protected":false},"author":5,"featured_media":78208,"comment_status":"open","ping_status":"open","sticky":false,"template":"","format":"standard","meta":{"_kad_post_transparent":"","_kad_post_title":"","_kad_post_layout":"","_kad_post_sidebar_id":"","_kad_post_content_style":"","_kad_post_vertical_padding":"","_kad_post_feature":"","_kad_post_feature_position":"","_kad_post_header":false,"_kad_post_footer":false,"_kad_post_classname":"","_jetpack_memberships_contains_paid_content":false,"footnotes":"","jetpack_publicize_message":"","jetpack_publicize_feature_enabled":true,"jetpack_social_post_already_shared":true,"jetpack_social_options":{"image_generator_settings":{"template":"highway","default_image_id":0,"font":"","enabled":false},"version":2}},"categories":[904,14583,1],"tags":[1525,13849,17860],"class_list":["post-78207","post","type-post","status-publish","format-standard","has-post-thumbnail","hentry","category-1980-1989","category-efemerides","category-portada","tag-1525","tag-club-atletico-de-madrid","tag-liga-primera-1980-81"],"jetpack_publicize_connections":[],"jetpack_featured_media_url":"https:\/\/i0.wp.com\/www.manquepierda.com\/historiarealbetis\/files\/2021\/02\/8-1981-Atl.-Madrid-0-Betis-4.jpg?fit=366%2C206&ssl=1","jetpack_sharing_enabled":true,"jetpack_shortlink":"https:\/\/wp.me\/p1ij08-klp","jetpack-related-posts":[],"_links":{"self":[{"href":"https:\/\/www.manquepierda.com\/historiarealbetis\/wp-json\/wp\/v2\/posts\/78207","targetHints":{"allow":["GET"]}}],"collection":[{"href":"https:\/\/www.manquepierda.com\/historiarealbetis\/wp-json\/wp\/v2\/posts"}],"about":[{"href":"https:\/\/www.manquepierda.com\/historiarealbetis\/wp-json\/wp\/v2\/types\/post"}],"author":[{"embeddable":true,"href":"https:\/\/www.manquepierda.com\/historiarealbetis\/wp-json\/wp\/v2\/users\/5"}],"replies":[{"embeddable":true,"href":"https:\/\/www.manquepierda.com\/historiarealbetis\/wp-json\/wp\/v2\/comments?post=78207"}],"version-history":[{"count":2,"href":"https:\/\/www.manquepierda.com\/historiarealbetis\/wp-json\/wp\/v2\/posts\/78207\/revisions"}],"predecessor-version":[{"id":106525,"href":"https:\/\/www.manquepierda.com\/historiarealbetis\/wp-json\/wp\/v2\/posts\/78207\/revisions\/106525"}],"wp:featuredmedia":[{"embeddable":true,"href":"https:\/\/www.manquepierda.com\/historiarealbetis\/wp-json\/wp\/v2\/media\/78208"}],"wp:attachment":[{"href":"https:\/\/www.manquepierda.com\/historiarealbetis\/wp-json\/wp\/v2\/media?parent=78207"}],"wp:term":[{"taxonomy":"category","embeddable":true,"href":"https:\/\/www.manquepierda.com\/historiarealbetis\/wp-json\/wp\/v2\/categories?post=78207"},{"taxonomy":"post_tag","embeddable":true,"href":"https:\/\/www.manquepierda.com\/historiarealbetis\/wp-json\/wp\/v2\/tags?post=78207"}],"curies":[{"name":"wp","href":"https:\/\/api.w.org\/{rel}","templated":true}]}}