{"id":78347,"date":"2021-02-18T09:01:00","date_gmt":"2021-02-18T08:01:00","guid":{"rendered":"http:\/\/www.manquepierda.com\/historiarealbetis\/?p=78347"},"modified":"2024-10-18T18:28:17","modified_gmt":"2024-10-18T16:28:17","slug":"betis-getafe-liga-1979","status":"publish","type":"post","link":"https:\/\/www.manquepierda.com\/historiarealbetis\/betis-getafe-liga-1979\/","title":{"rendered":"Betis-Getafe Deportivo Liga 1979."},"content":{"rendered":"\n<div class=\"wp-block-image\"><figure class=\"aligncenter size-large\"><img data-recalc-dims=\"1\" loading=\"lazy\" decoding=\"async\" width=\"592\" height=\"301\" src=\"https:\/\/i0.wp.com\/www.manquepierda.com\/historiarealbetis\/files\/2021\/02\/Betis-Getafe-Liga-1979-Gol-de-Gordillo-HDL-26-3-1979.jpg?resize=592%2C301&#038;ssl=1\" alt=\"\" class=\"wp-image-78348\" srcset=\"https:\/\/i0.wp.com\/www.manquepierda.com\/historiarealbetis\/files\/2021\/02\/Betis-Getafe-Liga-1979-Gol-de-Gordillo-HDL-26-3-1979.jpg?w=592&amp;ssl=1 592w, https:\/\/i0.wp.com\/www.manquepierda.com\/historiarealbetis\/files\/2021\/02\/Betis-Getafe-Liga-1979-Gol-de-Gordillo-HDL-26-3-1979.jpg?resize=220%2C112&amp;ssl=1 220w\" sizes=\"auto, (max-width: 592px) 100vw, 592px\" \/><\/figure><\/div>\n\n\n<p>25 de marzo de 1979 en el Villamar\u00edn&nbsp; Betis&nbsp; 2&nbsp; Getafe 2; partido de la jornada 27 del Campeonato de Liga de Segunda Divisi\u00f3n.<\/p>\n<p>En la imagen Rafael Gordillo, con la camiseta n\u00famero 11, baja un bal\u00f3n que tras golpearlo significar\u00eda el 1-2, con el que el Betis en el minuto 43 iba a cortar distancias, tras los goles visitantes de Gal\u00e1n en el minuto 13 y Carmel\u00edn en el 15. Ser\u00eda luego Hugo Cabezas quien har\u00eda el definitivo 2 a 2 en el minuto 58.<\/p>\n<p>Un tropiezo b\u00e9tico en casa con el que se perder\u00eda el primer puesto de la clasificaci\u00f3n, y que ser\u00eda el inicio de una crisis del equipo verdiblanco que le llevar\u00eda a salir de los puestos de ascenso.<\/p>\n<p>Jos\u00e9 Luis Garc\u00eda Traid entrenaba al Betis y Manuel Polinario \u00abPoli\u00bb&nbsp; al Getafe Deportivo.&nbsp; &nbsp;<\/p>\n\n\n<p><\/p>\n","protected":false},"excerpt":{"rendered":"<p>25 de marzo de 1979 en el Villamar\u00edn&nbsp; Betis&nbsp; 2&nbsp; Getafe 2; partido de la jornada 27 del Campeonato de Liga de Segunda Divisi\u00f3n. En la imagen Rafael Gordillo, con la camiseta n\u00famero 11, baja un bal\u00f3n que tras golpearlo significar\u00eda el 1-2, con el que el Betis en el minuto 43 iba a cortar&#8230;<\/p>\n","protected":false},"author":5,"featured_media":78348,"comment_status":"open","ping_status":"open","sticky":false,"template":"","format":"standard","meta":{"_kad_post_transparent":"","_kad_post_title":"","_kad_post_layout":"","_kad_post_sidebar_id":"","_kad_post_content_style":"","_kad_post_vertical_padding":"","_kad_post_feature":"","_kad_post_feature_position":"","_kad_post_header":false,"_kad_post_footer":false,"_kad_post_classname":"","_jetpack_memberships_contains_paid_content":false,"footnotes":"","jetpack_publicize_message":"","jetpack_publicize_feature_enabled":true,"jetpack_social_post_already_shared":true,"jetpack_social_options":{"image_generator_settings":{"template":"highway","default_image_id":0,"font":"","enabled":false},"version":2}},"categories":[903,1],"tags":[2227,1033,3569,17798,1305],"class_list":["post-78347","post","type-post","status-publish","format-standard","has-post-thumbnail","hentry","category-1970-1979","category-portada","tag-1978-79","tag-1033","tag-club-getafe-deportivo","tag-liga-segunda-1978-79","tag-rafael-gordillo"],"jetpack_publicize_connections":[],"jetpack_featured_media_url":"https:\/\/i0.wp.com\/www.manquepierda.com\/historiarealbetis\/files\/2021\/02\/Betis-Getafe-Liga-1979-Gol-de-Gordillo-HDL-26-3-1979.jpg?fit=592%2C301&ssl=1","jetpack_sharing_enabled":true,"jetpack_shortlink":"https:\/\/wp.me\/p1ij08-knF","jetpack-related-posts":[],"_links":{"self":[{"href":"https:\/\/www.manquepierda.com\/historiarealbetis\/wp-json\/wp\/v2\/posts\/78347","targetHints":{"allow":["GET"]}}],"collection":[{"href":"https:\/\/www.manquepierda.com\/historiarealbetis\/wp-json\/wp\/v2\/posts"}],"about":[{"href":"https:\/\/www.manquepierda.com\/historiarealbetis\/wp-json\/wp\/v2\/types\/post"}],"author":[{"embeddable":true,"href":"https:\/\/www.manquepierda.com\/historiarealbetis\/wp-json\/wp\/v2\/users\/5"}],"replies":[{"embeddable":true,"href":"https:\/\/www.manquepierda.com\/historiarealbetis\/wp-json\/wp\/v2\/comments?post=78347"}],"version-history":[{"count":1,"href":"https:\/\/www.manquepierda.com\/historiarealbetis\/wp-json\/wp\/v2\/posts\/78347\/revisions"}],"predecessor-version":[{"id":96158,"href":"https:\/\/www.manquepierda.com\/historiarealbetis\/wp-json\/wp\/v2\/posts\/78347\/revisions\/96158"}],"wp:featuredmedia":[{"embeddable":true,"href":"https:\/\/www.manquepierda.com\/historiarealbetis\/wp-json\/wp\/v2\/media\/78348"}],"wp:attachment":[{"href":"https:\/\/www.manquepierda.com\/historiarealbetis\/wp-json\/wp\/v2\/media?parent=78347"}],"wp:term":[{"taxonomy":"category","embeddable":true,"href":"https:\/\/www.manquepierda.com\/historiarealbetis\/wp-json\/wp\/v2\/categories?post=78347"},{"taxonomy":"post_tag","embeddable":true,"href":"https:\/\/www.manquepierda.com\/historiarealbetis\/wp-json\/wp\/v2\/tags?post=78347"}],"curies":[{"name":"wp","href":"https:\/\/api.w.org\/{rel}","templated":true}]}}