{"id":78394,"date":"2021-02-17T09:04:00","date_gmt":"2021-02-17T08:04:00","guid":{"rendered":"http:\/\/www.manquepierda.com\/historiarealbetis\/?p=78394"},"modified":"2021-02-16T23:51:24","modified_gmt":"2021-02-16T22:51:24","slug":"regreso-de-cataluna-en-1980","status":"publish","type":"post","link":"https:\/\/www.manquepierda.com\/historiarealbetis\/regreso-de-cataluna-en-1980\/","title":{"rendered":"Regreso de Catalu\u00f1a en 1980."},"content":{"rendered":"\n<div class=\"wp-block-image\"><figure class=\"aligncenter size-large is-resized\"><img data-recalc-dims=\"1\" loading=\"lazy\" decoding=\"async\" src=\"https:\/\/i0.wp.com\/www.manquepierda.com\/historiarealbetis\/files\/2021\/02\/Regreso-de-Cataluna-agosto-1980-HDL-4-8-1980.jpg?resize=578%2C328&#038;ssl=1\" alt=\"\" class=\"wp-image-78395\" width=\"578\" height=\"328\" srcset=\"https:\/\/i0.wp.com\/www.manquepierda.com\/historiarealbetis\/files\/2021\/02\/Regreso-de-Cataluna-agosto-1980-HDL-4-8-1980.jpg?w=814&amp;ssl=1 814w, https:\/\/i0.wp.com\/www.manquepierda.com\/historiarealbetis\/files\/2021\/02\/Regreso-de-Cataluna-agosto-1980-HDL-4-8-1980.jpg?resize=680%2C387&amp;ssl=1 680w, https:\/\/i0.wp.com\/www.manquepierda.com\/historiarealbetis\/files\/2021\/02\/Regreso-de-Cataluna-agosto-1980-HDL-4-8-1980.jpg?resize=220%2C125&amp;ssl=1 220w, https:\/\/i0.wp.com\/www.manquepierda.com\/historiarealbetis\/files\/2021\/02\/Regreso-de-Cataluna-agosto-1980-HDL-4-8-1980.jpg?resize=768%2C437&amp;ssl=1 768w\" sizes=\"auto, (max-width: 578px) 100vw, 578px\" \/><\/figure><\/div>\n\n\n<p>Entre el 24 de julio y el 3 de agosto de 1980 la primera plantilla del Real Betis Balompi\u00e9 realiz\u00f3 una concentraci\u00f3n de pretemporada en la localidad catalana de Santa Coloma de Farn\u00e9s.<\/p>\n<p>A las \u00f3rdenes de Luis Carriega, y con la ayuda de Diego Soto y Rogelio Sosa,\u00a0 22 futbolistas permanecieron por espacio de 10 d\u00edas en tierras catalanas, disputando el Trofeo Vilob\u00ed contra el equipo local la semifinal con victoria 2-4, y posteriormente la final contra el Girona, con victoria b\u00e9tica 3-5.<\/p>\n<p>Los futbolistas que hicieron la concentraci\u00f3n fueron los porteros Esnaola, Campos y Pedro, los defensas Bizcocho, Gerardo, Francis, Biosca, Peruena, Pelayo, Gordillo, Richard y Alex, los centrocampistas L\u00f3pez, Carde\u00f1osa, Ortega, Ram\u00f3n, Pozo y Gonz\u00e1lez, y los delanteros Mor\u00e1n, Ben\u00edtez, Segundo y Perovic, un jugador yugoslavo a prueba.<\/p>\n<p>En la imagen podemos ver a la expedici\u00f3n b\u00e9tica en el aeropuerto de Sevilla tras su llegada, posando con el trofeo conquistado.\u00a0\u00a0<\/p>","protected":false},"excerpt":{"rendered":"<p>Entre el 24 de julio y el 3 de agosto de 1980 la primera plantilla del Real Betis Balompi\u00e9 realiz\u00f3 una concentraci\u00f3n de pretemporada en la localidad catalana de Santa Coloma de Farn\u00e9s. A las \u00f3rdenes de Luis Carriega, y con la ayuda de Diego Soto y Rogelio Sosa,\u00a0 22 futbolistas permanecieron por espacio de&#8230;<\/p>\n","protected":false},"author":5,"featured_media":78395,"comment_status":"open","ping_status":"open","sticky":false,"template":"","format":"standard","meta":{"_kad_post_transparent":"","_kad_post_title":"","_kad_post_layout":"","_kad_post_sidebar_id":"","_kad_post_content_style":"","_kad_post_vertical_padding":"","_kad_post_feature":"","_kad_post_feature_position":"","_kad_post_header":false,"_kad_post_footer":false,"_kad_post_classname":"","_jetpack_memberships_contains_paid_content":false,"footnotes":"","jetpack_publicize_message":"","jetpack_publicize_feature_enabled":true,"jetpack_social_post_already_shared":true,"jetpack_social_options":{"image_generator_settings":{"template":"highway","default_image_id":0,"font":"","enabled":false},"version":2}},"categories":[904,1],"tags":[1093,2291,17066],"class_list":["post-78394","post","type-post","status-publish","format-standard","has-post-thumbnail","hentry","category-1980-1989","category-portada","tag-1093","tag-1980-81","tag-trofeo-vilobi"],"jetpack_publicize_connections":[],"jetpack_featured_media_url":"https:\/\/i0.wp.com\/www.manquepierda.com\/historiarealbetis\/files\/2021\/02\/Regreso-de-Cataluna-agosto-1980-HDL-4-8-1980.jpg?fit=814%2C463&ssl=1","jetpack_sharing_enabled":true,"jetpack_shortlink":"https:\/\/wp.me\/p1ij08-koq","jetpack-related-posts":[],"_links":{"self":[{"href":"https:\/\/www.manquepierda.com\/historiarealbetis\/wp-json\/wp\/v2\/posts\/78394","targetHints":{"allow":["GET"]}}],"collection":[{"href":"https:\/\/www.manquepierda.com\/historiarealbetis\/wp-json\/wp\/v2\/posts"}],"about":[{"href":"https:\/\/www.manquepierda.com\/historiarealbetis\/wp-json\/wp\/v2\/types\/post"}],"author":[{"embeddable":true,"href":"https:\/\/www.manquepierda.com\/historiarealbetis\/wp-json\/wp\/v2\/users\/5"}],"replies":[{"embeddable":true,"href":"https:\/\/www.manquepierda.com\/historiarealbetis\/wp-json\/wp\/v2\/comments?post=78394"}],"version-history":[{"count":0,"href":"https:\/\/www.manquepierda.com\/historiarealbetis\/wp-json\/wp\/v2\/posts\/78394\/revisions"}],"wp:featuredmedia":[{"embeddable":true,"href":"https:\/\/www.manquepierda.com\/historiarealbetis\/wp-json\/wp\/v2\/media\/78395"}],"wp:attachment":[{"href":"https:\/\/www.manquepierda.com\/historiarealbetis\/wp-json\/wp\/v2\/media?parent=78394"}],"wp:term":[{"taxonomy":"category","embeddable":true,"href":"https:\/\/www.manquepierda.com\/historiarealbetis\/wp-json\/wp\/v2\/categories?post=78394"},{"taxonomy":"post_tag","embeddable":true,"href":"https:\/\/www.manquepierda.com\/historiarealbetis\/wp-json\/wp\/v2\/tags?post=78394"}],"curies":[{"name":"wp","href":"https:\/\/api.w.org\/{rel}","templated":true}]}}