{"id":78677,"date":"2021-03-10T09:42:00","date_gmt":"2021-03-10T08:42:00","guid":{"rendered":"http:\/\/www.manquepierda.com\/historiarealbetis\/?p=78677"},"modified":"2024-09-15T10:31:05","modified_gmt":"2024-09-15T08:31:05","slug":"homenaje-a-angel-gelan","status":"publish","type":"post","link":"https:\/\/www.manquepierda.com\/historiarealbetis\/homenaje-a-angel-gelan\/","title":{"rendered":"Homenaje a Angel Gel\u00e1n. 1980."},"content":{"rendered":"\n<div class=\"wp-block-image\"><figure class=\"aligncenter size-large is-resized\"><img data-recalc-dims=\"1\" loading=\"lazy\" decoding=\"async\" src=\"https:\/\/i0.wp.com\/www.manquepierda.com\/historiarealbetis\/files\/2021\/03\/Homenaje-a-Angel-Gelan-1980-HDL-3-11-1980.jpg?resize=531%2C363&#038;ssl=1\" alt=\"\" class=\"wp-image-78678\" width=\"531\" height=\"363\" srcset=\"https:\/\/i0.wp.com\/www.manquepierda.com\/historiarealbetis\/files\/2021\/03\/Homenaje-a-Angel-Gelan-1980-HDL-3-11-1980.jpg?w=491&amp;ssl=1 491w, https:\/\/i0.wp.com\/www.manquepierda.com\/historiarealbetis\/files\/2021\/03\/Homenaje-a-Angel-Gelan-1980-HDL-3-11-1980.jpg?resize=220%2C151&amp;ssl=1 220w\" sizes=\"auto, (max-width: 531px) 100vw, 531px\" \/><\/figure><\/div>\n\n\n<p>El 2 de noviembre de 1980, antes de disputarse el partido Betis-Salamanca correspondiente a la jornada 9 del Campeonato de Liga de Primera Divisi\u00f3n, el Real Betis Balompi\u00e9 rindi\u00f3 homenaje al fot\u00f3grafo Angel G\u00f3mez \u00abGel\u00e1n\u00bb con motivo de los 50 a\u00f1os dedicados a la informaci\u00f3n gr\u00e1fica deportiva. El veterano fot\u00f3grafo se inici\u00f3 en las p\u00e1ginas de El Noticiero Sevillano y de La Uni\u00f3n, para pasar posteriormente por las de El Correo de Andaluc\u00eda y La Hoja del Lunes. Todo un referente para la fotograf\u00eda deportiva sevillana.<\/p>\n<p>En la imagen el presidente del Real Betis Balompi\u00e9, Juan Manuel Mauduit, le hace entrega de una placa en presencia de Antonio Picchi y de Juan Calle.&nbsp; &nbsp;<\/p>","protected":false},"excerpt":{"rendered":"<p>El 2 de noviembre de 1980, antes de disputarse el partido Betis-Salamanca correspondiente a la jornada 9 del Campeonato de Liga de Primera Divisi\u00f3n, el Real Betis Balompi\u00e9 rindi\u00f3 homenaje al fot\u00f3grafo Angel G\u00f3mez \u00abGel\u00e1n\u00bb con motivo de los 50 a\u00f1os dedicados a la informaci\u00f3n gr\u00e1fica deportiva. El veterano fot\u00f3grafo se inici\u00f3 en las p\u00e1ginas&#8230;<\/p>\n","protected":false},"author":5,"featured_media":78678,"comment_status":"open","ping_status":"open","sticky":false,"template":"","format":"standard","meta":{"_kad_post_transparent":"","_kad_post_title":"","_kad_post_layout":"","_kad_post_sidebar_id":"","_kad_post_content_style":"","_kad_post_vertical_padding":"","_kad_post_feature":"","_kad_post_feature_position":"","_kad_post_header":false,"_kad_post_footer":false,"_kad_post_classname":"","_jetpack_memberships_contains_paid_content":false,"footnotes":"","jetpack_publicize_message":"","jetpack_publicize_feature_enabled":true,"jetpack_social_post_already_shared":true,"jetpack_social_options":{"image_generator_settings":{"template":"highway","default_image_id":0,"font":"","enabled":false},"version":2}},"categories":[904,1],"tags":[1093,2291,17133,3099,3655,3579],"class_list":["post-78677","post","type-post","status-publish","format-standard","has-post-thumbnail","hentry","category-1980-1989","category-portada","tag-1093","tag-1980-81","tag-angel-gomez-gelan","tag-antonio-picchi","tag-juan-calle-martinez","tag-juan-manuel-mauduit"],"jetpack_publicize_connections":[],"jetpack_featured_media_url":"https:\/\/i0.wp.com\/www.manquepierda.com\/historiarealbetis\/files\/2021\/03\/Homenaje-a-Angel-Gelan-1980-HDL-3-11-1980.jpg?fit=491%2C336&ssl=1","jetpack_sharing_enabled":true,"jetpack_shortlink":"https:\/\/wp.me\/p1ij08-ksZ","jetpack-related-posts":[],"_links":{"self":[{"href":"https:\/\/www.manquepierda.com\/historiarealbetis\/wp-json\/wp\/v2\/posts\/78677","targetHints":{"allow":["GET"]}}],"collection":[{"href":"https:\/\/www.manquepierda.com\/historiarealbetis\/wp-json\/wp\/v2\/posts"}],"about":[{"href":"https:\/\/www.manquepierda.com\/historiarealbetis\/wp-json\/wp\/v2\/types\/post"}],"author":[{"embeddable":true,"href":"https:\/\/www.manquepierda.com\/historiarealbetis\/wp-json\/wp\/v2\/users\/5"}],"replies":[{"embeddable":true,"href":"https:\/\/www.manquepierda.com\/historiarealbetis\/wp-json\/wp\/v2\/comments?post=78677"}],"version-history":[{"count":1,"href":"https:\/\/www.manquepierda.com\/historiarealbetis\/wp-json\/wp\/v2\/posts\/78677\/revisions"}],"predecessor-version":[{"id":99282,"href":"https:\/\/www.manquepierda.com\/historiarealbetis\/wp-json\/wp\/v2\/posts\/78677\/revisions\/99282"}],"wp:featuredmedia":[{"embeddable":true,"href":"https:\/\/www.manquepierda.com\/historiarealbetis\/wp-json\/wp\/v2\/media\/78678"}],"wp:attachment":[{"href":"https:\/\/www.manquepierda.com\/historiarealbetis\/wp-json\/wp\/v2\/media?parent=78677"}],"wp:term":[{"taxonomy":"category","embeddable":true,"href":"https:\/\/www.manquepierda.com\/historiarealbetis\/wp-json\/wp\/v2\/categories?post=78677"},{"taxonomy":"post_tag","embeddable":true,"href":"https:\/\/www.manquepierda.com\/historiarealbetis\/wp-json\/wp\/v2\/tags?post=78677"}],"curies":[{"name":"wp","href":"https:\/\/api.w.org\/{rel}","templated":true}]}}