{"id":78744,"date":"2021-03-15T09:13:00","date_gmt":"2021-03-15T08:13:00","guid":{"rendered":"http:\/\/www.manquepierda.com\/historiarealbetis\/?p=78744"},"modified":"2021-03-13T21:25:31","modified_gmt":"2021-03-13T20:25:31","slug":"entrevista-jose-ramon-esnaola-1991","status":"publish","type":"post","link":"https:\/\/www.manquepierda.com\/historiarealbetis\/entrevista-jose-ramon-esnaola-1991\/","title":{"rendered":"Entrevista Jos\u00e9 Ram\u00f3n Esnaola 1991."},"content":{"rendered":"\n<div class=\"wp-block-image\"><figure class=\"aligncenter size-large is-resized\"><img data-recalc-dims=\"1\" loading=\"lazy\" decoding=\"async\" src=\"https:\/\/i0.wp.com\/www.manquepierda.com\/historiarealbetis\/files\/2021\/03\/Entrevista-Jose-Ramon-Esnaola-1991-NMP-Marca-13-03-1991.jpg?resize=381%2C666&#038;ssl=1\" alt=\"\" class=\"wp-image-78745\" width=\"381\" height=\"666\" srcset=\"https:\/\/i0.wp.com\/www.manquepierda.com\/historiarealbetis\/files\/2021\/03\/Entrevista-Jose-Ramon-Esnaola-1991-NMP-Marca-13-03-1991.jpg?w=298&amp;ssl=1 298w, https:\/\/i0.wp.com\/www.manquepierda.com\/historiarealbetis\/files\/2021\/03\/Entrevista-Jose-Ramon-Esnaola-1991-NMP-Marca-13-03-1991.jpg?resize=126%2C220&amp;ssl=1 126w\" sizes=\"auto, (max-width: 381px) 100vw, 381px\" \/><\/figure><\/div>\n\n\n<p>Como ya vimos recientemente<a href=\"https:\/\/www.manquepierda.com\/historiarealbetis\/hoy-hace-30-anos-cese-de-jose-luis-romero\/\"> <span style=\"color: #008000\"><strong>aqu\u00ed<\/strong><\/span><\/a> en marzo de 1991 Jos\u00e9 Luis Romero fue destituido como responsable de la primera plantilla del Real Betis Balompi\u00e9 y su puesto fue ocupado por Jos\u00e9 Ram\u00f3n Esnaola.<\/p>\n<p>Era la primera experiencia del gran guardameta verdiblanco en el banquillo del primer equipo. Esa temporada Jos\u00e9 Ram\u00f3n Esnaola estaba entrenando al Betis Deportivo en Segunda B, despu\u00e9s de haber dirigido en la temporada anterior al conjunto juvenil.<\/p>\n<p>En las p\u00e1ginas de Marca Jos\u00e9 Ram\u00f3n Esnaola fue entrevistado por el periodista Mart\u00edn Benito a los pocos d\u00edas de su nombramiento, y reconoc\u00eda la dificultad de la tarea a la que no pudo negarse dada su condici\u00f3n de fidelidad hacia la entidad b\u00e9tica. Ten\u00eda que intentar sacar del descenso al Betis de la temporada 1990-91, con una de las plantillas m\u00e1s endebles de la historia verdiblanca en la Primera Divisi\u00f3n.<\/p>\n<p><\/p>\n<p><em><span style=\"color: #008000\">La directiva del Betis decidi\u00f3 que fuese Jos\u00e9 Ram\u00f3n Esnaola quien sustituyese a Jos\u00e9 Luis Romero. Aqu\u00e9l se despedir\u00e1 de sus hasta ahora disc\u00edpulos, los jugadores del Betis de Segunda B, y ser\u00e1 presentado a los componentes de la primera plantilla. El nuevo entrenador del Betis lleva dieciocho a\u00f1os en el club, doce como jugador y cinco como t\u00e9cnico. Pocos futbolistas han gozado de una admiraci\u00f3n tan prolongada entre los seguidores verdiblancos.<\/span><\/em><\/p>\n<ul>\n<li><em><span style=\"color: #008000\">El presidente del Betis me llam\u00f3 a casa sobre las once y cuarto de la noche del lunes para decirme que la directiva hab\u00eda decidido que me hiciese cargo de la primera plantilla<\/span><\/em><\/li>\n<li><em><span style=\"color: #008000\">Hugo Galera dijo, a la salida de la reuni\u00f3n de la Junta, cuando nos comunic\u00f3 su designaci\u00f3n que hab\u00eda costado convencerle<\/span><\/em><\/li>\n<li><em><span style=\"color: #008000\">Yo me encontraba muy a gusto con el Betis de Segunda B, y me hubiese gustado terminar la temporada con ellos. Son unos excelentes muchachos. La verdad es que no me pod\u00eda negar a la petici\u00f3n del club y acept\u00e9 la responsabilidad<\/span><\/em><\/li>\n<\/ul>\n<p><em><span style=\"color: #008000\">Esnaola es un hombre de pocas palabras. Dir\u00edamos que las imprescindibles para no ser descort\u00e9s. Reservado y con capacidad de trabajo.<\/span><\/em><\/p>\n<ul>\n<li><em><span style=\"color: #008000\">Alguien asegura que Jos\u00e9 Luis Romero ha sido demasiado blando con los jugadores. \u00bfC\u00f3mo se va a comportar usted es ese aspecto?<\/span><\/em><\/li>\n<li><em><span style=\"color: #008000\">Siempre he sido exigente conmigo mismo, a lo largo de toda mi carrera deportiva. Me vino muy bien y por tanto voy a exigir el esfuerzo a todos, por su bien y el del Betis. He sido exigente con los del equipo filial, porque es bueno a su edad y la \u00fanica forma de que lleguen a ser algo en el f\u00fatbol. Y tambi\u00e9n he procurado ser un amigo, porque lo uno no quita lo otro<\/span><\/em><\/li>\n<li><em><span style=\"color: #008000\">Conoce a los jugadores del equipo filial. \u00bfEchar\u00e1 mano de alguno?<\/span><\/em><\/li>\n<li><em><span style=\"color: #008000\">No creo que sea el momento de meter m\u00e1s j\u00f3venes en el equipo. El momento es delicado y quienes deben sacar las casta\u00f1as del fuego son los que est\u00e1n ah\u00ed arriba, porque ya hay j\u00f3venes que han ascendido. Esto no quiere decir que se le cierre el paso a ninguno de los de abajo.<\/span><\/em><\/li>\n<\/ul>\n<p><em><span style=\"color: #008000\">Sacar al Betis de donde se encuentra ser\u00eda casi un milagro. La distancia con los puestos de promoci\u00f3n es de cuatro puntos. Muchos para remontar, sobre todo dada la pobre impresi\u00f3n que ha dado el equipo a lo largo de la temporada.<\/span><\/em><\/p>\n<ul>\n<li><em><span style=\"color: #008000\">\u00bfQu\u00e9 impresi\u00f3n tiene del Betis?<\/span><\/em><\/li>\n<li><em><span style=\"color: #008000\">La verdad es que no me ha sido posible verles con frecuencia, pero el rendimiento no es bueno pero desconozco las causas. En los entrenamientos tratare de averiguarlos y corregir los posibles defectos.<\/span><\/em><\/li>\n<li><em><span style=\"color: #008000\">\u00bfSe puede evitar el descenso?<\/span><\/em><\/li>\n<li><em><span style=\"color: #008000\">Es dif\u00edcil pero posible. Lo vamos a intentar y estoy seguro de que lo conseguiremos. Quedan trece jornadas, un tercio de la Liga, lo que supone muchos puntos. Son los jugadores los que, en definitiva, tienen que sacar al equipo de la situaci\u00f3n en que est\u00e1 metido. Yo voy a estar con ellos y voy a trabajar para que el Betis se quede en Primera Divisi\u00f3n. Creo que el trabajo va a ser m\u00e1s psicol\u00f3gico que t\u00e9cnico o f\u00edsico. Todos tienen que colaborar porque si se desciende, pierden todos, los que juegan y los que no.<\/span><\/em><\/li>\n<li><em><span style=\"color: #008000\">\u00bfCu\u00e1l puede ser la clave para salir de la crisis?<\/span><\/em><\/li>\n<li><em><span style=\"color: #008000\">Mi principal virtud ha sido siempre el trabajo y procurar\u00e9 que los jugadores tambi\u00e9n trabajen y se concentren durante los partidos y los entrenamientos. Es absolutamente necesario estar pendiente de lo que se hace.<\/span><\/em><\/li>\n<li><em><span style=\"color: #008000\">\u00bfCu\u00e1l ser\u00e1 la primera medida que toma?<\/span><\/em><\/li>\n<li><em><span style=\"color: #008000\">No se trata de que ande mal una l\u00ednea o un jugador. Lo primero que habr\u00e1 que pedir es tranquilidad en todos y despu\u00e9s evitar despistes que pueden costar una derrota, como nos ocurri\u00f3 frente al Mallorca.<\/span><\/em><\/li>\n<li><em><span style=\"color: #008000\">Ivanov se ha convertido en un hombre problem\u00e1tico para el equipo. El domingo pasado fue expulsado dejando al equipo en inferioridad num\u00e9rica, y ya en otras ocasiones ha demostrado su car\u00e1cter an\u00e1rquico. \u00bfQu\u00e9 piensa de \u00e9l?<\/span><\/em><\/li>\n<li><em><span style=\"color: #008000\">Ahora le castigar\u00e1n. Creo que si juega disciplinadamente es un buen jugador, que ser\u00e1 \u00fatil al Betis. Yo voy a intentar que act\u00fae seg\u00fan le ordene. &nbsp;&nbsp;&nbsp;&nbsp;&nbsp;<\/span><\/em><\/li>\n<\/ul>","protected":false},"excerpt":{"rendered":"<p>Como ya vimos recientemente aqu\u00ed en marzo de 1991 Jos\u00e9 Luis Romero fue destituido como responsable de la primera plantilla del Real Betis Balompi\u00e9 y su puesto fue ocupado por Jos\u00e9 Ram\u00f3n Esnaola. Era la primera experiencia del gran guardameta verdiblanco en el banquillo del primer equipo. Esa temporada Jos\u00e9 Ram\u00f3n Esnaola estaba entrenando al&#8230;<\/p>\n","protected":false},"author":5,"featured_media":78745,"comment_status":"open","ping_status":"open","sticky":false,"template":"","format":"standard","meta":{"_kad_post_transparent":"","_kad_post_title":"","_kad_post_layout":"","_kad_post_sidebar_id":"","_kad_post_content_style":"","_kad_post_vertical_padding":"","_kad_post_feature":"","_kad_post_feature_position":"","_kad_post_header":false,"_kad_post_footer":false,"_kad_post_classname":"","_jetpack_memberships_contains_paid_content":false,"footnotes":"","jetpack_publicize_message":"","jetpack_publicize_feature_enabled":true,"jetpack_social_post_already_shared":true,"jetpack_social_options":{"image_generator_settings":{"template":"highway","default_image_id":0,"font":"","enabled":false},"version":2}},"categories":[905,892,1],"tags":[4570,4649,1302,13406],"class_list":["post-78744","post","type-post","status-publish","format-standard","has-post-thumbnail","hentry","category-1990-1999","category-entrenadores-temas","category-portada","tag-1990-91","tag-4649","tag-jose-ramon-esnaola","tag-martin-benito"],"jetpack_publicize_connections":[],"jetpack_featured_media_url":"https:\/\/i0.wp.com\/www.manquepierda.com\/historiarealbetis\/files\/2021\/03\/Entrevista-Jose-Ramon-Esnaola-1991-NMP-Marca-13-03-1991.jpg?fit=298%2C521&ssl=1","jetpack_sharing_enabled":true,"jetpack_shortlink":"https:\/\/wp.me\/p1ij08-ku4","jetpack-related-posts":[],"_links":{"self":[{"href":"https:\/\/www.manquepierda.com\/historiarealbetis\/wp-json\/wp\/v2\/posts\/78744","targetHints":{"allow":["GET"]}}],"collection":[{"href":"https:\/\/www.manquepierda.com\/historiarealbetis\/wp-json\/wp\/v2\/posts"}],"about":[{"href":"https:\/\/www.manquepierda.com\/historiarealbetis\/wp-json\/wp\/v2\/types\/post"}],"author":[{"embeddable":true,"href":"https:\/\/www.manquepierda.com\/historiarealbetis\/wp-json\/wp\/v2\/users\/5"}],"replies":[{"embeddable":true,"href":"https:\/\/www.manquepierda.com\/historiarealbetis\/wp-json\/wp\/v2\/comments?post=78744"}],"version-history":[{"count":0,"href":"https:\/\/www.manquepierda.com\/historiarealbetis\/wp-json\/wp\/v2\/posts\/78744\/revisions"}],"wp:featuredmedia":[{"embeddable":true,"href":"https:\/\/www.manquepierda.com\/historiarealbetis\/wp-json\/wp\/v2\/media\/78745"}],"wp:attachment":[{"href":"https:\/\/www.manquepierda.com\/historiarealbetis\/wp-json\/wp\/v2\/media?parent=78744"}],"wp:term":[{"taxonomy":"category","embeddable":true,"href":"https:\/\/www.manquepierda.com\/historiarealbetis\/wp-json\/wp\/v2\/categories?post=78744"},{"taxonomy":"post_tag","embeddable":true,"href":"https:\/\/www.manquepierda.com\/historiarealbetis\/wp-json\/wp\/v2\/tags?post=78744"}],"curies":[{"name":"wp","href":"https:\/\/api.w.org\/{rel}","templated":true}]}}