{"id":78787,"date":"2026-03-30T12:00:00","date_gmt":"2026-03-30T10:00:00","guid":{"rendered":"http:\/\/www.manquepierda.com\/historiarealbetis\/?p=78787"},"modified":"2026-02-13T16:25:29","modified_gmt":"2026-02-13T15:25:29","slug":"hoy-hace-35-anos-hercules-2-betis-3","status":"publish","type":"post","link":"https:\/\/www.manquepierda.com\/historiarealbetis\/hoy-hace-35-anos-hercules-2-betis-3\/","title":{"rendered":"Hoy hace 40 a\u00f1os. H\u00e9rcules 2 Betis 3."},"content":{"rendered":"<div class=\"wp-block-image\">\n<figure class=\"aligncenter size-large\"><img data-recalc-dims=\"1\" loading=\"lazy\" decoding=\"async\" width=\"671\" height=\"147\" src=\"https:\/\/i0.wp.com\/www.manquepierda.com\/historiarealbetis\/files\/2021\/03\/30-1986-Hercules-2-Betis-3.jpg?resize=671%2C147&#038;ssl=1\" alt=\"\" class=\"wp-image-78788\" srcset=\"https:\/\/i0.wp.com\/www.manquepierda.com\/historiarealbetis\/files\/2021\/03\/30-1986-Hercules-2-Betis-3.jpg?w=671&amp;ssl=1 671w, https:\/\/i0.wp.com\/www.manquepierda.com\/historiarealbetis\/files\/2021\/03\/30-1986-Hercules-2-Betis-3.jpg?resize=220%2C48&amp;ssl=1 220w\" sizes=\"auto, (max-width: 671px) 100vw, 671px\" \/><\/figure>\n<\/div>\n\n<p><span style=\"color: #008000\">El 30 de marzo de 1986 en el Rico P\u00e9rez el Betis derrota 2-3 al H\u00e9rcules en partido de la jornada 31 del Campeonato de Liga de Primera Divisi\u00f3n.<\/span><\/p>\n<p><span style=\"color: #008000\">A pesar de que el equipo alicantino se puso dos veces por delante, con goles de Peturson en el 14 y Reces en el 66, la victoria fue verdiblanca con goles de Romo en el 29 y Rinc\u00f3n en el 75 y 79.<\/span><\/p>\n<p><span style=\"color: #008000\">El H\u00e9rcules, dirigido por Manolo Villanova, jug\u00f3 con Espinosa; Botella, Cartagena (86, Quique), Salva, \u00c1ngel (67, Baquero); Parra, Janjos, Juan Carlos; Reces, Peturson y Moyano.<\/span><\/p>\n<p><span style=\"color: #008000\">El Betis, entrenado por Luis Del Sol, form\u00f3 con Cervantes; Calleja, Hadzibegic, Alex, Diego; Parra, Ortega (69, Su\u00e1rez), Gabino, Romo; Rinc\u00f3n y Calder\u00f3n (90, Ito). &nbsp;&nbsp;&nbsp;<\/span><\/p>","protected":false},"excerpt":{"rendered":"<p>El 30 de marzo de 1986 en el Rico P\u00e9rez el Betis derrota 2-3 al H\u00e9rcules en partido de la jornada 31 del Campeonato de Liga de Primera Divisi\u00f3n. A pesar de que el equipo alicantino se puso dos veces por delante, con goles de Peturson en el 14 y Reces en el 66, la&#8230;<\/p>\n","protected":false},"author":5,"featured_media":78788,"comment_status":"open","ping_status":"open","sticky":false,"template":"","format":"standard","meta":{"_kad_post_transparent":"","_kad_post_title":"","_kad_post_layout":"","_kad_post_sidebar_id":"","_kad_post_content_style":"","_kad_post_vertical_padding":"","_kad_post_feature":"","_kad_post_feature_position":"","_kad_post_header":false,"_kad_post_footer":false,"_kad_post_classname":"","_jetpack_memberships_contains_paid_content":false,"footnotes":"","jetpack_publicize_message":"","jetpack_publicize_feature_enabled":true,"jetpack_social_post_already_shared":true,"jetpack_social_options":{"image_generator_settings":{"template":"highway","default_image_id":0,"font":"","enabled":false},"version":2}},"categories":[904,14583,1],"tags":[1611,2706,17893],"class_list":["post-78787","post","type-post","status-publish","format-standard","has-post-thumbnail","hentry","category-1980-1989","category-efemerides","category-portada","tag-1611","tag-hercules-cf","tag-liga-primera-1985-86"],"jetpack_publicize_connections":[],"jetpack_featured_media_url":"https:\/\/i0.wp.com\/www.manquepierda.com\/historiarealbetis\/files\/2021\/03\/30-1986-Hercules-2-Betis-3.jpg?fit=671%2C147&ssl=1","jetpack_sharing_enabled":true,"jetpack_shortlink":"https:\/\/wp.me\/p1ij08-kuL","jetpack-related-posts":[],"_links":{"self":[{"href":"https:\/\/www.manquepierda.com\/historiarealbetis\/wp-json\/wp\/v2\/posts\/78787","targetHints":{"allow":["GET"]}}],"collection":[{"href":"https:\/\/www.manquepierda.com\/historiarealbetis\/wp-json\/wp\/v2\/posts"}],"about":[{"href":"https:\/\/www.manquepierda.com\/historiarealbetis\/wp-json\/wp\/v2\/types\/post"}],"author":[{"embeddable":true,"href":"https:\/\/www.manquepierda.com\/historiarealbetis\/wp-json\/wp\/v2\/users\/5"}],"replies":[{"embeddable":true,"href":"https:\/\/www.manquepierda.com\/historiarealbetis\/wp-json\/wp\/v2\/comments?post=78787"}],"version-history":[{"count":2,"href":"https:\/\/www.manquepierda.com\/historiarealbetis\/wp-json\/wp\/v2\/posts\/78787\/revisions"}],"predecessor-version":[{"id":106870,"href":"https:\/\/www.manquepierda.com\/historiarealbetis\/wp-json\/wp\/v2\/posts\/78787\/revisions\/106870"}],"wp:featuredmedia":[{"embeddable":true,"href":"https:\/\/www.manquepierda.com\/historiarealbetis\/wp-json\/wp\/v2\/media\/78788"}],"wp:attachment":[{"href":"https:\/\/www.manquepierda.com\/historiarealbetis\/wp-json\/wp\/v2\/media?parent=78787"}],"wp:term":[{"taxonomy":"category","embeddable":true,"href":"https:\/\/www.manquepierda.com\/historiarealbetis\/wp-json\/wp\/v2\/categories?post=78787"},{"taxonomy":"post_tag","embeddable":true,"href":"https:\/\/www.manquepierda.com\/historiarealbetis\/wp-json\/wp\/v2\/tags?post=78787"}],"curies":[{"name":"wp","href":"https:\/\/api.w.org\/{rel}","templated":true}]}}