{"id":78791,"date":"2026-03-31T12:00:00","date_gmt":"2026-03-31T10:00:00","guid":{"rendered":"http:\/\/www.manquepierda.com\/historiarealbetis\/?p=78791"},"modified":"2026-02-13T16:27:15","modified_gmt":"2026-02-13T15:27:15","slug":"hoy-hace-25-anos-real-sociedad-1-betis-1","status":"publish","type":"post","link":"https:\/\/www.manquepierda.com\/historiarealbetis\/hoy-hace-25-anos-real-sociedad-1-betis-1\/","title":{"rendered":"Hoy hace 30 a\u00f1os. Real Sociedad 1 Betis 1."},"content":{"rendered":"\n<div class=\"wp-block-image\"><figure class=\"aligncenter size-large\"><img data-recalc-dims=\"1\" loading=\"lazy\" decoding=\"async\" width=\"597\" height=\"467\" src=\"https:\/\/i0.wp.com\/www.manquepierda.com\/historiarealbetis\/files\/2021\/03\/31-1996-Real-Sociedad-1-Betis-1-.jpg?resize=597%2C467&#038;ssl=1\" alt=\"\" class=\"wp-image-78792\" srcset=\"https:\/\/i0.wp.com\/www.manquepierda.com\/historiarealbetis\/files\/2021\/03\/31-1996-Real-Sociedad-1-Betis-1-.jpg?w=597&amp;ssl=1 597w, https:\/\/i0.wp.com\/www.manquepierda.com\/historiarealbetis\/files\/2021\/03\/31-1996-Real-Sociedad-1-Betis-1-.jpg?resize=220%2C172&amp;ssl=1 220w\" sizes=\"auto, (max-width: 597px) 100vw, 597px\" \/><\/figure><\/div>\n\n\n<p><span style=\"color: #008000\">El 31 de marzo de 1996 en Anoeta Real Sociedad y Betis empatan a 1 en partido de la jornada 34 del Campeonato de Liga de Primera Divisi\u00f3n.<\/span><\/p>\n<p><span style=\"color: #008000\">En el minuto 9 Kowalczyck hizo el 0-1, empatando De Pedro en el 54.<\/span><\/p>\n<p><span style=\"color: #008000\">La Real Sociedad, dirigida por Javier Irureta, form\u00f3 con Alberto; Fuentes, Loren, Picabea, Aranz\u00e1bal; Gracia (52, Idi\u00e1quez), Luis P\u00e9rez, Ram\u00edrez, De Pedro (82, Alb\u00edstegui); Karpin y Craioveanu (55, Purk).<\/span><\/p>\n<p><span style=\"color: #008000\">El Betis, entrenado por Lorenzo Serra, jug\u00f3 con Jaro; Jaime, Merino, R\u00edos (64, Stosic), Josete; M\u00e1rquez, Alexis, Jos\u00e9 Mari, Jarni (64, Ca\u00f1as); Alfonso y Kowalczyck (84, Pier).<\/span><\/p>\n\n","protected":false},"excerpt":{"rendered":"<p>El 31 de marzo de 1996 en Anoeta Real Sociedad y Betis empatan a 1 en partido de la jornada 34 del Campeonato de Liga de Primera Divisi\u00f3n. En el minuto 9 Kowalczyck hizo el 0-1, empatando De Pedro en el 54. La Real Sociedad, dirigida por Javier Irureta, form\u00f3 con Alberto; Fuentes, Loren, Picabea,&#8230;<\/p>\n","protected":false},"author":5,"featured_media":78792,"comment_status":"open","ping_status":"open","sticky":false,"template":"","format":"standard","meta":{"_kad_post_transparent":"","_kad_post_title":"","_kad_post_layout":"","_kad_post_sidebar_id":"","_kad_post_content_style":"","_kad_post_vertical_padding":"","_kad_post_feature":"","_kad_post_feature_position":"","_kad_post_header":false,"_kad_post_footer":false,"_kad_post_classname":"","_jetpack_memberships_contains_paid_content":false,"footnotes":"","jetpack_publicize_message":"","jetpack_publicize_feature_enabled":true,"jetpack_social_post_already_shared":true,"jetpack_social_options":{"image_generator_settings":{"template":"highway","default_image_id":0,"font":"","enabled":false},"version":2}},"categories":[905,14583,1],"tags":[3291,17879,15912],"class_list":["post-78791","post","type-post","status-publish","format-standard","has-post-thumbnail","hentry","category-1990-1999","category-efemerides","category-portada","tag-3291","tag-liga-primera-1995-96","tag-real-sociedad-de-futbol"],"jetpack_publicize_connections":[],"jetpack_featured_media_url":"https:\/\/i0.wp.com\/www.manquepierda.com\/historiarealbetis\/files\/2021\/03\/31-1996-Real-Sociedad-1-Betis-1-.jpg?fit=597%2C467&ssl=1","jetpack_sharing_enabled":true,"jetpack_shortlink":"https:\/\/wp.me\/p1ij08-kuP","jetpack-related-posts":[],"_links":{"self":[{"href":"https:\/\/www.manquepierda.com\/historiarealbetis\/wp-json\/wp\/v2\/posts\/78791","targetHints":{"allow":["GET"]}}],"collection":[{"href":"https:\/\/www.manquepierda.com\/historiarealbetis\/wp-json\/wp\/v2\/posts"}],"about":[{"href":"https:\/\/www.manquepierda.com\/historiarealbetis\/wp-json\/wp\/v2\/types\/post"}],"author":[{"embeddable":true,"href":"https:\/\/www.manquepierda.com\/historiarealbetis\/wp-json\/wp\/v2\/users\/5"}],"replies":[{"embeddable":true,"href":"https:\/\/www.manquepierda.com\/historiarealbetis\/wp-json\/wp\/v2\/comments?post=78791"}],"version-history":[{"count":2,"href":"https:\/\/www.manquepierda.com\/historiarealbetis\/wp-json\/wp\/v2\/posts\/78791\/revisions"}],"predecessor-version":[{"id":106871,"href":"https:\/\/www.manquepierda.com\/historiarealbetis\/wp-json\/wp\/v2\/posts\/78791\/revisions\/106871"}],"wp:featuredmedia":[{"embeddable":true,"href":"https:\/\/www.manquepierda.com\/historiarealbetis\/wp-json\/wp\/v2\/media\/78792"}],"wp:attachment":[{"href":"https:\/\/www.manquepierda.com\/historiarealbetis\/wp-json\/wp\/v2\/media?parent=78791"}],"wp:term":[{"taxonomy":"category","embeddable":true,"href":"https:\/\/www.manquepierda.com\/historiarealbetis\/wp-json\/wp\/v2\/categories?post=78791"},{"taxonomy":"post_tag","embeddable":true,"href":"https:\/\/www.manquepierda.com\/historiarealbetis\/wp-json\/wp\/v2\/tags?post=78791"}],"curies":[{"name":"wp","href":"https:\/\/api.w.org\/{rel}","templated":true}]}}