{"id":78837,"date":"2021-03-27T09:36:00","date_gmt":"2021-03-27T08:36:00","guid":{"rendered":"http:\/\/www.manquepierda.com\/historiarealbetis\/?p=78837"},"modified":"2024-09-21T19:28:15","modified_gmt":"2024-09-21T17:28:15","slug":"alineacion-real-union-betis-copa-1971","status":"publish","type":"post","link":"https:\/\/www.manquepierda.com\/historiarealbetis\/alineacion-real-union-betis-copa-1971\/","title":{"rendered":"Alineaci\u00f3n Real Uni\u00f3n-Betis Copa 1971."},"content":{"rendered":"\n<div class=\"wp-block-image\"><figure class=\"aligncenter size-large\"><img data-recalc-dims=\"1\" loading=\"lazy\" decoding=\"async\" width=\"960\" height=\"653\" src=\"https:\/\/i0.wp.com\/www.manquepierda.com\/historiarealbetis\/files\/2021\/03\/Alineacion-Real-Union-Betis-Copa-1971.jpg?resize=960%2C653&#038;ssl=1\" alt=\"\" class=\"wp-image-78838\" srcset=\"https:\/\/i0.wp.com\/www.manquepierda.com\/historiarealbetis\/files\/2021\/03\/Alineacion-Real-Union-Betis-Copa-1971-scaled.jpg?resize=960%2C653&amp;ssl=1 960w, https:\/\/i0.wp.com\/www.manquepierda.com\/historiarealbetis\/files\/2021\/03\/Alineacion-Real-Union-Betis-Copa-1971-scaled.jpg?resize=680%2C463&amp;ssl=1 680w, https:\/\/i0.wp.com\/www.manquepierda.com\/historiarealbetis\/files\/2021\/03\/Alineacion-Real-Union-Betis-Copa-1971-scaled.jpg?resize=220%2C150&amp;ssl=1 220w, https:\/\/i0.wp.com\/www.manquepierda.com\/historiarealbetis\/files\/2021\/03\/Alineacion-Real-Union-Betis-Copa-1971-scaled.jpg?resize=768%2C523&amp;ssl=1 768w\" sizes=\"auto, (max-width: 960px) 100vw, 960px\" \/><\/figure><\/div>\n\n\n<p>20 de enero de 1971 en el estadio Gal&nbsp; de Ir\u00fan Real Uni\u00f3n 1 Betis 0; partido de vuelta de la tercera ronda de la Copa.<\/p>\n<p>En la imagen arriba Villanova, Telech\u00eda, D\u00edaz, Ir\u00edzar, Pach\u00f3n y Frigols; abajo Macario, Isauro, Barba, Gonz\u00e1lez y Ben\u00edtez.<\/p>\n<p>El equipo irun\u00e9s marc\u00f3 el \u00fanico tanto en el minuto 71 tras un remate de cabeza de Urdampilleta. En el encuentro de ida en el Villamar\u00edn dos semanas antes el Betis hab\u00eda vencido 3-0, por lo que los verdiblancos se impusieron 3-1 en la eliminatoria.<\/p>\n<p>Juan Mar\u00eda Lasa entrenaba al Real Uni\u00f3n y Antonio Barrios al Betis.<\/p>\n<p>Agradecer a Jos\u00e9 Granado su colaboraci\u00f3n para que esta imagen sea conocida, y en la que aparece con 8 a\u00f1os posando con el equipo b\u00e9tico.<\/p>","protected":false},"excerpt":{"rendered":"<p>20 de enero de 1971 en el estadio Gal&nbsp; de Ir\u00fan Real Uni\u00f3n 1 Betis 0; partido de vuelta de la tercera ronda de la Copa. En la imagen arriba Villanova, Telech\u00eda, D\u00edaz, Ir\u00edzar, Pach\u00f3n y Frigols; abajo Macario, Isauro, Barba, Gonz\u00e1lez y Ben\u00edtez. El equipo irun\u00e9s marc\u00f3 el \u00fanico tanto en el minuto 71&#8230;<\/p>\n","protected":false},"author":5,"featured_media":78838,"comment_status":"open","ping_status":"open","sticky":false,"template":"","format":"standard","meta":{"_kad_post_transparent":"","_kad_post_title":"","_kad_post_layout":"","_kad_post_sidebar_id":"","_kad_post_content_style":"","_kad_post_vertical_padding":"","_kad_post_feature":"","_kad_post_feature_position":"","_kad_post_header":false,"_kad_post_footer":false,"_kad_post_classname":"","_jetpack_memberships_contains_paid_content":false,"footnotes":"","jetpack_publicize_message":"","jetpack_publicize_feature_enabled":true,"jetpack_social_post_already_shared":true,"jetpack_social_options":{"image_generator_settings":{"template":"highway","default_image_id":0,"font":"","enabled":false},"version":2}},"categories":[903,1],"tags":[2225,2239,3746,1120,17796,2457,2086,1415,2319,5082,5211,1619,1050,1040,17136],"class_list":["post-78837","post","type-post","status-publish","format-standard","has-post-thumbnail","hentry","category-1970-1979","category-portada","tag-1970-71","tag-2239","tag-antonio-barba","tag-antonio-benitez","tag-copa-1970-71","tag-francisco-frigols","tag-francisco-telechia","tag-isauro-alvarez","tag-jesus-maria-irizar","tag-jose-manuel-pachon","tag-manuel-diaz","tag-manuel-perez-macario","tag-manuel-villanova","tag-pepe-gonzalez","tag-real-union"],"jetpack_publicize_connections":[],"jetpack_featured_media_url":"https:\/\/i0.wp.com\/www.manquepierda.com\/historiarealbetis\/files\/2021\/03\/Alineacion-Real-Union-Betis-Copa-1971-scaled.jpg?fit=2560%2C1742&ssl=1","jetpack_sharing_enabled":true,"jetpack_shortlink":"https:\/\/wp.me\/p1ij08-kvz","jetpack-related-posts":[],"_links":{"self":[{"href":"https:\/\/www.manquepierda.com\/historiarealbetis\/wp-json\/wp\/v2\/posts\/78837","targetHints":{"allow":["GET"]}}],"collection":[{"href":"https:\/\/www.manquepierda.com\/historiarealbetis\/wp-json\/wp\/v2\/posts"}],"about":[{"href":"https:\/\/www.manquepierda.com\/historiarealbetis\/wp-json\/wp\/v2\/types\/post"}],"author":[{"embeddable":true,"href":"https:\/\/www.manquepierda.com\/historiarealbetis\/wp-json\/wp\/v2\/users\/5"}],"replies":[{"embeddable":true,"href":"https:\/\/www.manquepierda.com\/historiarealbetis\/wp-json\/wp\/v2\/comments?post=78837"}],"version-history":[{"count":1,"href":"https:\/\/www.manquepierda.com\/historiarealbetis\/wp-json\/wp\/v2\/posts\/78837\/revisions"}],"predecessor-version":[{"id":99500,"href":"https:\/\/www.manquepierda.com\/historiarealbetis\/wp-json\/wp\/v2\/posts\/78837\/revisions\/99500"}],"wp:featuredmedia":[{"embeddable":true,"href":"https:\/\/www.manquepierda.com\/historiarealbetis\/wp-json\/wp\/v2\/media\/78838"}],"wp:attachment":[{"href":"https:\/\/www.manquepierda.com\/historiarealbetis\/wp-json\/wp\/v2\/media?parent=78837"}],"wp:term":[{"taxonomy":"category","embeddable":true,"href":"https:\/\/www.manquepierda.com\/historiarealbetis\/wp-json\/wp\/v2\/categories?post=78837"},{"taxonomy":"post_tag","embeddable":true,"href":"https:\/\/www.manquepierda.com\/historiarealbetis\/wp-json\/wp\/v2\/tags?post=78837"}],"curies":[{"name":"wp","href":"https:\/\/api.w.org\/{rel}","templated":true}]}}