{"id":78927,"date":"2026-04-03T12:00:00","date_gmt":"2026-04-03T10:00:00","guid":{"rendered":"http:\/\/www.manquepierda.com\/historiarealbetis\/?p=78927"},"modified":"2026-03-14T14:18:37","modified_gmt":"2026-03-14T13:18:37","slug":"hoy-hace-55-anos-malaga-1-betis-1-y-descenso-a-segunda","status":"publish","type":"post","link":"https:\/\/www.manquepierda.com\/historiarealbetis\/hoy-hace-55-anos-malaga-1-betis-1-y-descenso-a-segunda\/","title":{"rendered":"Hoy hace 60 a\u00f1os. M\u00e1laga 1 Betis 1 y descenso a Segunda."},"content":{"rendered":"<div class=\"wp-block-image\">\n<figure class=\"aligncenter size-large\"><img data-recalc-dims=\"1\" loading=\"lazy\" decoding=\"async\" width=\"892\" height=\"695\" src=\"https:\/\/i0.wp.com\/www.manquepierda.com\/historiarealbetis\/files\/2021\/03\/3-1966-Malaga-1-Betis-1-y-descenso-a-Segunda.jpg?resize=892%2C695&#038;ssl=1\" alt=\"\" class=\"wp-image-78928\" srcset=\"https:\/\/i0.wp.com\/www.manquepierda.com\/historiarealbetis\/files\/2021\/03\/3-1966-Malaga-1-Betis-1-y-descenso-a-Segunda.jpg?w=892&amp;ssl=1 892w, https:\/\/i0.wp.com\/www.manquepierda.com\/historiarealbetis\/files\/2021\/03\/3-1966-Malaga-1-Betis-1-y-descenso-a-Segunda.jpg?resize=680%2C530&amp;ssl=1 680w, https:\/\/i0.wp.com\/www.manquepierda.com\/historiarealbetis\/files\/2021\/03\/3-1966-Malaga-1-Betis-1-y-descenso-a-Segunda.jpg?resize=220%2C171&amp;ssl=1 220w, https:\/\/i0.wp.com\/www.manquepierda.com\/historiarealbetis\/files\/2021\/03\/3-1966-Malaga-1-Betis-1-y-descenso-a-Segunda.jpg?resize=768%2C598&amp;ssl=1 768w\" sizes=\"auto, (max-width: 892px) 100vw, 892px\" \/><\/figure>\n<\/div>\n\n<p><span style=\"color: #008000;\">El 3 de abril de 1966 en La Rosaleda M\u00e1laga y Betis empatan a 1 en la jornada 30 y \u00faltima del Campeonato de Liga de Primera Divisi\u00f3n.<\/span><\/p>\n<p><span style=\"color: #008000;\">El Betis se adelant\u00f3 en el minuto 22 con un gol de Ansola, empatando el M\u00e1laga en el \u00faltimo minuto de partido con un gol de Oti\u00f1ano, en una jugada muy protestada por el equipo b\u00e9tico, y que condenaba a los verdiblancos al descenso directo.<\/span><\/p>\n<p><span style=\"color: #008000;\">El M\u00e1laga, dirigido por Luis Mir\u00f3, aline\u00f3 a Juanito; Montero, Arias, Vallejo; V\u00e1zquez, Garay; Arag\u00f3n, Mart\u00ednez, Pepillo, Oti\u00f1ano y Moli.<\/span><\/p>\n<p><span style=\"color: #008000;\">El Betis, dirigido por Ernesto Pons, jug\u00f3 con Vega; Aparicio, R\u00edos, Grau; Montaner, Ant\u00f3n; De la Fuente, Pallar\u00e9s, Ansola, Quino y Zacarizo.<\/span><\/p>","protected":false},"excerpt":{"rendered":"<p>El 3 de abril de 1966 en La Rosaleda M\u00e1laga y Betis empatan a 1 en la jornada 30 y \u00faltima del Campeonato de Liga de Primera Divisi\u00f3n. El Betis se adelant\u00f3 en el minuto 22 con un gol de Ansola, empatando el M\u00e1laga en el \u00faltimo minuto de partido con un gol de Oti\u00f1ano,&#8230;<\/p>\n","protected":false},"author":5,"featured_media":78928,"comment_status":"open","ping_status":"open","sticky":false,"template":"","format":"standard","meta":{"_kad_post_transparent":"","_kad_post_title":"","_kad_post_layout":"","_kad_post_sidebar_id":"","_kad_post_content_style":"","_kad_post_vertical_padding":"","_kad_post_feature":"","_kad_post_feature_position":"","_kad_post_header":false,"_kad_post_footer":false,"_kad_post_classname":"","_jetpack_memberships_contains_paid_content":false,"footnotes":"","jetpack_publicize_message":"","jetpack_publicize_feature_enabled":true,"jetpack_social_post_already_shared":true,"jetpack_social_options":{"image_generator_settings":{"template":"highway","default_image_id":0,"font":"","enabled":false},"version":2}},"categories":[902,14583,1],"tags":[1592,1497,17861],"class_list":["post-78927","post","type-post","status-publish","format-standard","has-post-thumbnail","hentry","category-1960-1969","category-efemerides","category-portada","tag-1592","tag-cd-malaga","tag-liga-primera-1965-66"],"jetpack_publicize_connections":[],"jetpack_featured_media_url":"https:\/\/i0.wp.com\/www.manquepierda.com\/historiarealbetis\/files\/2021\/03\/3-1966-Malaga-1-Betis-1-y-descenso-a-Segunda.jpg?fit=892%2C695&ssl=1","jetpack_sharing_enabled":true,"jetpack_shortlink":"https:\/\/wp.me\/p1ij08-kx1","jetpack-related-posts":[],"_links":{"self":[{"href":"https:\/\/www.manquepierda.com\/historiarealbetis\/wp-json\/wp\/v2\/posts\/78927","targetHints":{"allow":["GET"]}}],"collection":[{"href":"https:\/\/www.manquepierda.com\/historiarealbetis\/wp-json\/wp\/v2\/posts"}],"about":[{"href":"https:\/\/www.manquepierda.com\/historiarealbetis\/wp-json\/wp\/v2\/types\/post"}],"author":[{"embeddable":true,"href":"https:\/\/www.manquepierda.com\/historiarealbetis\/wp-json\/wp\/v2\/users\/5"}],"replies":[{"embeddable":true,"href":"https:\/\/www.manquepierda.com\/historiarealbetis\/wp-json\/wp\/v2\/comments?post=78927"}],"version-history":[{"count":3,"href":"https:\/\/www.manquepierda.com\/historiarealbetis\/wp-json\/wp\/v2\/posts\/78927\/revisions"}],"predecessor-version":[{"id":107131,"href":"https:\/\/www.manquepierda.com\/historiarealbetis\/wp-json\/wp\/v2\/posts\/78927\/revisions\/107131"}],"wp:featuredmedia":[{"embeddable":true,"href":"https:\/\/www.manquepierda.com\/historiarealbetis\/wp-json\/wp\/v2\/media\/78928"}],"wp:attachment":[{"href":"https:\/\/www.manquepierda.com\/historiarealbetis\/wp-json\/wp\/v2\/media?parent=78927"}],"wp:term":[{"taxonomy":"category","embeddable":true,"href":"https:\/\/www.manquepierda.com\/historiarealbetis\/wp-json\/wp\/v2\/categories?post=78927"},{"taxonomy":"post_tag","embeddable":true,"href":"https:\/\/www.manquepierda.com\/historiarealbetis\/wp-json\/wp\/v2\/tags?post=78927"}],"curies":[{"name":"wp","href":"https:\/\/api.w.org\/{rel}","templated":true}]}}