{"id":78932,"date":"2026-04-04T12:00:00","date_gmt":"2026-04-04T10:00:00","guid":{"rendered":"http:\/\/www.manquepierda.com\/historiarealbetis\/?p=78932"},"modified":"2026-03-14T14:19:58","modified_gmt":"2026-03-14T13:19:58","slug":"hoy-hace-95-anos-betis-3-atletico-madrid-2-en-copa","status":"publish","type":"post","link":"https:\/\/www.manquepierda.com\/historiarealbetis\/hoy-hace-95-anos-betis-3-atletico-madrid-2-en-copa\/","title":{"rendered":"Hoy hace 100 a\u00f1os. Betis 3 Atl\u00e9tico Madrid 2 en Copa."},"content":{"rendered":"\n<div class=\"wp-block-image\"><figure class=\"aligncenter size-large\"><img data-recalc-dims=\"1\" loading=\"lazy\" decoding=\"async\" width=\"960\" height=\"605\" src=\"https:\/\/i0.wp.com\/www.manquepierda.com\/historiarealbetis\/files\/2021\/03\/4-1926-Betis-3-Athletic-Madrid-2-en-Copa.jpg?resize=960%2C605&#038;ssl=1\" alt=\"\" class=\"wp-image-78933\" srcset=\"https:\/\/i0.wp.com\/www.manquepierda.com\/historiarealbetis\/files\/2021\/03\/4-1926-Betis-3-Athletic-Madrid-2-en-Copa.jpg?resize=960%2C605&amp;ssl=1 960w, https:\/\/i0.wp.com\/www.manquepierda.com\/historiarealbetis\/files\/2021\/03\/4-1926-Betis-3-Athletic-Madrid-2-en-Copa.jpg?resize=680%2C429&amp;ssl=1 680w, https:\/\/i0.wp.com\/www.manquepierda.com\/historiarealbetis\/files\/2021\/03\/4-1926-Betis-3-Athletic-Madrid-2-en-Copa.jpg?resize=220%2C139&amp;ssl=1 220w, https:\/\/i0.wp.com\/www.manquepierda.com\/historiarealbetis\/files\/2021\/03\/4-1926-Betis-3-Athletic-Madrid-2-en-Copa.jpg?resize=768%2C484&amp;ssl=1 768w, https:\/\/i0.wp.com\/www.manquepierda.com\/historiarealbetis\/files\/2021\/03\/4-1926-Betis-3-Athletic-Madrid-2-en-Copa.jpg?w=1904&amp;ssl=1 1904w\" sizes=\"auto, (max-width: 960px) 100vw, 960px\" \/><\/figure><\/div>\n\n\n<p><span style=\"color: #008000\">El 4 de abril de 1926 en el Patronato el Betis vence 3-2 al Atl\u00e9tico de Madrid en partido de Copa correspondiente a la liguilla de octavos de final.<\/span><\/p>\n<p><span style=\"color: #008000\">Palacios adelant\u00f3 a los rojiblancos en el 35, pero en una salida fulgurante en la segunda parte Alvarez en el 47, Enrique en el 55 y Carrasco en el 59 remontaron para los verdiblancos, cerrando el marcador Ortiz en el 80.<\/span><\/p>\n<p><span style=\"color: #008000\">Este resultado depar\u00f3 un empate a puntos entre Betis y Atl\u00e9tico, por lo que se tuvo que jugar un encuentro de desempate para dilucidar quien pasar\u00eda a cuartos de final.<\/span><\/p>\n<p><span style=\"color: #008000\">Los jugadores b\u00e9ticos portaron brazaletes negros en se\u00f1al de duelo por el fallecimiento del jugador sevillista Spencer.<\/span><\/p>\n<p><span style=\"color: #008000\">El Betis jug\u00f3 con Jes\u00fas; Jim\u00e9nez, Aranda; Salda\u00f1a, Est\u00e9vez, Adolfito; Romero, Alvarez, Carrasco, Enrique y Manol\u00edn.<\/span><\/p>\n<p><span style=\"color: #008000\">El Atl\u00e9tico de Madrid form\u00f3 con Barroso; Alfonso Olaso, Pololo; Mar\u00edn, Tuduri, Burdiel; De Miguel, Aguirre, Palacios, Ortiz y Luis Olaso.<\/span><\/p>","protected":false},"excerpt":{"rendered":"<p>El 4 de abril de 1926 en el Patronato el Betis vence 3-2 al Atl\u00e9tico de Madrid en partido de Copa correspondiente a la liguilla de octavos de final. Palacios adelant\u00f3 a los rojiblancos en el 35, pero en una salida fulgurante en la segunda parte Alvarez en el 47, Enrique en el 55 y&#8230;<\/p>\n","protected":false},"author":5,"featured_media":78933,"comment_status":"open","ping_status":"open","sticky":false,"template":"","format":"standard","meta":{"_kad_post_transparent":"","_kad_post_title":"","_kad_post_layout":"","_kad_post_sidebar_id":"","_kad_post_content_style":"","_kad_post_vertical_padding":"","_kad_post_feature":"","_kad_post_feature_position":"","_kad_post_header":false,"_kad_post_footer":false,"_kad_post_classname":"","_jetpack_memberships_contains_paid_content":false,"footnotes":"","jetpack_publicize_message":"","jetpack_publicize_feature_enabled":true,"jetpack_social_post_already_shared":true,"jetpack_social_options":{"image_generator_settings":{"template":"highway","default_image_id":0,"font":"","enabled":false},"version":2}},"categories":[898,14583,1],"tags":[1251,15850,13849,17916],"class_list":["post-78932","post","type-post","status-publish","format-standard","has-post-thumbnail","hentry","category-1920-1929","category-efemerides","category-portada","tag-1251","tag-athletic-club-madrid","tag-club-atletico-de-madrid","tag-copa-1925-26"],"jetpack_publicize_connections":[],"jetpack_featured_media_url":"https:\/\/i0.wp.com\/www.manquepierda.com\/historiarealbetis\/files\/2021\/03\/4-1926-Betis-3-Athletic-Madrid-2-en-Copa.jpg?fit=1904%2C1200&ssl=1","jetpack_sharing_enabled":true,"jetpack_shortlink":"https:\/\/wp.me\/p1ij08-kx6","jetpack-related-posts":[],"_links":{"self":[{"href":"https:\/\/www.manquepierda.com\/historiarealbetis\/wp-json\/wp\/v2\/posts\/78932","targetHints":{"allow":["GET"]}}],"collection":[{"href":"https:\/\/www.manquepierda.com\/historiarealbetis\/wp-json\/wp\/v2\/posts"}],"about":[{"href":"https:\/\/www.manquepierda.com\/historiarealbetis\/wp-json\/wp\/v2\/types\/post"}],"author":[{"embeddable":true,"href":"https:\/\/www.manquepierda.com\/historiarealbetis\/wp-json\/wp\/v2\/users\/5"}],"replies":[{"embeddable":true,"href":"https:\/\/www.manquepierda.com\/historiarealbetis\/wp-json\/wp\/v2\/comments?post=78932"}],"version-history":[{"count":2,"href":"https:\/\/www.manquepierda.com\/historiarealbetis\/wp-json\/wp\/v2\/posts\/78932\/revisions"}],"predecessor-version":[{"id":107132,"href":"https:\/\/www.manquepierda.com\/historiarealbetis\/wp-json\/wp\/v2\/posts\/78932\/revisions\/107132"}],"wp:featuredmedia":[{"embeddable":true,"href":"https:\/\/www.manquepierda.com\/historiarealbetis\/wp-json\/wp\/v2\/media\/78933"}],"wp:attachment":[{"href":"https:\/\/www.manquepierda.com\/historiarealbetis\/wp-json\/wp\/v2\/media?parent=78932"}],"wp:term":[{"taxonomy":"category","embeddable":true,"href":"https:\/\/www.manquepierda.com\/historiarealbetis\/wp-json\/wp\/v2\/categories?post=78932"},{"taxonomy":"post_tag","embeddable":true,"href":"https:\/\/www.manquepierda.com\/historiarealbetis\/wp-json\/wp\/v2\/tags?post=78932"}],"curies":[{"name":"wp","href":"https:\/\/api.w.org\/{rel}","templated":true}]}}