{"id":78988,"date":"2026-04-11T12:00:00","date_gmt":"2026-04-11T10:00:00","guid":{"rendered":"http:\/\/www.manquepierda.com\/historiarealbetis\/?p=78988"},"modified":"2026-03-14T14:30:36","modified_gmt":"2026-03-14T13:30:36","slug":"hoy-hace-50-anos-debut-de-coradino","status":"publish","type":"post","link":"https:\/\/www.manquepierda.com\/historiarealbetis\/hoy-hace-50-anos-debut-de-coradino\/","title":{"rendered":"Hoy hace 55 a\u00f1os. Debut de Coradino."},"content":{"rendered":"\n<div class=\"wp-block-image\"><figure class=\"aligncenter size-large is-resized\"><img data-recalc-dims=\"1\" loading=\"lazy\" decoding=\"async\" src=\"https:\/\/i0.wp.com\/www.manquepierda.com\/historiarealbetis\/files\/2021\/04\/11-1971-Debut-de-Coradino.jpg?resize=552%2C888&#038;ssl=1\" alt=\"\" class=\"wp-image-78989\" width=\"552\" height=\"888\" srcset=\"https:\/\/i0.wp.com\/www.manquepierda.com\/historiarealbetis\/files\/2021\/04\/11-1971-Debut-de-Coradino.jpg?resize=435%2C700&amp;ssl=1 435w, https:\/\/i0.wp.com\/www.manquepierda.com\/historiarealbetis\/files\/2021\/04\/11-1971-Debut-de-Coradino.jpg?resize=373%2C600&amp;ssl=1 373w, https:\/\/i0.wp.com\/www.manquepierda.com\/historiarealbetis\/files\/2021\/04\/11-1971-Debut-de-Coradino.jpg?resize=137%2C220&amp;ssl=1 137w, https:\/\/i0.wp.com\/www.manquepierda.com\/historiarealbetis\/files\/2021\/04\/11-1971-Debut-de-Coradino.jpg?resize=768%2C1236&amp;ssl=1 768w, https:\/\/i0.wp.com\/www.manquepierda.com\/historiarealbetis\/files\/2021\/04\/11-1971-Debut-de-Coradino.jpg?w=1498&amp;ssl=1 1498w\" sizes=\"auto, (max-width: 552px) 100vw, 552px\" \/><\/figure><\/div>\n\n\n<p><span style=\"color: #008000\">El 11 de abril de 1971 debuta en partido oficial con el Real Betis Balompi\u00e9 Coradino de la Vega Guerrero en el encuentro que enfrenta a Betis y Racing de Santander en el Villamar\u00edn, correspondiente a la jornada 32 del Campeonato de Liga de Segunda Divisi\u00f3n.<\/span><\/p>\n<p><span style=\"color: #008000\">Coradino debut\u00f3 en el minuto 65 cuando salt\u00f3 al campo sustituyendo a Machicha, y en el minuto 83 fue el autor del tercer tanto verdiblanco esa tarde.<\/span><\/p>\n<p><span style=\"color: #008000\">Cuando Coradino debut\u00f3 con el Betis ten\u00eda 21 a\u00f1os y proced\u00eda del Triana Balompi\u00e9, el filial b\u00e9tico de la \u00e9poca, al que hab\u00eda llegado desde el Riotinto Balompi\u00e9.<\/span><\/p>","protected":false},"excerpt":{"rendered":"<p>El 11 de abril de 1971 debuta en partido oficial con el Real Betis Balompi\u00e9 Coradino de la Vega Guerrero en el encuentro que enfrenta a Betis y Racing de Santander en el Villamar\u00edn, correspondiente a la jornada 32 del Campeonato de Liga de Segunda Divisi\u00f3n. Coradino debut\u00f3 en el minuto 65 cuando salt\u00f3 al&#8230;<\/p>\n","protected":false},"author":5,"featured_media":78989,"comment_status":"open","ping_status":"open","sticky":false,"template":"","format":"standard","meta":{"_kad_post_transparent":"","_kad_post_title":"","_kad_post_layout":"","_kad_post_sidebar_id":"","_kad_post_content_style":"","_kad_post_vertical_padding":"","_kad_post_feature":"","_kad_post_feature_position":"","_kad_post_header":false,"_kad_post_footer":false,"_kad_post_classname":"","_jetpack_memberships_contains_paid_content":false,"footnotes":"","jetpack_publicize_message":"","jetpack_publicize_feature_enabled":true,"jetpack_social_post_already_shared":true,"jetpack_social_options":{"image_generator_settings":{"template":"highway","default_image_id":0,"font":"","enabled":false},"version":2}},"categories":[903,14583,1],"tags":[2239,1410,17851],"class_list":["post-78988","post","type-post","status-publish","format-standard","has-post-thumbnail","hentry","category-1970-1979","category-efemerides","category-portada","tag-2239","tag-coradino-de-la-vega","tag-liga-segunda-1970-71"],"jetpack_publicize_connections":[],"jetpack_featured_media_url":"https:\/\/i0.wp.com\/www.manquepierda.com\/historiarealbetis\/files\/2021\/04\/11-1971-Debut-de-Coradino.jpg?fit=1498%2C2411&ssl=1","jetpack_sharing_enabled":true,"jetpack_shortlink":"https:\/\/wp.me\/p1ij08-ky0","jetpack-related-posts":[],"_links":{"self":[{"href":"https:\/\/www.manquepierda.com\/historiarealbetis\/wp-json\/wp\/v2\/posts\/78988","targetHints":{"allow":["GET"]}}],"collection":[{"href":"https:\/\/www.manquepierda.com\/historiarealbetis\/wp-json\/wp\/v2\/posts"}],"about":[{"href":"https:\/\/www.manquepierda.com\/historiarealbetis\/wp-json\/wp\/v2\/types\/post"}],"author":[{"embeddable":true,"href":"https:\/\/www.manquepierda.com\/historiarealbetis\/wp-json\/wp\/v2\/users\/5"}],"replies":[{"embeddable":true,"href":"https:\/\/www.manquepierda.com\/historiarealbetis\/wp-json\/wp\/v2\/comments?post=78988"}],"version-history":[{"count":2,"href":"https:\/\/www.manquepierda.com\/historiarealbetis\/wp-json\/wp\/v2\/posts\/78988\/revisions"}],"predecessor-version":[{"id":107141,"href":"https:\/\/www.manquepierda.com\/historiarealbetis\/wp-json\/wp\/v2\/posts\/78988\/revisions\/107141"}],"wp:featuredmedia":[{"embeddable":true,"href":"https:\/\/www.manquepierda.com\/historiarealbetis\/wp-json\/wp\/v2\/media\/78989"}],"wp:attachment":[{"href":"https:\/\/www.manquepierda.com\/historiarealbetis\/wp-json\/wp\/v2\/media?parent=78988"}],"wp:term":[{"taxonomy":"category","embeddable":true,"href":"https:\/\/www.manquepierda.com\/historiarealbetis\/wp-json\/wp\/v2\/categories?post=78988"},{"taxonomy":"post_tag","embeddable":true,"href":"https:\/\/www.manquepierda.com\/historiarealbetis\/wp-json\/wp\/v2\/tags?post=78988"}],"curies":[{"name":"wp","href":"https:\/\/api.w.org\/{rel}","templated":true}]}}