{"id":79031,"date":"2021-04-16T09:31:00","date_gmt":"2021-04-16T07:31:00","guid":{"rendered":"http:\/\/www.manquepierda.com\/historiarealbetis\/?p=79031"},"modified":"2024-08-09T17:36:16","modified_gmt":"2024-08-09T15:36:16","slug":"betis-valencia-liga-1999","status":"publish","type":"post","link":"https:\/\/www.manquepierda.com\/historiarealbetis\/betis-valencia-liga-1999\/","title":{"rendered":"Betis-Valencia Liga 1999."},"content":{"rendered":"\n<div class=\"wp-block-image\"><figure class=\"aligncenter size-large is-resized\"><img data-recalc-dims=\"1\" loading=\"lazy\" decoding=\"async\" src=\"https:\/\/i0.wp.com\/www.manquepierda.com\/historiarealbetis\/files\/2021\/04\/Betis-Valencia-Liga-1999-Alfonso-y-Angloma.jpg?resize=512%2C372&#038;ssl=1\" alt=\"\" class=\"wp-image-79032\" width=\"512\" height=\"372\" srcset=\"https:\/\/i0.wp.com\/www.manquepierda.com\/historiarealbetis\/files\/2021\/04\/Betis-Valencia-Liga-1999-Alfonso-y-Angloma.jpg?w=512&amp;ssl=1 512w, https:\/\/i0.wp.com\/www.manquepierda.com\/historiarealbetis\/files\/2021\/04\/Betis-Valencia-Liga-1999-Alfonso-y-Angloma.jpg?resize=220%2C160&amp;ssl=1 220w\" sizes=\"auto, (max-width: 512px) 100vw, 512px\" \/><\/figure><\/div>\n\n\n<p>18 de septiembre de 1999 en el Villamar\u00edn Betis 1 Valencia 0; jornada 4 del Campeonato de Liga de Primera Divisi\u00f3n.<\/p>\n<p>En la imagen un ataque sobre la meta valencianista defendida por Ca\u00f1izares con Filipescu, Alfonso y Bornes al remate y Angloma, Gerard y Albelda defendiendo.<\/p>\n<p>Un tanto de Oli en el minuto 26 consigui\u00f3 el \u00fanico tanto del partido, al desviar con la cabeza un disparo de Alexis desde fuera del \u00e1rea.<\/p>\n<p>Carlos Timoteo Griguol entrenaba al Betis y H\u00e9ctor C\u00faper al Valencia.<\/p>","protected":false},"excerpt":{"rendered":"<p>18 de septiembre de 1999 en el Villamar\u00edn Betis 1 Valencia 0; jornada 4 del Campeonato de Liga de Primera Divisi\u00f3n. En la imagen un ataque sobre la meta valencianista defendida por Ca\u00f1izares con Filipescu, Alfonso y Bornes al remate y Angloma, Gerard y Albelda defendiendo. Un tanto de Oli en el minuto 26 consigui\u00f3&#8230;<\/p>\n","protected":false},"author":5,"featured_media":79032,"comment_status":"open","ping_status":"open","sticky":false,"template":"","format":"standard","meta":{"_kad_post_transparent":"","_kad_post_title":"","_kad_post_layout":"","_kad_post_sidebar_id":"","_kad_post_content_style":"","_kad_post_vertical_padding":"","_kad_post_feature":"","_kad_post_feature_position":"","_kad_post_header":false,"_kad_post_footer":false,"_kad_post_classname":"","_jetpack_memberships_contains_paid_content":false,"footnotes":"","jetpack_publicize_message":"","jetpack_publicize_feature_enabled":true,"jetpack_social_post_already_shared":true,"jetpack_social_options":{"image_generator_settings":{"template":"highway","default_image_id":0,"font":"","enabled":false},"version":2}},"categories":[905,1],"tags":[4449,6731,1441,4957,1408,17858,2285],"class_list":["post-79031","post","type-post","status-publish","format-standard","has-post-thumbnail","hentry","category-1990-1999","category-portada","tag-4449","tag-1999-00","tag-alfonso-perez","tag-iulian-filipescu","tag-joaquin-bornes","tag-liga-primera-1999-00","tag-valencia-cf"],"jetpack_publicize_connections":[],"jetpack_featured_media_url":"https:\/\/i0.wp.com\/www.manquepierda.com\/historiarealbetis\/files\/2021\/04\/Betis-Valencia-Liga-1999-Alfonso-y-Angloma.jpg?fit=512%2C372&ssl=1","jetpack_sharing_enabled":true,"jetpack_shortlink":"https:\/\/wp.me\/p1ij08-kyH","jetpack-related-posts":[],"_links":{"self":[{"href":"https:\/\/www.manquepierda.com\/historiarealbetis\/wp-json\/wp\/v2\/posts\/79031","targetHints":{"allow":["GET"]}}],"collection":[{"href":"https:\/\/www.manquepierda.com\/historiarealbetis\/wp-json\/wp\/v2\/posts"}],"about":[{"href":"https:\/\/www.manquepierda.com\/historiarealbetis\/wp-json\/wp\/v2\/types\/post"}],"author":[{"embeddable":true,"href":"https:\/\/www.manquepierda.com\/historiarealbetis\/wp-json\/wp\/v2\/users\/5"}],"replies":[{"embeddable":true,"href":"https:\/\/www.manquepierda.com\/historiarealbetis\/wp-json\/wp\/v2\/comments?post=79031"}],"version-history":[{"count":1,"href":"https:\/\/www.manquepierda.com\/historiarealbetis\/wp-json\/wp\/v2\/posts\/79031\/revisions"}],"predecessor-version":[{"id":95778,"href":"https:\/\/www.manquepierda.com\/historiarealbetis\/wp-json\/wp\/v2\/posts\/79031\/revisions\/95778"}],"wp:featuredmedia":[{"embeddable":true,"href":"https:\/\/www.manquepierda.com\/historiarealbetis\/wp-json\/wp\/v2\/media\/79032"}],"wp:attachment":[{"href":"https:\/\/www.manquepierda.com\/historiarealbetis\/wp-json\/wp\/v2\/media?parent=79031"}],"wp:term":[{"taxonomy":"category","embeddable":true,"href":"https:\/\/www.manquepierda.com\/historiarealbetis\/wp-json\/wp\/v2\/categories?post=79031"},{"taxonomy":"post_tag","embeddable":true,"href":"https:\/\/www.manquepierda.com\/historiarealbetis\/wp-json\/wp\/v2\/tags?post=79031"}],"curies":[{"name":"wp","href":"https:\/\/api.w.org\/{rel}","templated":true}]}}