{"id":79098,"date":"2024-04-15T12:00:00","date_gmt":"2024-04-15T10:00:00","guid":{"rendered":"http:\/\/www.manquepierda.com\/historiarealbetis\/?p=79098"},"modified":"2024-03-16T18:13:56","modified_gmt":"2024-03-16T17:13:56","slug":"hoy-hace-70-anos-homenaje-a-gil-gomez-discobolo","status":"publish","type":"post","link":"https:\/\/www.manquepierda.com\/historiarealbetis\/hoy-hace-70-anos-homenaje-a-gil-gomez-discobolo\/","title":{"rendered":"Hoy hace 73 a\u00f1os. Homenaje a Gil G\u00f3mez \u00abDisc\u00f3bolo\u00bb."},"content":{"rendered":"<div class=\"wp-block-image\">\n<figure class=\"aligncenter size-large is-resized\"><img data-recalc-dims=\"1\" loading=\"lazy\" decoding=\"async\" width=\"312\" height=\"412\" src=\"https:\/\/i0.wp.com\/www.manquepierda.com\/historiarealbetis\/files\/2021\/04\/15-1951-Homenaje-a-Gil-Gomez-Bajuelo.jpg?resize=312%2C412&#038;ssl=1\" alt=\"\" class=\"wp-image-79099\" style=\"width:460px;height:607px\" srcset=\"https:\/\/i0.wp.com\/www.manquepierda.com\/historiarealbetis\/files\/2021\/04\/15-1951-Homenaje-a-Gil-Gomez-Bajuelo.jpg?w=312&amp;ssl=1 312w, https:\/\/i0.wp.com\/www.manquepierda.com\/historiarealbetis\/files\/2021\/04\/15-1951-Homenaje-a-Gil-Gomez-Bajuelo.jpg?resize=167%2C220&amp;ssl=1 167w\" sizes=\"auto, (max-width: 312px) 100vw, 312px\" \/><\/figure>\n<\/div>\n\n<p>\u00a0<\/p>\n<p><span style=\"color: #008000\">El 15 de abril de 1951 el Real Betis Balompi\u00e9 homenajea a Gil G\u00f3mez Bajuelo \u201cDisc\u00f3bolo\u201d, con motivo de la concesi\u00f3n de la medalla a la cr\u00edtica deportiva que le hab\u00eda otorgado la Federaci\u00f3n Andaluza de F\u00fatbol.<\/span><\/p>\n<p><span style=\"color: #008000\">G\u00f3mez Bajuelo, antiguo presidente y directivo del club en la d\u00e9cada de los a\u00f1os 20 y posteriormente directivo en la d\u00e9cada de los 40, era un afamado periodista deportivo que escribi\u00f3 en diversos medios de prensa sevillanos a lo largo de su trayectoria profesional.<\/span><\/p>\n<p><span style=\"color: #008000\">En el acto de homenaje intervino el presidente del Real Betis Balompi\u00e9 Pascual Aparicio, as\u00ed como destacados b\u00e9ticos como Adolfo Cu\u00e9llar y Juan Del Castillo, y tambi\u00e9n Jos\u00e9 Mar\u00eda Domenech, en ese momento presidente de la Federaci\u00f3n Andaluza de F\u00fatbol. \u00a0\u00a0<\/span><\/p>","protected":false},"excerpt":{"rendered":"<p>\u00a0 El 15 de abril de 1951 el Real Betis Balompi\u00e9 homenajea a Gil G\u00f3mez Bajuelo \u201cDisc\u00f3bolo\u201d, con motivo de la concesi\u00f3n de la medalla a la cr\u00edtica deportiva que le hab\u00eda otorgado la Federaci\u00f3n Andaluza de F\u00fatbol. G\u00f3mez Bajuelo, antiguo presidente y directivo del club en la d\u00e9cada de los a\u00f1os 20 y posteriormente&#8230;<\/p>\n","protected":false},"author":5,"featured_media":79099,"comment_status":"open","ping_status":"open","sticky":false,"template":"","format":"standard","meta":{"_kad_post_transparent":"","_kad_post_title":"","_kad_post_layout":"","_kad_post_sidebar_id":"","_kad_post_content_style":"","_kad_post_vertical_padding":"","_kad_post_feature":"","_kad_post_feature_position":"","_kad_post_header":false,"_kad_post_footer":false,"_kad_post_classname":"","_jetpack_memberships_contains_paid_content":false,"footnotes":"","jetpack_publicize_message":"","jetpack_publicize_feature_enabled":true,"jetpack_social_post_already_shared":true,"jetpack_social_options":{"image_generator_settings":{"template":"highway","default_image_id":0,"font":"","enabled":false},"version":2}},"categories":[901,14583,1],"tags":[53,1300],"class_list":["post-79098","post","type-post","status-publish","format-standard","has-post-thumbnail","hentry","category-1950-1959","category-efemerides","category-portada","tag-53","tag-gil-gomez-bajuelo-discobolo"],"jetpack_publicize_connections":[],"jetpack_featured_media_url":"https:\/\/i0.wp.com\/www.manquepierda.com\/historiarealbetis\/files\/2021\/04\/15-1951-Homenaje-a-Gil-Gomez-Bajuelo.jpg?fit=312%2C412&ssl=1","jetpack_sharing_enabled":true,"jetpack_shortlink":"https:\/\/wp.me\/p1ij08-kzM","jetpack-related-posts":[],"_links":{"self":[{"href":"https:\/\/www.manquepierda.com\/historiarealbetis\/wp-json\/wp\/v2\/posts\/79098","targetHints":{"allow":["GET"]}}],"collection":[{"href":"https:\/\/www.manquepierda.com\/historiarealbetis\/wp-json\/wp\/v2\/posts"}],"about":[{"href":"https:\/\/www.manquepierda.com\/historiarealbetis\/wp-json\/wp\/v2\/types\/post"}],"author":[{"embeddable":true,"href":"https:\/\/www.manquepierda.com\/historiarealbetis\/wp-json\/wp\/v2\/users\/5"}],"replies":[{"embeddable":true,"href":"https:\/\/www.manquepierda.com\/historiarealbetis\/wp-json\/wp\/v2\/comments?post=79098"}],"version-history":[{"count":2,"href":"https:\/\/www.manquepierda.com\/historiarealbetis\/wp-json\/wp\/v2\/posts\/79098\/revisions"}],"predecessor-version":[{"id":93298,"href":"https:\/\/www.manquepierda.com\/historiarealbetis\/wp-json\/wp\/v2\/posts\/79098\/revisions\/93298"}],"wp:featuredmedia":[{"embeddable":true,"href":"https:\/\/www.manquepierda.com\/historiarealbetis\/wp-json\/wp\/v2\/media\/79099"}],"wp:attachment":[{"href":"https:\/\/www.manquepierda.com\/historiarealbetis\/wp-json\/wp\/v2\/media?parent=79098"}],"wp:term":[{"taxonomy":"category","embeddable":true,"href":"https:\/\/www.manquepierda.com\/historiarealbetis\/wp-json\/wp\/v2\/categories?post=79098"},{"taxonomy":"post_tag","embeddable":true,"href":"https:\/\/www.manquepierda.com\/historiarealbetis\/wp-json\/wp\/v2\/tags?post=79098"}],"curies":[{"name":"wp","href":"https:\/\/api.w.org\/{rel}","templated":true}]}}