{"id":79150,"date":"2021-04-23T09:18:00","date_gmt":"2021-04-23T07:18:00","guid":{"rendered":"https:\/\/www.manquepierda.com\/historiarealbetis\/?p=79150"},"modified":"2024-08-11T15:12:31","modified_gmt":"2024-08-11T13:12:31","slug":"alineacion-real-madrid-betis-liga-1959","status":"publish","type":"post","link":"https:\/\/www.manquepierda.com\/historiarealbetis\/alineacion-real-madrid-betis-liga-1959\/","title":{"rendered":"Alineaci\u00f3n Real Madrid-Betis Liga 1959."},"content":{"rendered":"\n<div class=\"wp-block-image\"><figure class=\"aligncenter size-large\"><img data-recalc-dims=\"1\" loading=\"lazy\" decoding=\"async\" width=\"960\" height=\"638\" src=\"https:\/\/i0.wp.com\/www.manquepierda.com\/historiarealbetis\/files\/2021\/04\/Alineacion-Real-Madrid-Betis-Liga-1959.jpg?resize=960%2C638&#038;ssl=1\" alt=\"\" class=\"wp-image-79151\" srcset=\"https:\/\/i0.wp.com\/www.manquepierda.com\/historiarealbetis\/files\/2021\/04\/Alineacion-Real-Madrid-Betis-Liga-1959.jpg?resize=960%2C638&amp;ssl=1 960w, https:\/\/i0.wp.com\/www.manquepierda.com\/historiarealbetis\/files\/2021\/04\/Alineacion-Real-Madrid-Betis-Liga-1959.jpg?resize=680%2C452&amp;ssl=1 680w, https:\/\/i0.wp.com\/www.manquepierda.com\/historiarealbetis\/files\/2021\/04\/Alineacion-Real-Madrid-Betis-Liga-1959.jpg?resize=220%2C146&amp;ssl=1 220w, https:\/\/i0.wp.com\/www.manquepierda.com\/historiarealbetis\/files\/2021\/04\/Alineacion-Real-Madrid-Betis-Liga-1959.jpg?resize=768%2C511&amp;ssl=1 768w, https:\/\/i0.wp.com\/www.manquepierda.com\/historiarealbetis\/files\/2021\/04\/Alineacion-Real-Madrid-Betis-Liga-1959.jpg?w=1006&amp;ssl=1 1006w\" sizes=\"auto, (max-width: 960px) 100vw, 960px\" \/><\/figure><\/div>\n\n\n<p>1 de febrero de 1959 en el Bernab\u00e9u Real Madrid 4 Betis 2; jornada 20 del Campeonato de Liga de Primera Divisi\u00f3n.<\/p>\n<p>En la imagen arriba Men\u00e9ndez, Oliet, R\u00edos, Santos, Isidro y Valderas; abajo Vicente Montiel, Casta\u00f1o, Kuszmann, Moreira, Lasa y Del Sol.<\/p>\n<p>Un partido muy competido en el que se adelant\u00f3 el equipo local con un remate de cabeza de Rial en el minuto 4. En el 26 empataba Del Sol tras una jugada personal en el \u00e1rea madridista, y en el 31 era Herrera el que marcaba para el equipo local tras un rechace del guardameta verdiblanco Men\u00e9ndez. En el 37, tras un fallo de R\u00edo, Di St\u00e9fano hac\u00eda el 3-1, y en el 70 Casta\u00f1o acortaba distancias tras una falta sacada por Santos. Con el Betis volcado buscando el empate un contrataque madridista en el 74 supon\u00eda el definitivo 4-2 tras un remate de Herrera.<\/p>\n<p>Luis Carniglia entrenaba al Real Madrid y Antonio Barrios al Betis.&nbsp;&nbsp;<\/p>","protected":false},"excerpt":{"rendered":"<p>1 de febrero de 1959 en el Bernab\u00e9u Real Madrid 4 Betis 2; jornada 20 del Campeonato de Liga de Primera Divisi\u00f3n. En la imagen arriba Men\u00e9ndez, Oliet, R\u00edos, Santos, Isidro y Valderas; abajo Vicente Montiel, Casta\u00f1o, Kuszmann, Moreira, Lasa y Del Sol. Un partido muy competido en el que se adelant\u00f3 el equipo local&#8230;<\/p>\n","protected":false},"author":5,"featured_media":79151,"comment_status":"open","ping_status":"open","sticky":false,"template":"","format":"standard","meta":{"_kad_post_transparent":"","_kad_post_title":"","_kad_post_layout":"","_kad_post_sidebar_id":"","_kad_post_content_style":"","_kad_post_vertical_padding":"","_kad_post_feature":"","_kad_post_feature_position":"","_kad_post_header":false,"_kad_post_footer":false,"_kad_post_classname":"","_jetpack_memberships_contains_paid_content":false,"footnotes":"","jetpack_publicize_message":"","jetpack_publicize_feature_enabled":true,"jetpack_social_post_already_shared":true,"jetpack_social_options":{"image_generator_settings":{"template":"highway","default_image_id":0,"font":"","enabled":false},"version":2}},"categories":[901,1],"tags":[2248,1538,1212,1435,1342,1599,3508,1388,1319,17789,541,4119,1140,13362,1606,1600],"class_list":["post-79150","post","type-post","status-publish","format-standard","has-post-thumbnail","hentry","category-1950-1959","category-portada","tag-1958-59","tag-1538","tag-eusebio-rios","tag-fernando-santos","tag-heliodoro-castano","tag-isidro-sanchez","tag-janos-kuszmann","tag-jose-valderas","tag-leon-lasa","tag-liga-primera-1958-59","tag-luis-del-sol","tag-luis-menendez","tag-ramon-oliet","tag-real-madrid-cf","tag-vicente-montiel","tag-wilson-moreira"],"jetpack_publicize_connections":[],"jetpack_featured_media_url":"https:\/\/i0.wp.com\/www.manquepierda.com\/historiarealbetis\/files\/2021\/04\/Alineacion-Real-Madrid-Betis-Liga-1959.jpg?fit=1006%2C669&ssl=1","jetpack_sharing_enabled":true,"jetpack_shortlink":"https:\/\/wp.me\/p1ij08-kAC","jetpack-related-posts":[],"_links":{"self":[{"href":"https:\/\/www.manquepierda.com\/historiarealbetis\/wp-json\/wp\/v2\/posts\/79150","targetHints":{"allow":["GET"]}}],"collection":[{"href":"https:\/\/www.manquepierda.com\/historiarealbetis\/wp-json\/wp\/v2\/posts"}],"about":[{"href":"https:\/\/www.manquepierda.com\/historiarealbetis\/wp-json\/wp\/v2\/types\/post"}],"author":[{"embeddable":true,"href":"https:\/\/www.manquepierda.com\/historiarealbetis\/wp-json\/wp\/v2\/users\/5"}],"replies":[{"embeddable":true,"href":"https:\/\/www.manquepierda.com\/historiarealbetis\/wp-json\/wp\/v2\/comments?post=79150"}],"version-history":[{"count":1,"href":"https:\/\/www.manquepierda.com\/historiarealbetis\/wp-json\/wp\/v2\/posts\/79150\/revisions"}],"predecessor-version":[{"id":96108,"href":"https:\/\/www.manquepierda.com\/historiarealbetis\/wp-json\/wp\/v2\/posts\/79150\/revisions\/96108"}],"wp:featuredmedia":[{"embeddable":true,"href":"https:\/\/www.manquepierda.com\/historiarealbetis\/wp-json\/wp\/v2\/media\/79151"}],"wp:attachment":[{"href":"https:\/\/www.manquepierda.com\/historiarealbetis\/wp-json\/wp\/v2\/media?parent=79150"}],"wp:term":[{"taxonomy":"category","embeddable":true,"href":"https:\/\/www.manquepierda.com\/historiarealbetis\/wp-json\/wp\/v2\/categories?post=79150"},{"taxonomy":"post_tag","embeddable":true,"href":"https:\/\/www.manquepierda.com\/historiarealbetis\/wp-json\/wp\/v2\/tags?post=79150"}],"curies":[{"name":"wp","href":"https:\/\/api.w.org\/{rel}","templated":true}]}}