{"id":79159,"date":"2026-04-28T12:00:00","date_gmt":"2026-04-28T10:00:00","guid":{"rendered":"https:\/\/www.manquepierda.com\/historiarealbetis\/?p=79159"},"modified":"2026-03-14T14:57:10","modified_gmt":"2026-03-14T13:57:10","slug":"hoy-hace-30-anos-espanyol-2-betis-2-2","status":"publish","type":"post","link":"https:\/\/www.manquepierda.com\/historiarealbetis\/hoy-hace-30-anos-espanyol-2-betis-2-2\/","title":{"rendered":"Hoy hace 35 a\u00f1os. Espanyol 2 Betis 2."},"content":{"rendered":"<div class=\"wp-block-image is-resized\">\n<figure class=\"aligncenter size-large\"><img data-recalc-dims=\"1\" loading=\"lazy\" decoding=\"async\" width=\"482\" height=\"331\" src=\"https:\/\/i0.wp.com\/www.manquepierda.com\/historiarealbetis\/files\/2021\/04\/28-1991-Espanol-2-Betis-2.jpg?resize=482%2C331&#038;ssl=1\" alt=\"\" class=\"wp-image-79160\" srcset=\"https:\/\/i0.wp.com\/www.manquepierda.com\/historiarealbetis\/files\/2021\/04\/28-1991-Espanol-2-Betis-2.jpg?w=482&amp;ssl=1 482w, https:\/\/i0.wp.com\/www.manquepierda.com\/historiarealbetis\/files\/2021\/04\/28-1991-Espanol-2-Betis-2.jpg?resize=220%2C151&amp;ssl=1 220w\" sizes=\"auto, (max-width: 482px) 100vw, 482px\" \/><\/figure>\n<\/div>\n\n<p><span style=\"color: #008000;\">El 28 de abril de 1991 Espanyol y Betis empatan a 2 en Sarri\u00e1 en partido de la jornada 32 del Campeonato de Liga de Primera Divisi\u00f3n.<\/span><\/p>\n<p><span style=\"color: #008000;\">Fue Ure\u00f1a en el minuto 5 quien hizo el 0-1de cabeza a la salida de un saque de esquina. En el 28 en un contrataque conducido por Bilek fue Merino quien remat\u00f3 el 0-2. En el 71 Ezequiel Castillo acort\u00f3 distancias a centro de Mendiondo y el 91 una volea de M\u00e1gico D\u00edaz supuso el empate definitivo.<\/span><\/p>\n<p><span style=\"color: #008000;\">El Espanyol, entrenado por Luis Aragon\u00e9s, form\u00f3 con Biurrun; Mendiondo, Albesa, Sergio, Mino (32, Escaich), Eloy; Castillo, Francisco, Gay; Ogris y Wuttke (68, M\u00e1gico D\u00edaz).<\/span><\/p>\n<p><span style=\"color: #008000;\">El Betis, dirigido por Jos\u00e9 Ram\u00f3n Esnaola, aline\u00f3 a Trujillo; Le\u00f3n, Antonio Fernando, Julio, Ure\u00f1a, Rodolfo; Chano, Merino, Vi\u00f1als (87, Perdomo), Bilek; Mel (78, Valent\u00edn). \u00a0<\/span><\/p>","protected":false},"excerpt":{"rendered":"<p>El 28 de abril de 1991 Espanyol y Betis empatan a 2 en Sarri\u00e1 en partido de la jornada 32 del Campeonato de Liga de Primera Divisi\u00f3n. Fue Ure\u00f1a en el minuto 5 quien hizo el 0-1de cabeza a la salida de un saque de esquina. En el 28 en un contrataque conducido por Bilek&#8230;<\/p>\n","protected":false},"author":5,"featured_media":79160,"comment_status":"open","ping_status":"open","sticky":false,"template":"","format":"standard","meta":{"_kad_post_transparent":"","_kad_post_title":"","_kad_post_layout":"","_kad_post_sidebar_id":"","_kad_post_content_style":"","_kad_post_vertical_padding":"","_kad_post_feature":"","_kad_post_feature_position":"","_kad_post_header":false,"_kad_post_footer":false,"_kad_post_classname":"","_jetpack_memberships_contains_paid_content":false,"footnotes":"","jetpack_publicize_message":"","jetpack_publicize_feature_enabled":true,"jetpack_social_post_already_shared":true,"jetpack_social_options":{"image_generator_settings":{"template":"highway","default_image_id":0,"font":"","enabled":false},"version":2}},"categories":[905,14583,1],"tags":[4649,17889,711],"class_list":["post-79159","post","type-post","status-publish","format-standard","has-post-thumbnail","hentry","category-1990-1999","category-efemerides","category-portada","tag-4649","tag-liga-primera-1990-91","tag-rcd-espanyol"],"jetpack_publicize_connections":[],"jetpack_featured_media_url":"https:\/\/i0.wp.com\/www.manquepierda.com\/historiarealbetis\/files\/2021\/04\/28-1991-Espanol-2-Betis-2.jpg?fit=482%2C331&ssl=1","jetpack_sharing_enabled":true,"jetpack_shortlink":"https:\/\/wp.me\/p1ij08-kAL","jetpack-related-posts":[],"_links":{"self":[{"href":"https:\/\/www.manquepierda.com\/historiarealbetis\/wp-json\/wp\/v2\/posts\/79159","targetHints":{"allow":["GET"]}}],"collection":[{"href":"https:\/\/www.manquepierda.com\/historiarealbetis\/wp-json\/wp\/v2\/posts"}],"about":[{"href":"https:\/\/www.manquepierda.com\/historiarealbetis\/wp-json\/wp\/v2\/types\/post"}],"author":[{"embeddable":true,"href":"https:\/\/www.manquepierda.com\/historiarealbetis\/wp-json\/wp\/v2\/users\/5"}],"replies":[{"embeddable":true,"href":"https:\/\/www.manquepierda.com\/historiarealbetis\/wp-json\/wp\/v2\/comments?post=79159"}],"version-history":[{"count":3,"href":"https:\/\/www.manquepierda.com\/historiarealbetis\/wp-json\/wp\/v2\/posts\/79159\/revisions"}],"predecessor-version":[{"id":107163,"href":"https:\/\/www.manquepierda.com\/historiarealbetis\/wp-json\/wp\/v2\/posts\/79159\/revisions\/107163"}],"wp:featuredmedia":[{"embeddable":true,"href":"https:\/\/www.manquepierda.com\/historiarealbetis\/wp-json\/wp\/v2\/media\/79160"}],"wp:attachment":[{"href":"https:\/\/www.manquepierda.com\/historiarealbetis\/wp-json\/wp\/v2\/media?parent=79159"}],"wp:term":[{"taxonomy":"category","embeddable":true,"href":"https:\/\/www.manquepierda.com\/historiarealbetis\/wp-json\/wp\/v2\/categories?post=79159"},{"taxonomy":"post_tag","embeddable":true,"href":"https:\/\/www.manquepierda.com\/historiarealbetis\/wp-json\/wp\/v2\/tags?post=79159"}],"curies":[{"name":"wp","href":"https:\/\/api.w.org\/{rel}","templated":true}]}}