{"id":7922,"date":"2011-01-12T08:47:20","date_gmt":"2011-01-12T08:47:20","guid":{"rendered":"http:\/\/www.manquepierda.com\/historiarealbetis\/?p=7922"},"modified":"2025-01-14T07:31:54","modified_gmt":"2025-01-14T06:31:54","slug":"empate-historico-en-la-copa","status":"publish","type":"post","link":"https:\/\/www.manquepierda.com\/historiarealbetis\/empate-historico-en-la-copa\/","title":{"rendered":"Empate hist\u00f3rico en la Copa"},"content":{"rendered":"<figure id=\"attachment_7932\" aria-describedby=\"caption-attachment-7932\" style=\"width: 755px\" class=\"wp-caption aligncenter\"><a class=\"lightbox\" title=\"Barcelona-Betis ABC 29-4-1930\" href=\"https:\/\/i0.wp.com\/www.manquepierda.com\/historiarealbetis\/files\/2011\/01\/Barcelona-Betis-ABC-29-4-1930.jpg?ssl=1\"><img data-recalc-dims=\"1\" loading=\"lazy\" decoding=\"async\" class=\"size-full wp-image-7932\" src=\"https:\/\/i0.wp.com\/www.manquepierda.com\/historiarealbetis\/files\/2011\/01\/Barcelona-Betis-ABC-29-4-1930.jpg?resize=755%2C880&#038;ssl=1\" alt=\"Fuente: ABC 29 de Abril de 1930\" width=\"755\" height=\"880\" srcset=\"https:\/\/i0.wp.com\/www.manquepierda.com\/historiarealbetis\/files\/2011\/01\/Barcelona-Betis-ABC-29-4-1930.jpg?w=755&amp;ssl=1 755w, https:\/\/i0.wp.com\/www.manquepierda.com\/historiarealbetis\/files\/2011\/01\/Barcelona-Betis-ABC-29-4-1930.jpg?resize=257%2C300&amp;ssl=1 257w\" sizes=\"auto, (max-width: 755px) 100vw, 755px\" \/><\/a><figcaption id=\"caption-attachment-7932\" class=\"wp-caption-text\">Fuente: ABC 29 de Abril de 1930<\/figcaption><\/figure>\n<p>Cuando esta noche a las 22 horas Barcelona y Betis comiencen a dirimir el partido de ida de los Cuartos de Final de la Copa en el Nou Camp estar\u00e1n empatados en el balance hist\u00f3rico de sus enfrentamientos en el torneo de Copa, dado que se han enfrentado en 8 ocasiones y cada uno de ellos ha resultado vencedor en 4.<\/p>\n<p>Dentro de una semana en Heli\u00f3polis conoceremos de qu\u00e9 lado se inclina la balanza de los enfrentamientos coperos.<\/p>\n<p>He aqu\u00ed un res\u00famen de estas eliminatorias:<\/p>\n<p>La primera vez que Barcelona y Betis se enfrentan es en los cuartos de final\u00a0 en 1927. Es la segunda ocasi\u00f3n en que el Betis participa en el torneo, en su condici\u00f3n de subcampe\u00f3n de Andaluc\u00eda, y en la primera fase del Campeonato de Espa\u00f1a, que es el nombre de la competici\u00f3n\u00a0 en esos a\u00f1os, deja en la cuneta al subcampe\u00f3n de la Regi\u00f3n Centro, el Athletic de Madrid, lo que constituye una sorpresa.<\/p>\n<p>Le toca enfrentarse con el Barcelona, que en ese momento es el vigente Campe\u00f3n del \u00fanico torneo de car\u00e1cter nacional que se jugaba, pues el torneo de Liga a\u00fan no exist\u00eda.<\/p>\n<p>En la ida en Les Corts el Barcelona se impone 4-1 un 17 de Abril de 1927 con goles de Carulla, Walter y Alc\u00e1ntara (2) para el Barcelona y Carrasco para el Betis, mientras que en la vuelta en el Patronato el Betis vence\u00a0 1-0\u00a0 de nuevo con gol de Carrasco. Se impone un partido de desempate, pues en esa \u00e9poca lo que cuentan son las victorias y no la diferencia de goles.<\/p>\n<figure id=\"attachment_7924\" aria-describedby=\"caption-attachment-7924\" style=\"width: 282px\" class=\"wp-caption aligncenter\"><a class=\"lightbox\" title=\"Barcelona-Betis Copa Anuncio Mundo Deportivo 17-4-1927\" href=\"https:\/\/i0.wp.com\/www.manquepierda.com\/historiarealbetis\/files\/2011\/01\/Barcelona-Betis-Copa-Anuncio-Mundo-Deportivo-17-4-1927.jpg?ssl=1\"><img data-recalc-dims=\"1\" loading=\"lazy\" decoding=\"async\" class=\"size-full wp-image-7924\" src=\"https:\/\/i0.wp.com\/www.manquepierda.com\/historiarealbetis\/files\/2011\/01\/Barcelona-Betis-Copa-Anuncio-Mundo-Deportivo-17-4-1927.jpg?resize=282%2C279&#038;ssl=1\" alt=\"Fuente: Mundo Deportivo 17 de Abril de 1927\" width=\"282\" height=\"279\" \/><\/a><figcaption id=\"caption-attachment-7924\" class=\"wp-caption-text\">Fuente: Mundo Deportivo 17 de Abril de 1927<\/figcaption><\/figure>\n<p>El 2 de Mayo en Chamart\u00edn se disputa un tercer partido para designar el semifinalista, imponi\u00e9ndose por 1-0 el conjunto azulgrana con gol de Samitier en un partido de gran dureza.<\/p>\n<figure id=\"attachment_7923\" aria-describedby=\"caption-attachment-7923\" style=\"width: 812px\" class=\"wp-caption aligncenter\"><a class=\"lightbox\" title=\"Barcelona-Betis ABC 3-5-1927\" href=\"https:\/\/i0.wp.com\/www.manquepierda.com\/historiarealbetis\/files\/2011\/01\/Barcelona-Betis-ABC-3-5-1927.jpg?ssl=1\"><img data-recalc-dims=\"1\" loading=\"lazy\" decoding=\"async\" class=\"size-full wp-image-7923\" src=\"https:\/\/i0.wp.com\/www.manquepierda.com\/historiarealbetis\/files\/2011\/01\/Barcelona-Betis-ABC-3-5-1927.jpg?resize=812%2C302&#038;ssl=1\" alt=\"Fuente: ABC 3 de Mayo de 1927\" width=\"812\" height=\"302\" srcset=\"https:\/\/i0.wp.com\/www.manquepierda.com\/historiarealbetis\/files\/2011\/01\/Barcelona-Betis-ABC-3-5-1927.jpg?w=812&amp;ssl=1 812w, https:\/\/i0.wp.com\/www.manquepierda.com\/historiarealbetis\/files\/2011\/01\/Barcelona-Betis-ABC-3-5-1927.jpg?resize=300%2C111&amp;ssl=1 300w\" sizes=\"auto, (max-width: 812px) 100vw, 812px\" \/><\/a><figcaption id=\"caption-attachment-7923\" class=\"wp-caption-text\">Fuente: ABC 3 de Mayo de 1927<\/figcaption><\/figure>\n<p>Los a\u00f1os 30 son pr\u00f3digos en enfrentamientos de Copa entre Barcelona y Betis. El primero de ellos se produce en los octavos de final de 1930. En el partido de ida Betis y Barcelona empatan a 1, en un nuevo choque lleno de pol\u00e9mica disputado en el entonces Estadio de la Exposici\u00f3n, en vez del terreno habitual del Patronato, pues dada su mayor capacidad de espectadores se traslad\u00f3 all\u00ed el encuentro ante la gran expectaci\u00f3n levantada.<\/p>\n<p>Se adelanta el Betis con gol de Manol\u00edn y la desafortunada actuaci\u00f3n del \u00e1rbitro, Sr. Melc\u00f3n, enciende las iras del p\u00fablico, al no pitar dos penaltis en el \u00e1rea barcelonista y dar validez al empate de Arocha en posici\u00f3n dudosa.\u00a0 Cuando en el descanso el \u00e1rbitro se retira es increpado por el p\u00fablico y hace una serie de gestos al respetable que derivan en un esc\u00e1ndalo de orden p\u00fablico, con lanzamiento de sillas y multitud de objetos al campo de juego. El partido es suspendido en el descanso y no se reanuda, finalizando con empate a 1.<\/p>\n<figure id=\"attachment_7926\" aria-describedby=\"caption-attachment-7926\" style=\"width: 576px\" class=\"wp-caption aligncenter\"><a class=\"lightbox\" title=\"Betis-Barcelona Mundo Deportivo 23-4-1930\" href=\"https:\/\/i0.wp.com\/www.manquepierda.com\/historiarealbetis\/files\/2011\/01\/Betis-Barcelona-Mundo-Deportivo-23-4-1930.jpg?ssl=1\"><img data-recalc-dims=\"1\" loading=\"lazy\" decoding=\"async\" class=\"size-full wp-image-7926\" src=\"https:\/\/i0.wp.com\/www.manquepierda.com\/historiarealbetis\/files\/2011\/01\/Betis-Barcelona-Mundo-Deportivo-23-4-1930.jpg?resize=576%2C380&#038;ssl=1\" alt=\"\" width=\"576\" height=\"380\" srcset=\"https:\/\/i0.wp.com\/www.manquepierda.com\/historiarealbetis\/files\/2011\/01\/Betis-Barcelona-Mundo-Deportivo-23-4-1930.jpg?w=576&amp;ssl=1 576w, https:\/\/i0.wp.com\/www.manquepierda.com\/historiarealbetis\/files\/2011\/01\/Betis-Barcelona-Mundo-Deportivo-23-4-1930.jpg?resize=300%2C197&amp;ssl=1 300w\" sizes=\"auto, (max-width: 576px) 100vw, 576px\" \/><\/a><figcaption id=\"caption-attachment-7926\" class=\"wp-caption-text\">Fuente: Mundo Deportivo 23 de Abril de 1930. El \u00e1rbitro se dirige al p\u00fablico <\/figcaption><\/figure>\n<p style=\"text-align: center\">En el partido de vuelta en Les Corts el Barcelona se impone con claridad por 2 a 0\u00a0 con goles de Parera y Samitier.<\/p>\n<p style=\"text-align: center\">\n<p style=\"text-align: center\">El torneo de Copa del Presidente de la Rep\u00fablica, nueva denominaci\u00f3n del torneo copero, de 1933 ver\u00e1 la primera victoria b\u00e9tica. Se enfrentan esta vez en dieciseisavos de final en la primera temporada de los verdiblancos en Primera Divisi\u00f3n, donde han terminado en un magn\u00edfico quinto puesto. El 9 de Abril en Les Corts el Barcelona vence por 2 a 0, marcados los dos por Arocha en la segunda parte.<\/p>\n<p style=\"text-align: center\">En el encuentro de vuelta jugado en el Patronato el 16 de Abril el Betis arrolla al Barcelona, venci\u00e9ndole por 4 a 0 con goles de Garc\u00eda de la Puerta, Capillas (2 ) y Timimi, incluso fallando Lecue un penalti.<\/p>\n<p style=\"text-align: center\">\n<p style=\"text-align: center\">\n<figure id=\"attachment_7927\" aria-describedby=\"caption-attachment-7927\" style=\"width: 569px\" class=\"wp-caption aligncenter\"><a class=\"lightbox\" title=\"Betis-Barcelona caricattua Mundo Deportivo 19-4-1933\" href=\"https:\/\/i0.wp.com\/www.manquepierda.com\/historiarealbetis\/files\/2011\/01\/Betis-Barcelona-caricattua-Mundo-Deportivo-19-4-1933.jpg?ssl=1\"><img data-recalc-dims=\"1\" loading=\"lazy\" decoding=\"async\" class=\"size-full wp-image-7927\" src=\"https:\/\/i0.wp.com\/www.manquepierda.com\/historiarealbetis\/files\/2011\/01\/Betis-Barcelona-caricattua-Mundo-Deportivo-19-4-1933.jpg?resize=569%2C356&#038;ssl=1\" alt=\"Fuente: Mundo Deportivo 19 de Abril de 1933\" width=\"569\" height=\"356\" srcset=\"https:\/\/i0.wp.com\/www.manquepierda.com\/historiarealbetis\/files\/2011\/01\/Betis-Barcelona-caricattua-Mundo-Deportivo-19-4-1933.jpg?w=569&amp;ssl=1 569w, https:\/\/i0.wp.com\/www.manquepierda.com\/historiarealbetis\/files\/2011\/01\/Betis-Barcelona-caricattua-Mundo-Deportivo-19-4-1933.jpg?resize=300%2C187&amp;ssl=1 300w\" sizes=\"auto, (max-width: 569px) 100vw, 569px\" \/><\/a><figcaption id=\"caption-attachment-7927\" class=\"wp-caption-text\">Fuente: Mundo Deportivo 19 de Abril de 1933<\/figcaption><\/figure>\n<p style=\"text-align: center\">Al a\u00f1o siguiente Betis y Barcelona se vuelven a cruzar en cuartos de final. En la ida, disputada en Les Corts el 8 de Abril de 1934, el Betis se impone 1-2, con goles de Ram\u00f3n para los locales y Unamuno (2) para los visitantes.<\/p>\n<p style=\"text-align: center\">\n<figure id=\"attachment_7928\" aria-describedby=\"caption-attachment-7928\" style=\"width: 855px\" class=\"wp-caption aligncenter\"><a class=\"lightbox\" title=\"Barcelona-Betis Copa  Mundo Deportivo 10-4-1934\" href=\"https:\/\/i0.wp.com\/www.manquepierda.com\/historiarealbetis\/files\/2011\/01\/Barcelona-Betis-Copa-Mundo-Deportivo-10-4-1934.jpg?ssl=1\"><img data-recalc-dims=\"1\" loading=\"lazy\" decoding=\"async\" class=\"size-full wp-image-7928\" src=\"https:\/\/i0.wp.com\/www.manquepierda.com\/historiarealbetis\/files\/2011\/01\/Barcelona-Betis-Copa-Mundo-Deportivo-10-4-1934.jpg?resize=855%2C510&#038;ssl=1\" alt=\"Fuente: Mundo Deportivo 10 de Abril de 1934\" width=\"855\" height=\"510\" srcset=\"https:\/\/i0.wp.com\/www.manquepierda.com\/historiarealbetis\/files\/2011\/01\/Barcelona-Betis-Copa-Mundo-Deportivo-10-4-1934.jpg?w=855&amp;ssl=1 855w, https:\/\/i0.wp.com\/www.manquepierda.com\/historiarealbetis\/files\/2011\/01\/Barcelona-Betis-Copa-Mundo-Deportivo-10-4-1934.jpg?resize=300%2C178&amp;ssl=1 300w\" sizes=\"auto, (max-width: 855px) 100vw, 855px\" \/><\/a><figcaption id=\"caption-attachment-7928\" class=\"wp-caption-text\">Fuente: Mundo Deportivo 10 de Abril de 1934<\/figcaption><\/figure>\n<p style=\"text-align: center\">\n<p style=\"text-align: center\">El 15 de Abril se disputa el encuentro de vuelta en el Patronato, que concluye con empate a 2 con tantos de Enrique para el Betis y Goiburu y Vantolr\u00e1 para el Barcelona. El Betis dejaba fuera de la Copa por segunda vez consecutiva al Barcelona y se plantaba en semifinales.<\/p>\n<p style=\"text-align: center\">\n<figure id=\"attachment_7929\" aria-describedby=\"caption-attachment-7929\" style=\"width: 355px\" class=\"wp-caption aligncenter\"><a class=\"lightbox\" title=\"Dibujo Oselito ABC 17-4-1934\" href=\"https:\/\/i0.wp.com\/www.manquepierda.com\/historiarealbetis\/files\/2011\/01\/Dibujo-Oselito-ABC-17-4-1934.jpg?ssl=1\"><img data-recalc-dims=\"1\" loading=\"lazy\" decoding=\"async\" class=\"size-full wp-image-7929\" src=\"https:\/\/i0.wp.com\/www.manquepierda.com\/historiarealbetis\/files\/2011\/01\/Dibujo-Oselito-ABC-17-4-1934.jpg?resize=355%2C433&#038;ssl=1\" alt=\"Fuente: ABC 17 de Abril de 1934. Dibujo de Mart\u00ednez de Le\u00f3n.\" width=\"355\" height=\"433\" srcset=\"https:\/\/i0.wp.com\/www.manquepierda.com\/historiarealbetis\/files\/2011\/01\/Dibujo-Oselito-ABC-17-4-1934.jpg?w=355&amp;ssl=1 355w, https:\/\/i0.wp.com\/www.manquepierda.com\/historiarealbetis\/files\/2011\/01\/Dibujo-Oselito-ABC-17-4-1934.jpg?resize=245%2C300&amp;ssl=1 245w\" sizes=\"auto, (max-width: 355px) 100vw, 355px\" \/><\/a><figcaption id=\"caption-attachment-7929\" class=\"wp-caption-text\">Fuente: ABC 17 de Abril de 1934. Dibujo de Mart\u00ednez de Le\u00f3n.<\/figcaption><\/figure>\n<p>No ser\u00e1 hasta 25 a\u00f1os despu\u00e9s cuando se vuelven a enfrentar los dos equipos, en los cuartos de final de\u00a0 la Copa del General\u00edsimo de 1959. Enfrentar es un decir, porque el 24 de mayo de 1959 el Bar\u00e7a se exhibe en Heli\u00f3polis venciendo con un 0-6 rotundo, obra de Kocsis (4), Mart\u00ednez y Segarra. Es un fabuloso Barcelona dirigido por Helenio Herrera y\u00a0 que ese a\u00f1o gana el doblete, mientras que el Betis ha vuelto esa temporada a la \u00e9lite futbol\u00edstica despu\u00e9s de 15 a\u00f1os.<\/p>\n<figure id=\"attachment_7933\" aria-describedby=\"caption-attachment-7933\" style=\"width: 617px\" class=\"wp-caption aligncenter\"><a class=\"lightbox\" title=\"Betis-Barcelona Mundo Deportivo 27-5-1959\" href=\"https:\/\/i0.wp.com\/www.manquepierda.com\/historiarealbetis\/files\/2011\/01\/Betis-Barcelona-Mundo-Deportivo-27-5-1959.jpg?ssl=1\"><img data-recalc-dims=\"1\" loading=\"lazy\" decoding=\"async\" class=\"size-full wp-image-7933\" src=\"https:\/\/i0.wp.com\/www.manquepierda.com\/historiarealbetis\/files\/2011\/01\/Betis-Barcelona-Mundo-Deportivo-27-5-1959.jpg?resize=617%2C416&#038;ssl=1\" alt=\"Fuente: Mundo Deportivo 27 de Mayo de 1959\" width=\"617\" height=\"416\" srcset=\"https:\/\/i0.wp.com\/www.manquepierda.com\/historiarealbetis\/files\/2011\/01\/Betis-Barcelona-Mundo-Deportivo-27-5-1959.jpg?w=617&amp;ssl=1 617w, https:\/\/i0.wp.com\/www.manquepierda.com\/historiarealbetis\/files\/2011\/01\/Betis-Barcelona-Mundo-Deportivo-27-5-1959.jpg?resize=300%2C202&amp;ssl=1 300w\" sizes=\"auto, (max-width: 617px) 100vw, 617px\" \/><\/a><figcaption id=\"caption-attachment-7933\" class=\"wp-caption-text\">Fuente: Mundo Deportivo 27 de Mayo de 1959<\/figcaption><\/figure>\n<p>En el tr\u00e1mite de la vuelta el 31 de Mayo el Barcelona vuelve a imponerse por 4 a 3, con goles de Gensana (2), Su\u00e1rez y Kocsis para los blaugranas y Paqui, Del Sol y Kuszman para los verdiblancos.<\/p>\n<p>Y vuelve a pasar otro cuarto de siglo, 26 a\u00f1os exactamente, para que Betis y Barcelona se vuelvan a ver las caras en la Copa del Rey. En 1985 el Barcelona se hace con el t\u00edtulo de Liga dirigido por Terry Venables, y se tiene que enfrentar al Betis en cuartos de final.\u00a0 Un Betis entrenado por Carriega y que 4 d\u00edas m\u00e1s tarde se salvar\u00e1 del descenso en un partido dram\u00e1tico en La Rosaleda que concluye con empate a 1 y manda al equipo malaguista a Segunda. Pero este mi\u00e9rcoles 17 de Abril el Betis da la campanada imponi\u00e9ndose por 3 a 1 al equipo que ha arrasado en el torneo de Liga. Rinc\u00f3n con dos goles y Gordillo pon\u00edan la eliminatoria muy cuesta arriba para los azulgranas, aunque un tanto de Calder\u00e9 al final del partido daba esperanzas a la remontada en el Nou Camp.<\/p>\n<figure id=\"attachment_7934\" aria-describedby=\"caption-attachment-7934\" style=\"width: 319px\" class=\"wp-caption aligncenter\"><a class=\"lightbox\" title=\"Betis-Barcelona Mundo Deportivo 18-4-1985\" href=\"https:\/\/i0.wp.com\/www.manquepierda.com\/historiarealbetis\/files\/2011\/01\/Betis-Barcelona-Mundo-Deportivo-18-4-1985.jpg?ssl=1\"><img data-recalc-dims=\"1\" loading=\"lazy\" decoding=\"async\" class=\"size-full wp-image-7934\" src=\"https:\/\/i0.wp.com\/www.manquepierda.com\/historiarealbetis\/files\/2011\/01\/Betis-Barcelona-Mundo-Deportivo-18-4-1985.jpg?resize=319%2C556&#038;ssl=1\" alt=\"Fuente: Mundo Deportivo 18 de Abril de 1985\" width=\"319\" height=\"556\" srcset=\"https:\/\/i0.wp.com\/www.manquepierda.com\/historiarealbetis\/files\/2011\/01\/Betis-Barcelona-Mundo-Deportivo-18-4-1985.jpg?w=319&amp;ssl=1 319w, https:\/\/i0.wp.com\/www.manquepierda.com\/historiarealbetis\/files\/2011\/01\/Betis-Barcelona-Mundo-Deportivo-18-4-1985.jpg?resize=172%2C300&amp;ssl=1 172w\" sizes=\"auto, (max-width: 319px) 100vw, 319px\" \/><\/a><figcaption id=\"caption-attachment-7934\" class=\"wp-caption-text\">Fuente: Mundo Deportivo 18 de Abril de 1985<\/figcaption><\/figure>\n<p>La vuelta se disputa en el Nou Camp el 15 de Mayo de 1985 y el Betis se adelant\u00f3 en el minuto 45 con gol de Gordillo; en la segunda parte Marcos y Archibald remontan el partido pero la victoria azulgrana por 2 a 1 no es suficiente y el Betis vuelve a estar en semifinales, dando la sorpresa de eliminar al campe\u00f3n de Liga.<\/p>\n<p>Y 9 a\u00f1os despu\u00e9s vuelve a saltar la sorpresa, pues en 1994 el Betis milita en Segunda Divisi\u00f3n y se cruza en cuartos de final con el \u00abdream team\u00bb de Johan Cruyff. El partido de ida se disputa en el Benito Villamar\u00edn un 26 de Enero de 1994 y concluye con empate a 0. Nadie parece dar nada por el equipo b\u00e9tico en la vuelta, pues el club en lo que est\u00e1 interesado en serio es en intentar subir a Primera Divisi\u00f3n.<\/p>\n<p>La sorpresa recorre toda la Espa\u00f1a futbol\u00edstica cuando con un gol de Juanito el Betis derrota al equipo azulgrana en su propio estadio y se planta en semifinales.<\/p>\n<figure id=\"attachment_7937\" aria-describedby=\"caption-attachment-7937\" style=\"width: 707px\" class=\"wp-caption aligncenter\"><a class=\"lightbox\" title=\"Barcelona-Betis Mundo Deportivo 4-2-1994\" href=\"https:\/\/i0.wp.com\/www.manquepierda.com\/historiarealbetis\/files\/2011\/01\/Barcelona-Betis-Mundo-Deportivo-4-2-1994.jpg?ssl=1\"><img data-recalc-dims=\"1\" loading=\"lazy\" decoding=\"async\" class=\"size-full wp-image-7937\" src=\"https:\/\/i0.wp.com\/www.manquepierda.com\/historiarealbetis\/files\/2011\/01\/Barcelona-Betis-Mundo-Deportivo-4-2-1994.jpg?resize=707%2C512&#038;ssl=1\" alt=\"Fuente: Mundo Deportivo 4 de Febrero de 1994\" width=\"707\" height=\"512\" srcset=\"https:\/\/i0.wp.com\/www.manquepierda.com\/historiarealbetis\/files\/2011\/01\/Barcelona-Betis-Mundo-Deportivo-4-2-1994.jpg?w=707&amp;ssl=1 707w, https:\/\/i0.wp.com\/www.manquepierda.com\/historiarealbetis\/files\/2011\/01\/Barcelona-Betis-Mundo-Deportivo-4-2-1994.jpg?resize=300%2C217&amp;ssl=1 300w\" sizes=\"auto, (max-width: 707px) 100vw, 707px\" \/><\/a><figcaption id=\"caption-attachment-7937\" class=\"wp-caption-text\">Fuente: Mundo Deportivo 4 de Febrero de 1994<\/figcaption><\/figure>\n<p>La venganza barcelonista llegar\u00e1 3 a\u00f1os despu\u00e9s, en el partido copero m\u00e1s importante que ambos clubs han jugado en sus enfrentamientos. El 28 de Junio de 1997 en el Bernab\u00e9u el Barcelona derrota en la gran final al Betis por 3 a 2. Alfonso y Finidi marcaron por los b\u00e9ticos y Figo (2) y Pizzi por los barcelonistas, en un partido en el que el Betis venc\u00eda por 2 a 1 a falta de 5 minutos y que en la pr\u00f3rroga se decant\u00f3 por los azulgranas.<\/p>\n<figure id=\"attachment_7938\" aria-describedby=\"caption-attachment-7938\" style=\"width: 461px\" class=\"wp-caption aligncenter\"><a class=\"lightbox\" title=\"Betis-Barcelona ABC 29-6-1997\" href=\"https:\/\/i0.wp.com\/www.manquepierda.com\/historiarealbetis\/files\/2011\/01\/Betis-Barcelona-ABC-29-6-1997.jpg?ssl=1\"><img data-recalc-dims=\"1\" loading=\"lazy\" decoding=\"async\" class=\"size-full wp-image-7938\" src=\"https:\/\/i0.wp.com\/www.manquepierda.com\/historiarealbetis\/files\/2011\/01\/Betis-Barcelona-ABC-29-6-1997.jpg?resize=461%2C651&#038;ssl=1\" alt=\"Fuente: ABC 29 de Junio de 1997\" width=\"461\" height=\"651\" srcset=\"https:\/\/i0.wp.com\/www.manquepierda.com\/historiarealbetis\/files\/2011\/01\/Betis-Barcelona-ABC-29-6-1997.jpg?w=461&amp;ssl=1 461w, https:\/\/i0.wp.com\/www.manquepierda.com\/historiarealbetis\/files\/2011\/01\/Betis-Barcelona-ABC-29-6-1997.jpg?resize=212%2C300&amp;ssl=1 212w\" sizes=\"auto, (max-width: 461px) 100vw, 461px\" \/><\/a><figcaption id=\"caption-attachment-7938\" class=\"wp-caption-text\">Fuente: ABC 29 de Junio de 1997<\/figcaption><\/figure>\n<p>Esperemos que nuestro club mantenga a su favor la estad\u00edstica en los enfrentamientos con el F\u00fatbol Club Barcelona.<\/p>\n","protected":false},"excerpt":{"rendered":"<p>Cuando esta noche a las 22 horas Barcelona y Betis comiencen a dirimir el partido de ida de los Cuartos de Final de la Copa en el Nou Camp estar\u00e1n empatados en el balance hist\u00f3rico de sus enfrentamientos en el torneo de Copa, dado que se han enfrentado en 8 ocasiones y cada uno de&#8230;<\/p>\n","protected":false},"author":5,"featured_media":7932,"comment_status":"open","ping_status":"open","sticky":false,"template":"","format":"standard","meta":{"_kad_post_transparent":"","_kad_post_title":"","_kad_post_layout":"","_kad_post_sidebar_id":"","_kad_post_content_style":"","_kad_post_vertical_padding":"","_kad_post_feature":"","_kad_post_feature_position":"","_kad_post_header":false,"_kad_post_footer":false,"_kad_post_classname":"","_jetpack_memberships_contains_paid_content":false,"footnotes":"","jetpack_publicize_message":"","jetpack_publicize_feature_enabled":true,"jetpack_social_post_already_shared":false,"jetpack_social_options":{"image_generator_settings":{"template":"highway","default_image_id":0,"font":"","enabled":false},"version":2}},"categories":[906,1],"tags":[17894,17896,18059,17878,17924,18140,17825,17869,1154],"class_list":["post-7922","post","type-post","status-publish","format-standard","has-post-thumbnail","hentry","category-investigacion-temas","category-portada","tag-copa-1926-27","tag-copa-1929-30","tag-copa-1932-33","tag-copa-1933-34","tag-copa-1958-59","tag-copa-1984-85","tag-copa-1993-94","tag-copa-1996-97","tag-fc-barcelona"],"jetpack_publicize_connections":[],"jetpack_featured_media_url":"https:\/\/i0.wp.com\/www.manquepierda.com\/historiarealbetis\/files\/2011\/01\/Barcelona-Betis-ABC-29-4-1930.jpg?fit=755%2C880&ssl=1","jetpack_sharing_enabled":true,"jetpack_shortlink":"https:\/\/wp.me\/p1ij08-23M","jetpack-related-posts":[],"_links":{"self":[{"href":"https:\/\/www.manquepierda.com\/historiarealbetis\/wp-json\/wp\/v2\/posts\/7922","targetHints":{"allow":["GET"]}}],"collection":[{"href":"https:\/\/www.manquepierda.com\/historiarealbetis\/wp-json\/wp\/v2\/posts"}],"about":[{"href":"https:\/\/www.manquepierda.com\/historiarealbetis\/wp-json\/wp\/v2\/types\/post"}],"author":[{"embeddable":true,"href":"https:\/\/www.manquepierda.com\/historiarealbetis\/wp-json\/wp\/v2\/users\/5"}],"replies":[{"embeddable":true,"href":"https:\/\/www.manquepierda.com\/historiarealbetis\/wp-json\/wp\/v2\/comments?post=7922"}],"version-history":[{"count":1,"href":"https:\/\/www.manquepierda.com\/historiarealbetis\/wp-json\/wp\/v2\/posts\/7922\/revisions"}],"predecessor-version":[{"id":98406,"href":"https:\/\/www.manquepierda.com\/historiarealbetis\/wp-json\/wp\/v2\/posts\/7922\/revisions\/98406"}],"wp:featuredmedia":[{"embeddable":true,"href":"https:\/\/www.manquepierda.com\/historiarealbetis\/wp-json\/wp\/v2\/media\/7932"}],"wp:attachment":[{"href":"https:\/\/www.manquepierda.com\/historiarealbetis\/wp-json\/wp\/v2\/media?parent=7922"}],"wp:term":[{"taxonomy":"category","embeddable":true,"href":"https:\/\/www.manquepierda.com\/historiarealbetis\/wp-json\/wp\/v2\/categories?post=7922"},{"taxonomy":"post_tag","embeddable":true,"href":"https:\/\/www.manquepierda.com\/historiarealbetis\/wp-json\/wp\/v2\/tags?post=7922"}],"curies":[{"name":"wp","href":"https:\/\/api.w.org\/{rel}","templated":true}]}}