{"id":79296,"date":"2024-05-06T12:00:00","date_gmt":"2024-05-06T10:00:00","guid":{"rendered":"https:\/\/www.manquepierda.com\/historiarealbetis\/?p=79296"},"modified":"2024-05-01T09:01:22","modified_gmt":"2024-05-01T07:01:22","slug":"hoy-hace-41-anos-nace-ricardo-oliveira","status":"publish","type":"post","link":"https:\/\/www.manquepierda.com\/historiarealbetis\/hoy-hace-41-anos-nace-ricardo-oliveira\/","title":{"rendered":"Hoy hace 44 a\u00f1os. Nace Ricardo Oliveira."},"content":{"rendered":"<div class=\"wp-block-image\">\n<figure class=\"aligncenter size-large\"><img data-recalc-dims=\"1\" loading=\"lazy\" decoding=\"async\" width=\"552\" height=\"700\" src=\"https:\/\/i0.wp.com\/www.manquepierda.com\/historiarealbetis\/files\/2021\/04\/6-1980-Nace-Ricardo-Oliveira.jpg?resize=552%2C700&#038;ssl=1\" alt=\"\" class=\"wp-image-79297\" srcset=\"https:\/\/i0.wp.com\/www.manquepierda.com\/historiarealbetis\/files\/2021\/04\/6-1980-Nace-Ricardo-Oliveira.jpg?resize=552%2C700&amp;ssl=1 552w, https:\/\/i0.wp.com\/www.manquepierda.com\/historiarealbetis\/files\/2021\/04\/6-1980-Nace-Ricardo-Oliveira.jpg?resize=473%2C600&amp;ssl=1 473w, https:\/\/i0.wp.com\/www.manquepierda.com\/historiarealbetis\/files\/2021\/04\/6-1980-Nace-Ricardo-Oliveira.jpg?resize=173%2C220&amp;ssl=1 173w, https:\/\/i0.wp.com\/www.manquepierda.com\/historiarealbetis\/files\/2021\/04\/6-1980-Nace-Ricardo-Oliveira.jpg?resize=768%2C975&amp;ssl=1 768w, https:\/\/i0.wp.com\/www.manquepierda.com\/historiarealbetis\/files\/2021\/04\/6-1980-Nace-Ricardo-Oliveira.jpg?w=821&amp;ssl=1 821w\" sizes=\"auto, (max-width: 552px) 100vw, 552px\" \/><\/figure>\n<\/div>\n\n<p>\u00a0<\/p>\n<p><span style=\"color: #008000\">El 6 de mayo de 1980 nace en Sao Paulo (Brasil) Ricardo Oliveira, quien fuera jugador del Real Betis Balompi\u00e9 en dos etapas: entre 2004 y 2006, y en la temporada 2008-09.<\/span><\/p>\n<p><span style=\"color: #008000\">Delantero que lleg\u00f3 procedente del Valencia y que en su primera temporada dej\u00f3 muestras de su tremenda calidad, contribuyendo de forma decisiva a los \u00e9xitos de esa campa\u00f1a, con la clasificaci\u00f3n para la Liga de Campeones y el t\u00edtulo de Copa. En la temporada siguiente una desgraciada lesi\u00f3n frente al Chelsea en noviembre de 2005 supuso su baja para toda la temporada. En 2006 fue traspasado al Milan.<\/span><\/p>\n<p><span style=\"color: #008000\">En el mercado de invierno de la campa\u00f1a 2008-09 regres\u00f3 al Betis desde el Zaragoza. Sus 6 goles durante la segunda vuelta no lograron evitar el descenso del equipo a Segunda Divisi\u00f3n.<\/span><\/p>","protected":false},"excerpt":{"rendered":"<p>\u00a0 El 6 de mayo de 1980 nace en Sao Paulo (Brasil) Ricardo Oliveira, quien fuera jugador del Real Betis Balompi\u00e9 en dos etapas: entre 2004 y 2006, y en la temporada 2008-09. Delantero que lleg\u00f3 procedente del Valencia y que en su primera temporada dej\u00f3 muestras de su tremenda calidad, contribuyendo de forma decisiva&#8230;<\/p>\n","protected":false},"author":5,"featured_media":79297,"comment_status":"open","ping_status":"open","sticky":false,"template":"","format":"standard","meta":{"_kad_post_transparent":"","_kad_post_title":"","_kad_post_layout":"","_kad_post_sidebar_id":"","_kad_post_content_style":"","_kad_post_vertical_padding":"","_kad_post_feature":"","_kad_post_feature_position":"","_kad_post_header":false,"_kad_post_footer":false,"_kad_post_classname":"","_jetpack_memberships_contains_paid_content":false,"footnotes":"","jetpack_publicize_message":"","jetpack_publicize_feature_enabled":true,"jetpack_social_post_already_shared":true,"jetpack_social_options":{"image_generator_settings":{"template":"highway","default_image_id":0,"font":"","enabled":false},"version":2}},"categories":[904,14583,1],"tags":[1046],"class_list":["post-79296","post","type-post","status-publish","format-standard","has-post-thumbnail","hentry","category-1980-1989","category-efemerides","category-portada","tag-ricardo-oliveira"],"jetpack_publicize_connections":[],"jetpack_featured_media_url":"https:\/\/i0.wp.com\/www.manquepierda.com\/historiarealbetis\/files\/2021\/04\/6-1980-Nace-Ricardo-Oliveira.jpg?fit=821%2C1042&ssl=1","jetpack_sharing_enabled":true,"jetpack_shortlink":"https:\/\/wp.me\/p1ij08-kCY","jetpack-related-posts":[],"_links":{"self":[{"href":"https:\/\/www.manquepierda.com\/historiarealbetis\/wp-json\/wp\/v2\/posts\/79296","targetHints":{"allow":["GET"]}}],"collection":[{"href":"https:\/\/www.manquepierda.com\/historiarealbetis\/wp-json\/wp\/v2\/posts"}],"about":[{"href":"https:\/\/www.manquepierda.com\/historiarealbetis\/wp-json\/wp\/v2\/types\/post"}],"author":[{"embeddable":true,"href":"https:\/\/www.manquepierda.com\/historiarealbetis\/wp-json\/wp\/v2\/users\/5"}],"replies":[{"embeddable":true,"href":"https:\/\/www.manquepierda.com\/historiarealbetis\/wp-json\/wp\/v2\/comments?post=79296"}],"version-history":[{"count":4,"href":"https:\/\/www.manquepierda.com\/historiarealbetis\/wp-json\/wp\/v2\/posts\/79296\/revisions"}],"predecessor-version":[{"id":93704,"href":"https:\/\/www.manquepierda.com\/historiarealbetis\/wp-json\/wp\/v2\/posts\/79296\/revisions\/93704"}],"wp:featuredmedia":[{"embeddable":true,"href":"https:\/\/www.manquepierda.com\/historiarealbetis\/wp-json\/wp\/v2\/media\/79297"}],"wp:attachment":[{"href":"https:\/\/www.manquepierda.com\/historiarealbetis\/wp-json\/wp\/v2\/media?parent=79296"}],"wp:term":[{"taxonomy":"category","embeddable":true,"href":"https:\/\/www.manquepierda.com\/historiarealbetis\/wp-json\/wp\/v2\/categories?post=79296"},{"taxonomy":"post_tag","embeddable":true,"href":"https:\/\/www.manquepierda.com\/historiarealbetis\/wp-json\/wp\/v2\/tags?post=79296"}],"curies":[{"name":"wp","href":"https:\/\/api.w.org\/{rel}","templated":true}]}}