{"id":79384,"date":"2021-05-09T10:36:00","date_gmt":"2021-05-09T08:36:00","guid":{"rendered":"https:\/\/www.manquepierda.com\/historiarealbetis\/?p=79384"},"modified":"2021-05-09T19:34:28","modified_gmt":"2021-05-09T17:34:28","slug":"celebrar-el-hola-mas-que-el-adios-de-francisco-perez","status":"publish","type":"post","link":"https:\/\/www.manquepierda.com\/historiarealbetis\/celebrar-el-hola-mas-que-el-adios-de-francisco-perez\/","title":{"rendered":"Celebrar el adi\u00f3s m\u00e1s que el hola, de Francisco P\u00e9rez"},"content":{"rendered":"\n<div class=\"wp-block-image\"><figure class=\"aligncenter size-large\"><img data-recalc-dims=\"1\" loading=\"lazy\" decoding=\"async\" width=\"668\" height=\"446\" src=\"https:\/\/i0.wp.com\/www.manquepierda.com\/historiarealbetis\/files\/2021\/05\/Celebracion.jpg?resize=668%2C446&#038;ssl=1\" alt=\"\" class=\"wp-image-79385\" srcset=\"https:\/\/i0.wp.com\/www.manquepierda.com\/historiarealbetis\/files\/2021\/05\/Celebracion.jpg?w=668&amp;ssl=1 668w, https:\/\/i0.wp.com\/www.manquepierda.com\/historiarealbetis\/files\/2021\/05\/Celebracion.jpg?resize=220%2C147&amp;ssl=1 220w\" sizes=\"auto, (max-width: 668px) 100vw, 668px\" \/><\/figure><\/div>\n\n\n<p>Diez a\u00f1os hace ya en esta semana del ascenso del Betis a Primera Divisi\u00f3n, despu\u00e9s del dram\u00e1tico descenso de mayo del 2009. En su momento fue un tema pol\u00e9mico y de intenso debate si el ascenso deb\u00eda de celebrarse como tal o no, dado que el equipo lo \u00fanico que hac\u00eda era recobrar la categor\u00eda perdida y en la que se deber\u00eda estar de forma permanente.<\/p>\n<p>En este art\u00edculo publicado en ABC a cargo de Francisco P\u00e9rez se analizaba el tema y se expon\u00edan los motivos para las diversas posturas.<\/p>\n<p><span style=\"color: #008000\"><em>Si nos toca la pedrea de la loter\u00eda, lo celebramos; si el ni\u00f1o se quita los dos pendientes de las orejas y deja de parecerse a la ni\u00f1a, lo celebramos; si nos toca un ERE de una empresa que ni siquiera sabemos c\u00f3mo se llama, jubileo absoluto; los cumplea\u00f1os, los santos, los aniversarios, tienen su fiestorro todos los a\u00f1os. \u00bfY va a subir su Betis y usted se quedar\u00e1 en casa? Junto al fresco que adornar\u00e1 la calva de Eman\u00e1, la celebraci\u00f3n o no del ascenso a Primera se ha convertido el tema estrella de debate para el beticismo; qu\u00e9 felicidad ocuparse de semejantes flecos cuando se ha sufrido tanto.<\/em><\/span><\/p>\n<p><span style=\"color: #008000\"><em>Algunos mantienen que no hay nada que celebrar porque simplemente el Betis vuelve a su sitio. Les doy la raz\u00f3n. Es de Primera, est\u00e1 en Primera y no hay nada de lo que enorgullecerse. \u00a1Pero es que deja atr\u00e1s la Segunda\u00a1 \u00bfC\u00f3mo no se va a celebrar el adi\u00f3s a las cavernas? \u00bfC\u00f3mo es posible no alegrarse por dejar de percibir la miseria de tres millones de unas televisiones que han hecho el negocio del siglo retransmiti\u00e9ndoselo todo? \u00bfC\u00f3mo no tocar las casta\u00f1uelas si el a\u00f1o que viene ni se jugar\u00e1 a las horas de los churros ni a la del caf\u00e9 cortado, sino de las tapitas y ponga usted otra ronda? \u00bfPor qu\u00e9 no va a pegar unos saltos nada m\u00e1s pensar que en vez de los P\u00e9rez y de los G\u00f3mez van a sonar por la megafon\u00eda del Villamar\u00edn nombres y apellidos que no vienen en las gu\u00edas telef\u00f3nicas: Messi, Cristiano, Ag\u00fcero\u2026? \u00bfNo va a festejarse polemizar con Mou en lugar de con entrenadores a quienes no conocen ni en el rellano de las secretar\u00edas t\u00e9cnicas? Sevillista el que no bote, jo\u00e9. &nbsp;&nbsp;&nbsp;&nbsp;&nbsp;&nbsp;<\/em><\/span><\/p>","protected":false},"excerpt":{"rendered":"<p>Diez a\u00f1os hace ya en esta semana del ascenso del Betis a Primera Divisi\u00f3n, despu\u00e9s del dram\u00e1tico descenso de mayo del 2009. En su momento fue un tema pol\u00e9mico y de intenso debate si el ascenso deb\u00eda de celebrarse como tal o no, dado que el equipo lo \u00fanico que hac\u00eda era recobrar la categor\u00eda&#8230;<\/p>\n","protected":false},"author":5,"featured_media":79385,"comment_status":"open","ping_status":"open","sticky":false,"template":"","format":"standard","meta":{"_kad_post_transparent":"","_kad_post_title":"","_kad_post_layout":"","_kad_post_sidebar_id":"","_kad_post_content_style":"","_kad_post_vertical_padding":"","_kad_post_feature":"","_kad_post_feature_position":"","_kad_post_header":false,"_kad_post_footer":false,"_kad_post_classname":"","_jetpack_memberships_contains_paid_content":false,"footnotes":"","jetpack_publicize_message":"","jetpack_publicize_feature_enabled":true,"jetpack_social_post_already_shared":true,"jetpack_social_options":{"image_generator_settings":{"template":"highway","default_image_id":0,"font":"","enabled":false},"version":2}},"categories":[1,1176],"tags":[16923,16884],"class_list":["post-79384","post","type-post","status-publish","format-standard","has-post-thumbnail","hentry","category-portada","category-relatos-de-futbol","tag-16923","tag-francisco-perez"],"jetpack_publicize_connections":[],"jetpack_featured_media_url":"https:\/\/i0.wp.com\/www.manquepierda.com\/historiarealbetis\/files\/2021\/05\/Celebracion.jpg?fit=668%2C446&ssl=1","jetpack_sharing_enabled":true,"jetpack_shortlink":"https:\/\/wp.me\/p1ij08-kEo","jetpack-related-posts":[],"_links":{"self":[{"href":"https:\/\/www.manquepierda.com\/historiarealbetis\/wp-json\/wp\/v2\/posts\/79384","targetHints":{"allow":["GET"]}}],"collection":[{"href":"https:\/\/www.manquepierda.com\/historiarealbetis\/wp-json\/wp\/v2\/posts"}],"about":[{"href":"https:\/\/www.manquepierda.com\/historiarealbetis\/wp-json\/wp\/v2\/types\/post"}],"author":[{"embeddable":true,"href":"https:\/\/www.manquepierda.com\/historiarealbetis\/wp-json\/wp\/v2\/users\/5"}],"replies":[{"embeddable":true,"href":"https:\/\/www.manquepierda.com\/historiarealbetis\/wp-json\/wp\/v2\/comments?post=79384"}],"version-history":[{"count":0,"href":"https:\/\/www.manquepierda.com\/historiarealbetis\/wp-json\/wp\/v2\/posts\/79384\/revisions"}],"wp:featuredmedia":[{"embeddable":true,"href":"https:\/\/www.manquepierda.com\/historiarealbetis\/wp-json\/wp\/v2\/media\/79385"}],"wp:attachment":[{"href":"https:\/\/www.manquepierda.com\/historiarealbetis\/wp-json\/wp\/v2\/media?parent=79384"}],"wp:term":[{"taxonomy":"category","embeddable":true,"href":"https:\/\/www.manquepierda.com\/historiarealbetis\/wp-json\/wp\/v2\/categories?post=79384"},{"taxonomy":"post_tag","embeddable":true,"href":"https:\/\/www.manquepierda.com\/historiarealbetis\/wp-json\/wp\/v2\/tags?post=79384"}],"curies":[{"name":"wp","href":"https:\/\/api.w.org\/{rel}","templated":true}]}}