{"id":79501,"date":"2021-05-19T10:26:00","date_gmt":"2021-05-19T08:26:00","guid":{"rendered":"https:\/\/www.manquepierda.com\/historiarealbetis\/?p=79501"},"modified":"2024-10-02T20:04:41","modified_gmt":"2024-10-02T18:04:41","slug":"album-de-cromos-temporada-1960-61-2","status":"publish","type":"post","link":"https:\/\/www.manquepierda.com\/historiarealbetis\/album-de-cromos-temporada-1960-61-2\/","title":{"rendered":"Album de cromos temporada 1960-61."},"content":{"rendered":"\n<div class=\"wp-block-image\"><figure class=\"aligncenter size-large\"><img data-recalc-dims=\"1\" loading=\"lazy\" decoding=\"async\" width=\"554\" height=\"700\" src=\"https:\/\/i0.wp.com\/www.manquepierda.com\/historiarealbetis\/files\/2021\/05\/Album-de-cromos-Ruiz-Romero-1960-61-1.jpg?resize=554%2C700&#038;ssl=1\" alt=\"\" class=\"wp-image-79502\" srcset=\"https:\/\/i0.wp.com\/www.manquepierda.com\/historiarealbetis\/files\/2021\/05\/Album-de-cromos-Ruiz-Romero-1960-61-1.jpg?resize=554%2C700&amp;ssl=1 554w, https:\/\/i0.wp.com\/www.manquepierda.com\/historiarealbetis\/files\/2021\/05\/Album-de-cromos-Ruiz-Romero-1960-61-1.jpg?resize=475%2C600&amp;ssl=1 475w, https:\/\/i0.wp.com\/www.manquepierda.com\/historiarealbetis\/files\/2021\/05\/Album-de-cromos-Ruiz-Romero-1960-61-1.jpg?resize=174%2C220&amp;ssl=1 174w, https:\/\/i0.wp.com\/www.manquepierda.com\/historiarealbetis\/files\/2021\/05\/Album-de-cromos-Ruiz-Romero-1960-61-1.jpg?resize=768%2C971&amp;ssl=1 768w, https:\/\/i0.wp.com\/www.manquepierda.com\/historiarealbetis\/files\/2021\/05\/Album-de-cromos-Ruiz-Romero-1960-61-1.jpg?w=1463&amp;ssl=1 1463w\" sizes=\"auto, (max-width: 554px) 100vw, 554px\" \/><\/figure><\/div>\n\n\n<p>Album de cromos de la Editorial Ruiz Romero perteneciente a la temporada 1960-61. En la primera hoja aparecen el escudo del Real Betis Balompi\u00e9, que no se corresponde con el que en esa temporada ten\u00eda la entidad, y el guardameta Juan Ignacio Otero.<\/p>\n\n\n<div class=\"wp-block-image\"><figure class=\"aligncenter size-large\"><img data-recalc-dims=\"1\" loading=\"lazy\" decoding=\"async\" width=\"554\" height=\"700\" src=\"https:\/\/i0.wp.com\/www.manquepierda.com\/historiarealbetis\/files\/2021\/05\/Album-de-cromos-Ruiz-Romero-1960-61-2.jpg?resize=554%2C700&#038;ssl=1\" alt=\"\" class=\"wp-image-79503\" srcset=\"https:\/\/i0.wp.com\/www.manquepierda.com\/historiarealbetis\/files\/2021\/05\/Album-de-cromos-Ruiz-Romero-1960-61-2.jpg?resize=554%2C700&amp;ssl=1 554w, https:\/\/i0.wp.com\/www.manquepierda.com\/historiarealbetis\/files\/2021\/05\/Album-de-cromos-Ruiz-Romero-1960-61-2.jpg?resize=475%2C600&amp;ssl=1 475w, https:\/\/i0.wp.com\/www.manquepierda.com\/historiarealbetis\/files\/2021\/05\/Album-de-cromos-Ruiz-Romero-1960-61-2.jpg?resize=174%2C220&amp;ssl=1 174w, https:\/\/i0.wp.com\/www.manquepierda.com\/historiarealbetis\/files\/2021\/05\/Album-de-cromos-Ruiz-Romero-1960-61-2.jpg?resize=768%2C971&amp;ssl=1 768w, https:\/\/i0.wp.com\/www.manquepierda.com\/historiarealbetis\/files\/2021\/05\/Album-de-cromos-Ruiz-Romero-1960-61-2.jpg?w=1463&amp;ssl=1 1463w\" sizes=\"auto, (max-width: 554px) 100vw, 554px\" \/><\/figure><\/div>\n\n\n<p>En la segunda hoja los futbolistas Fernando Santos, Eusebio R\u00edos, Esteban Areta, Yanko Daucik, Andr\u00e9s Bosch y Heliodoro Casta\u00f1o.<\/p>\n<p><\/p>\n\n\n<div class=\"wp-block-image\"><figure class=\"aligncenter size-large\"><img data-recalc-dims=\"1\" loading=\"lazy\" decoding=\"async\" width=\"554\" height=\"700\" src=\"https:\/\/i0.wp.com\/www.manquepierda.com\/historiarealbetis\/files\/2021\/05\/Album-de-cromos-Ruiz-Romero-1960-61-3.jpg?resize=554%2C700&#038;ssl=1\" alt=\"\" class=\"wp-image-79504\" srcset=\"https:\/\/i0.wp.com\/www.manquepierda.com\/historiarealbetis\/files\/2021\/05\/Album-de-cromos-Ruiz-Romero-1960-61-3.jpg?resize=554%2C700&amp;ssl=1 554w, https:\/\/i0.wp.com\/www.manquepierda.com\/historiarealbetis\/files\/2021\/05\/Album-de-cromos-Ruiz-Romero-1960-61-3.jpg?resize=475%2C600&amp;ssl=1 475w, https:\/\/i0.wp.com\/www.manquepierda.com\/historiarealbetis\/files\/2021\/05\/Album-de-cromos-Ruiz-Romero-1960-61-3.jpg?resize=174%2C220&amp;ssl=1 174w, https:\/\/i0.wp.com\/www.manquepierda.com\/historiarealbetis\/files\/2021\/05\/Album-de-cromos-Ruiz-Romero-1960-61-3.jpg?resize=768%2C971&amp;ssl=1 768w, https:\/\/i0.wp.com\/www.manquepierda.com\/historiarealbetis\/files\/2021\/05\/Album-de-cromos-Ruiz-Romero-1960-61-3.jpg?w=1463&amp;ssl=1 1463w\" sizes=\"auto, (max-width: 554px) 100vw, 554px\" \/><\/figure><\/div>\n\n\n<p>Y en la tercera hoja Tom\u00e1s Azpeitia, Janos Kuszmann, Alfredo Rojas, Ignacio Mart\u00edn-Esperanza, Jos\u00e9 Casas \u00abPep\u00edn\u00bb y Le\u00f3n Lasa.<\/p>\n\n\n<p><\/p>\n","protected":false},"excerpt":{"rendered":"<p>Album de cromos de la Editorial Ruiz Romero perteneciente a la temporada 1960-61. En la primera hoja aparecen el escudo del Real Betis Balompi\u00e9, que no se corresponde con el que en esa temporada ten\u00eda la entidad, y el guardameta Juan Ignacio Otero. En la segunda hoja los futbolistas Fernando Santos, Eusebio R\u00edos, Esteban Areta,&#8230;<\/p>\n","protected":false},"author":5,"featured_media":79502,"comment_status":"open","ping_status":"open","sticky":false,"template":"","format":"standard","meta":{"_kad_post_transparent":"","_kad_post_title":"","_kad_post_layout":"","_kad_post_sidebar_id":"","_kad_post_content_style":"","_kad_post_vertical_padding":"","_kad_post_feature":"","_kad_post_feature_position":"","_kad_post_header":false,"_kad_post_footer":false,"_kad_post_classname":"","_jetpack_memberships_contains_paid_content":false,"footnotes":"","jetpack_publicize_message":"","jetpack_publicize_feature_enabled":true,"jetpack_social_post_already_shared":true,"jetpack_social_options":{"image_generator_settings":{"template":"highway","default_image_id":0,"font":"","enabled":false},"version":2}},"categories":[902,1],"tags":[1246,2664,6863,1379,1317,1212,1435,1342,3160,3508,1336,1468,1319,1580,1008],"class_list":["post-79501","post","type-post","status-publish","format-standard","has-post-thumbnail","hentry","category-1960-1969","category-portada","tag-1246","tag-1960-61","tag-alfredo-rojas","tag-andres-bosch","tag-esteban-areta","tag-eusebio-rios","tag-fernando-santos","tag-heliodoro-castano","tag-ignacio-martin-esperanza","tag-janos-kuszmann","tag-jose-casas-pepin","tag-juan-ignacio-otero","tag-leon-lasa","tag-tomas-azpeitia","tag-yanko-daucick"],"jetpack_publicize_connections":[],"jetpack_featured_media_url":"https:\/\/i0.wp.com\/www.manquepierda.com\/historiarealbetis\/files\/2021\/05\/Album-de-cromos-Ruiz-Romero-1960-61-1.jpg?fit=1463%2C1849&ssl=1","jetpack_sharing_enabled":true,"jetpack_shortlink":"https:\/\/wp.me\/p1ij08-kGh","jetpack-related-posts":[],"_links":{"self":[{"href":"https:\/\/www.manquepierda.com\/historiarealbetis\/wp-json\/wp\/v2\/posts\/79501","targetHints":{"allow":["GET"]}}],"collection":[{"href":"https:\/\/www.manquepierda.com\/historiarealbetis\/wp-json\/wp\/v2\/posts"}],"about":[{"href":"https:\/\/www.manquepierda.com\/historiarealbetis\/wp-json\/wp\/v2\/types\/post"}],"author":[{"embeddable":true,"href":"https:\/\/www.manquepierda.com\/historiarealbetis\/wp-json\/wp\/v2\/users\/5"}],"replies":[{"embeddable":true,"href":"https:\/\/www.manquepierda.com\/historiarealbetis\/wp-json\/wp\/v2\/comments?post=79501"}],"version-history":[{"count":2,"href":"https:\/\/www.manquepierda.com\/historiarealbetis\/wp-json\/wp\/v2\/posts\/79501\/revisions"}],"predecessor-version":[{"id":99972,"href":"https:\/\/www.manquepierda.com\/historiarealbetis\/wp-json\/wp\/v2\/posts\/79501\/revisions\/99972"}],"wp:featuredmedia":[{"embeddable":true,"href":"https:\/\/www.manquepierda.com\/historiarealbetis\/wp-json\/wp\/v2\/media\/79502"}],"wp:attachment":[{"href":"https:\/\/www.manquepierda.com\/historiarealbetis\/wp-json\/wp\/v2\/media?parent=79501"}],"wp:term":[{"taxonomy":"category","embeddable":true,"href":"https:\/\/www.manquepierda.com\/historiarealbetis\/wp-json\/wp\/v2\/categories?post=79501"},{"taxonomy":"post_tag","embeddable":true,"href":"https:\/\/www.manquepierda.com\/historiarealbetis\/wp-json\/wp\/v2\/tags?post=79501"}],"curies":[{"name":"wp","href":"https:\/\/api.w.org\/{rel}","templated":true}]}}