{"id":79671,"date":"2021-06-02T12:00:00","date_gmt":"2021-06-02T10:00:00","guid":{"rendered":"https:\/\/www.manquepierda.com\/historiarealbetis\/?p=79671"},"modified":"2021-06-19T10:30:58","modified_gmt":"2021-06-19T08:30:58","slug":"hoy-hace-45-anos-nace-fernando-fernandez","status":"publish","type":"post","link":"https:\/\/www.manquepierda.com\/historiarealbetis\/hoy-hace-45-anos-nace-fernando-fernandez\/","title":{"rendered":"Hoy hace 42 a\u00f1os. Nace Fernando Fern\u00e1ndez."},"content":{"rendered":"\n<div class=\"wp-block-image\"><figure class=\"aligncenter size-large is-resized\"><img data-recalc-dims=\"1\" loading=\"lazy\" decoding=\"async\" src=\"https:\/\/i0.wp.com\/www.manquepierda.com\/historiarealbetis\/files\/2021\/05\/2-1976-Nace-Fernando.jpg?resize=504%2C631&#038;ssl=1\" alt=\"\" class=\"wp-image-79672\" width=\"504\" height=\"631\" srcset=\"https:\/\/i0.wp.com\/www.manquepierda.com\/historiarealbetis\/files\/2021\/05\/2-1976-Nace-Fernando.jpg?w=392&amp;ssl=1 392w, https:\/\/i0.wp.com\/www.manquepierda.com\/historiarealbetis\/files\/2021\/05\/2-1976-Nace-Fernando.jpg?resize=176%2C220&amp;ssl=1 176w\" sizes=\"auto, (max-width: 504px) 100vw, 504px\" \/><\/figure><\/div>\n\n\n<p><span style=\"color: #008000\">El 2 de junio de 1979 nace en M\u00e1laga Fernando Fern\u00e1ndez Escribano, quien fuera jugador del Real Betis Balompi\u00e9 entre los a\u00f1os 2002 y 2008 y en la actualidad pertenece al equipo t\u00e9cnico dirigido por Manuel Pellegrini.<\/span><\/p>\n<p><span style=\"color: #008000\">Fernando lleg\u00f3 al Betis procedente del Valladolid, donde estaba cedido por el Real Madrid, y en el Betis destac\u00f3 sobre todo en sus 3 primeras campa\u00f1as, en las que sobresali\u00f3 su capacidad goleadora.<\/span><\/p>\n<p><span style=\"color: #008000\">Para saber m\u00e1s de su trayectoria b\u00e9tica ver <a href=\"https:\/\/www.manquepierda.com\/historiarealbetis\/fernando-fernandez\/\"><strong>aqu\u00ed. &nbsp;<\/strong><\/a>&nbsp;<\/span><\/p>","protected":false},"excerpt":{"rendered":"<p>El 2 de junio de 1979 nace en M\u00e1laga Fernando Fern\u00e1ndez Escribano, quien fuera jugador del Real Betis Balompi\u00e9 entre los a\u00f1os 2002 y 2008 y en la actualidad pertenece al equipo t\u00e9cnico dirigido por Manuel Pellegrini. Fernando lleg\u00f3 al Betis procedente del Valladolid, donde estaba cedido por el Real Madrid, y en el Betis&#8230;<\/p>\n","protected":false},"author":5,"featured_media":79672,"comment_status":"open","ping_status":"open","sticky":false,"template":"","format":"standard","meta":{"_kad_post_transparent":"","_kad_post_title":"","_kad_post_layout":"","_kad_post_sidebar_id":"","_kad_post_content_style":"","_kad_post_vertical_padding":"","_kad_post_feature":"","_kad_post_feature_position":"","_kad_post_header":false,"_kad_post_footer":false,"_kad_post_classname":"","_jetpack_memberships_contains_paid_content":false,"footnotes":"","jetpack_publicize_message":"","jetpack_publicize_feature_enabled":true,"jetpack_social_post_already_shared":true,"jetpack_social_options":{"image_generator_settings":{"template":"highway","default_image_id":0,"font":"","enabled":false},"version":2}},"categories":[903,14583,1],"tags":[1364],"class_list":["post-79671","post","type-post","status-publish","format-standard","has-post-thumbnail","hentry","category-1970-1979","category-efemerides","category-portada","tag-fernando-fernandez"],"jetpack_publicize_connections":[],"jetpack_featured_media_url":"https:\/\/i0.wp.com\/www.manquepierda.com\/historiarealbetis\/files\/2021\/05\/2-1976-Nace-Fernando.jpg?fit=392%2C491&ssl=1","jetpack_sharing_enabled":true,"jetpack_shortlink":"https:\/\/wp.me\/p1ij08-kJ1","jetpack-related-posts":[],"_links":{"self":[{"href":"https:\/\/www.manquepierda.com\/historiarealbetis\/wp-json\/wp\/v2\/posts\/79671","targetHints":{"allow":["GET"]}}],"collection":[{"href":"https:\/\/www.manquepierda.com\/historiarealbetis\/wp-json\/wp\/v2\/posts"}],"about":[{"href":"https:\/\/www.manquepierda.com\/historiarealbetis\/wp-json\/wp\/v2\/types\/post"}],"author":[{"embeddable":true,"href":"https:\/\/www.manquepierda.com\/historiarealbetis\/wp-json\/wp\/v2\/users\/5"}],"replies":[{"embeddable":true,"href":"https:\/\/www.manquepierda.com\/historiarealbetis\/wp-json\/wp\/v2\/comments?post=79671"}],"version-history":[{"count":0,"href":"https:\/\/www.manquepierda.com\/historiarealbetis\/wp-json\/wp\/v2\/posts\/79671\/revisions"}],"wp:featuredmedia":[{"embeddable":true,"href":"https:\/\/www.manquepierda.com\/historiarealbetis\/wp-json\/wp\/v2\/media\/79672"}],"wp:attachment":[{"href":"https:\/\/www.manquepierda.com\/historiarealbetis\/wp-json\/wp\/v2\/media?parent=79671"}],"wp:term":[{"taxonomy":"category","embeddable":true,"href":"https:\/\/www.manquepierda.com\/historiarealbetis\/wp-json\/wp\/v2\/categories?post=79671"},{"taxonomy":"post_tag","embeddable":true,"href":"https:\/\/www.manquepierda.com\/historiarealbetis\/wp-json\/wp\/v2\/tags?post=79671"}],"curies":[{"name":"wp","href":"https:\/\/api.w.org\/{rel}","templated":true}]}}