{"id":79683,"date":"2021-06-05T12:00:00","date_gmt":"2021-06-05T10:00:00","guid":{"rendered":"https:\/\/www.manquepierda.com\/historiarealbetis\/?p=79683"},"modified":"2024-08-19T09:42:16","modified_gmt":"2024-08-19T07:42:16","slug":"hoy-hace-45-anos-espanyol-2-betis-1-en-copa","status":"publish","type":"post","link":"https:\/\/www.manquepierda.com\/historiarealbetis\/hoy-hace-45-anos-espanyol-2-betis-1-en-copa\/","title":{"rendered":"Hoy hace 45 a\u00f1os. Espanyol 2 Betis 1 en Copa."},"content":{"rendered":"\n<div class=\"wp-block-image\"><figure class=\"aligncenter size-large\"><img data-recalc-dims=\"1\" loading=\"lazy\" decoding=\"async\" width=\"737\" height=\"510\" src=\"https:\/\/i0.wp.com\/www.manquepierda.com\/historiarealbetis\/files\/2021\/05\/5-1976-Espanol-2-Betis-1.jpg?resize=737%2C510&#038;ssl=1\" alt=\"\" class=\"wp-image-79684\" srcset=\"https:\/\/i0.wp.com\/www.manquepierda.com\/historiarealbetis\/files\/2021\/05\/5-1976-Espanol-2-Betis-1.jpg?w=737&amp;ssl=1 737w, https:\/\/i0.wp.com\/www.manquepierda.com\/historiarealbetis\/files\/2021\/05\/5-1976-Espanol-2-Betis-1.jpg?resize=680%2C471&amp;ssl=1 680w, https:\/\/i0.wp.com\/www.manquepierda.com\/historiarealbetis\/files\/2021\/05\/5-1976-Espanol-2-Betis-1.jpg?resize=220%2C152&amp;ssl=1 220w\" sizes=\"auto, (max-width: 737px) 100vw, 737px\" \/><\/figure><\/div>\n\n\n<p><span style=\"color: #008000\">El 5 de junio de 1976 en Sarri\u00e1 el Espanyol vence 2-1 al Betis en el partido de vuelta de los cuartos de final de la Copa.<\/span><\/p>\n<p><span style=\"color: #008000\">Dado que una semana antes en el Villamar\u00edn el Betis hab\u00eda ganado 3-1 el equipo verdiblanco acced\u00eda a las semifinales de la Copa.<\/span><\/p>\n<p><span style=\"color: #008000\">El partido y la eliminatoria se puso en franquicia cuando L\u00f3pez en el minuto 31 hizo el 0-1 con un disparo desde fuera del \u00e1rea. En la segunda mitad, con el Espanyol volcado, Caszely empat\u00f3 de cabeza a centro de Solsona en el 65, y Manol\u00edn Cuesta de lanzamiento de falta hizo el 2-1 en el 73.A destacar que en el minuto 63 Mara\u00f1\u00f3n lanz\u00f3 fuera un penalty.<\/span><\/p>\n<p><span style=\"color: #008000\">El Espanyol, entrenado por Jos\u00e9 Emilio Santamar\u00eda, jug\u00f3 con Echeverr\u00eda; Ramos, Ferrer, Granero, Verdugo; Fern\u00e1ndez Amado, Solsona, Osorio; Cuesta, Caszely y Mara\u00f1\u00f3n.<\/span><\/p>\n<p><span style=\"color: #008000\">El Betis, dirigido por Ferenc Szusza, aline\u00f3 a Esnaola; Bizcocho, Sabat\u00e9, Biosca, Cobo; L\u00f3pez, Rogelio (66, Iglesias), Carde\u00f1osa; Ben\u00edtez (54, Eulate), Mendieta y Anzarda.<\/span><\/p>","protected":false},"excerpt":{"rendered":"<p>El 5 de junio de 1976 en Sarri\u00e1 el Espanyol vence 2-1 al Betis en el partido de vuelta de los cuartos de final de la Copa. Dado que una semana antes en el Villamar\u00edn el Betis hab\u00eda ganado 3-1 el equipo verdiblanco acced\u00eda a las semifinales de la Copa. El partido y la eliminatoria&#8230;<\/p>\n","protected":false},"author":5,"featured_media":79684,"comment_status":"open","ping_status":"open","sticky":false,"template":"","format":"standard","meta":{"_kad_post_transparent":"","_kad_post_title":"","_kad_post_layout":"","_kad_post_sidebar_id":"","_kad_post_content_style":"","_kad_post_vertical_padding":"","_kad_post_feature":"","_kad_post_feature_position":"","_kad_post_header":false,"_kad_post_footer":false,"_kad_post_classname":"","_jetpack_memberships_contains_paid_content":false,"footnotes":"","jetpack_publicize_message":"","jetpack_publicize_feature_enabled":true,"jetpack_social_post_already_shared":true,"jetpack_social_options":{"image_generator_settings":{"template":"highway","default_image_id":0,"font":"","enabled":false},"version":2}},"categories":[903,14583,1],"tags":[1556,17951,711],"class_list":["post-79683","post","type-post","status-publish","format-standard","has-post-thumbnail","hentry","category-1970-1979","category-efemerides","category-portada","tag-1556","tag-copa-1975-76","tag-rcd-espanyol"],"jetpack_publicize_connections":[],"jetpack_featured_media_url":"https:\/\/i0.wp.com\/www.manquepierda.com\/historiarealbetis\/files\/2021\/05\/5-1976-Espanol-2-Betis-1.jpg?fit=737%2C510&ssl=1","jetpack_sharing_enabled":true,"jetpack_shortlink":"https:\/\/wp.me\/p1ij08-kJd","jetpack-related-posts":[],"_links":{"self":[{"href":"https:\/\/www.manquepierda.com\/historiarealbetis\/wp-json\/wp\/v2\/posts\/79683","targetHints":{"allow":["GET"]}}],"collection":[{"href":"https:\/\/www.manquepierda.com\/historiarealbetis\/wp-json\/wp\/v2\/posts"}],"about":[{"href":"https:\/\/www.manquepierda.com\/historiarealbetis\/wp-json\/wp\/v2\/types\/post"}],"author":[{"embeddable":true,"href":"https:\/\/www.manquepierda.com\/historiarealbetis\/wp-json\/wp\/v2\/users\/5"}],"replies":[{"embeddable":true,"href":"https:\/\/www.manquepierda.com\/historiarealbetis\/wp-json\/wp\/v2\/comments?post=79683"}],"version-history":[{"count":1,"href":"https:\/\/www.manquepierda.com\/historiarealbetis\/wp-json\/wp\/v2\/posts\/79683\/revisions"}],"predecessor-version":[{"id":83451,"href":"https:\/\/www.manquepierda.com\/historiarealbetis\/wp-json\/wp\/v2\/posts\/79683\/revisions\/83451"}],"wp:featuredmedia":[{"embeddable":true,"href":"https:\/\/www.manquepierda.com\/historiarealbetis\/wp-json\/wp\/v2\/media\/79684"}],"wp:attachment":[{"href":"https:\/\/www.manquepierda.com\/historiarealbetis\/wp-json\/wp\/v2\/media?parent=79683"}],"wp:term":[{"taxonomy":"category","embeddable":true,"href":"https:\/\/www.manquepierda.com\/historiarealbetis\/wp-json\/wp\/v2\/categories?post=79683"},{"taxonomy":"post_tag","embeddable":true,"href":"https:\/\/www.manquepierda.com\/historiarealbetis\/wp-json\/wp\/v2\/tags?post=79683"}],"curies":[{"name":"wp","href":"https:\/\/api.w.org\/{rel}","templated":true}]}}