{"id":79697,"date":"2024-06-09T12:00:00","date_gmt":"2024-06-09T10:00:00","guid":{"rendered":"https:\/\/www.manquepierda.com\/historiarealbetis\/?p=79697"},"modified":"2024-05-16T18:49:34","modified_gmt":"2024-05-16T16:49:34","slug":"hoy-hace-55-anos-jaen-2-betis-3","status":"publish","type":"post","link":"https:\/\/www.manquepierda.com\/historiarealbetis\/hoy-hace-55-anos-jaen-2-betis-3\/","title":{"rendered":"Hoy hace 58 a\u00f1os. Ja\u00e9n 2 Betis 3."},"content":{"rendered":"<div class=\"wp-block-image is-resized\">\n<figure class=\"aligncenter size-large\"><img data-recalc-dims=\"1\" loading=\"lazy\" decoding=\"async\" width=\"436\" height=\"149\" src=\"https:\/\/i0.wp.com\/www.manquepierda.com\/historiarealbetis\/files\/2021\/05\/9-1966-Jaen-2-Betis-3.jpg?resize=436%2C149&#038;ssl=1\" alt=\"\" class=\"wp-image-79698\" srcset=\"https:\/\/i0.wp.com\/www.manquepierda.com\/historiarealbetis\/files\/2021\/05\/9-1966-Jaen-2-Betis-3.jpg?w=436&amp;ssl=1 436w, https:\/\/i0.wp.com\/www.manquepierda.com\/historiarealbetis\/files\/2021\/05\/9-1966-Jaen-2-Betis-3.jpg?resize=220%2C75&amp;ssl=1 220w\" sizes=\"auto, (max-width: 436px) 100vw, 436px\" \/><\/figure>\n<\/div>\n\n<p>\u00a0<\/p>\n<p><span style=\"color: #008000\">El 9 de junio de 1966 en La Victoria el Betis derrota 2-3 al Ja\u00e9n en partido amistoso.<\/span><\/p>\n<p><span style=\"color: #008000\">Aunque Jim\u00e9nez y Santiago adelantaron al cuadro local, el equipo verdiblanco remont\u00f3 con goles de Gir\u00f3n, Dioni y Zacarizo.<\/span><\/p>\n<p><span style=\"color: #008000\">El Real Ja\u00e9n, entrenado por Antonio Vega, form\u00f3 con Pedrosa; Zurita, Carre\u00f1o, Nono; Prieto, Reina; Jer\u00f3nimo, Ojeda, Santiago, Fali y Jim\u00e9nez.<\/span><\/p>\n<p><span style=\"color: #008000\">El Betis, dirigido por Pepe Valera, aline\u00f3 a Vega; Aparicio, Telech\u00eda, D\u00e1maso; Frasco, Ezequiel; Gir\u00f3n, Mateos, Landa, Dioni y Zacarizo.<\/span><\/p>","protected":false},"excerpt":{"rendered":"<p>\u00a0 El 9 de junio de 1966 en La Victoria el Betis derrota 2-3 al Ja\u00e9n en partido amistoso. Aunque Jim\u00e9nez y Santiago adelantaron al cuadro local, el equipo verdiblanco remont\u00f3 con goles de Gir\u00f3n, Dioni y Zacarizo. El Real Ja\u00e9n, entrenado por Antonio Vega, form\u00f3 con Pedrosa; Zurita, Carre\u00f1o, Nono; Prieto, Reina; Jer\u00f3nimo, Ojeda,&#8230;<\/p>\n","protected":false},"author":5,"featured_media":79698,"comment_status":"open","ping_status":"open","sticky":false,"template":"","format":"standard","meta":{"_kad_post_transparent":"","_kad_post_title":"","_kad_post_layout":"","_kad_post_sidebar_id":"","_kad_post_content_style":"","_kad_post_vertical_padding":"","_kad_post_feature":"","_kad_post_feature_position":"","_kad_post_header":false,"_kad_post_footer":false,"_kad_post_classname":"","_jetpack_memberships_contains_paid_content":false,"footnotes":"","jetpack_publicize_message":"","jetpack_publicize_feature_enabled":true,"jetpack_social_post_already_shared":true,"jetpack_social_options":{"image_generator_settings":{"template":"highway","default_image_id":0,"font":"","enabled":false},"version":2}},"categories":[902,14583,1],"tags":[1592,16772],"class_list":["post-79697","post","type-post","status-publish","format-standard","has-post-thumbnail","hentry","category-1960-1969","category-efemerides","category-portada","tag-1592","tag-real-jaen-cf"],"jetpack_publicize_connections":[],"jetpack_featured_media_url":"https:\/\/i0.wp.com\/www.manquepierda.com\/historiarealbetis\/files\/2021\/05\/9-1966-Jaen-2-Betis-3.jpg?fit=436%2C149&ssl=1","jetpack_sharing_enabled":true,"jetpack_shortlink":"https:\/\/wp.me\/p1ij08-kJr","jetpack-related-posts":[],"_links":{"self":[{"href":"https:\/\/www.manquepierda.com\/historiarealbetis\/wp-json\/wp\/v2\/posts\/79697","targetHints":{"allow":["GET"]}}],"collection":[{"href":"https:\/\/www.manquepierda.com\/historiarealbetis\/wp-json\/wp\/v2\/posts"}],"about":[{"href":"https:\/\/www.manquepierda.com\/historiarealbetis\/wp-json\/wp\/v2\/types\/post"}],"author":[{"embeddable":true,"href":"https:\/\/www.manquepierda.com\/historiarealbetis\/wp-json\/wp\/v2\/users\/5"}],"replies":[{"embeddable":true,"href":"https:\/\/www.manquepierda.com\/historiarealbetis\/wp-json\/wp\/v2\/comments?post=79697"}],"version-history":[{"count":3,"href":"https:\/\/www.manquepierda.com\/historiarealbetis\/wp-json\/wp\/v2\/posts\/79697\/revisions"}],"predecessor-version":[{"id":94019,"href":"https:\/\/www.manquepierda.com\/historiarealbetis\/wp-json\/wp\/v2\/posts\/79697\/revisions\/94019"}],"wp:featuredmedia":[{"embeddable":true,"href":"https:\/\/www.manquepierda.com\/historiarealbetis\/wp-json\/wp\/v2\/media\/79698"}],"wp:attachment":[{"href":"https:\/\/www.manquepierda.com\/historiarealbetis\/wp-json\/wp\/v2\/media?parent=79697"}],"wp:term":[{"taxonomy":"category","embeddable":true,"href":"https:\/\/www.manquepierda.com\/historiarealbetis\/wp-json\/wp\/v2\/categories?post=79697"},{"taxonomy":"post_tag","embeddable":true,"href":"https:\/\/www.manquepierda.com\/historiarealbetis\/wp-json\/wp\/v2\/tags?post=79697"}],"curies":[{"name":"wp","href":"https:\/\/api.w.org\/{rel}","templated":true}]}}