{"id":79724,"date":"2021-05-31T09:21:00","date_gmt":"2021-05-31T07:21:00","guid":{"rendered":"https:\/\/www.manquepierda.com\/historiarealbetis\/?p=79724"},"modified":"2021-05-29T10:39:49","modified_gmt":"2021-05-29T08:39:49","slug":"entrevista-jose-angel-moreno-1983","status":"publish","type":"post","link":"https:\/\/www.manquepierda.com\/historiarealbetis\/entrevista-jose-angel-moreno-1983\/","title":{"rendered":"Entrevista Jos\u00e9 Angel Moreno 1983"},"content":{"rendered":"\n<div class=\"wp-block-image\"><figure class=\"aligncenter size-large is-resized\"><img data-recalc-dims=\"1\" loading=\"lazy\" decoding=\"async\" src=\"https:\/\/i0.wp.com\/www.manquepierda.com\/historiarealbetis\/files\/2021\/05\/Entrevista-Jose-Angel-Moreno-1983-NMP-Diario-16-25-06-1983.jpg?resize=230%2C607&#038;ssl=1\" alt=\"\" class=\"wp-image-79727\" width=\"230\" height=\"607\" \/><\/figure><\/div>\n\n\n\n<p><\/p>\n\n\n<p>El 25 de junio de 1983 el primer equipo juvenil de la entidad, el Betis Deportivo, disput\u00f3 la final de Copa de la categor\u00eda contra el Real Madrid en Ciudad Real, un t\u00edtulo que caer\u00eda del lado verdiblanco tras una brillante victoria por 3 goles a 1.<\/p>\n<p>La trayectoria del equipo liderado por Jos\u00e9 Angel Moreno hab\u00eda sido m\u00e1s que brillante. Primeros de forma destacada en el grupo V de la Liga Nacional, con 53 puntos y 23 positivos, s\u00f3lo 2 derrotas en 30 partidos, y 5 puntos de ventaja sobre el Sevilla, segundo clasificado.<\/p>\n<p>En los cuartos de final de la competici\u00f3n se elimin\u00f3 a la UD Las Palmas y en semifinales al Sporting de Gij\u00f3n, mientras que el otro clasificado para la final, el Real Madrid, elimin\u00f3 a Sevilla y Barcelona.<\/p>\n<p>En las p\u00e1ginas de Diario 16 Andaluc\u00eda el periodista Luis Carlos Peris entrevistaba al t\u00e9cnico del conjunto verdiblanco Jos\u00e9 Angel Moreno, quien cumpl\u00eda su tercera temporada al frente del juvenil b\u00e9tico, y que daba su opini\u00f3n sobre la final a punto de disputarse, as\u00ed como su visi\u00f3n del mundo del f\u00fatbol desde el punto de vista de un t\u00e9cnico de los escalafones infer<\/p>\n<p><\/p>\n<p><span style=\"color: #008000\"><em>Justo seis a\u00f1os despu\u00e9s, un equipo del Betis va a la conquista de la Copa del Rey. Ahora es en versi\u00f3n juvenil y cuando se cumple el sexto aniversario de la gesta m\u00e1s gloriosa que hizo el Betis despu\u00e9s de la guerra espa\u00f1ola. Esta noche se enfrenta el Betis de Piriz, de Julio, de Jos\u00e9 Angel Moreno, al Real Madrid de Pardeza. Encargado de poner orden, el canario Merino Gonz\u00e1lez, aquel que Eugenio Montes tildase de \u201c\u00e1rbitro de c\u00e1mara\u201d del Real Madrid.<\/em><\/span><\/p>\n<p><span style=\"color: #008000\"><em>Y ayer a las nueve de la ma\u00f1ana part\u00eda la expedici\u00f3n verdiblanca con la mochila colmada de ilusiones hacia Ciudad Real. En el autocar, curiosamente rojiblanco, iba toda la plantilla y un buen n\u00famero de b\u00e9ticos cualificados, con Juan Del Nido a la cabeza, que renunciaba al entorno familiar para pasar su onom\u00e1stica al lado de los juveniles de su club de siempre.<\/em><\/span><\/p>\n<p><span style=\"color: #008000\"><em>Con todo decidido part\u00eda Jos\u00e9 Angel Moreno:<\/em><\/span><\/p>\n<ul>\n<li><span style=\"color: #008000\"><em>Van a jugar Salado; Beh\u00edn, Bravo, Patino, Camacho; Piriz, Julio, Reyes; Javi, Palomino y Orozco. Para el banquillo s\u00ed tengo algunas dudas. \u00bfVera? No estar\u00e1, pues aunque tiene el alta m\u00e9dica, ha estado demasiado tiempo inactivo y ha perdido el tono f\u00edsico que demandar\u00e1 este compromiso<\/em><\/span><\/li>\n<\/ul>\n<p><span style=\"color: #008000\"><em>En la cota m\u00e1s alta, la final de la Copa del Rey, a que puede aspirar un equipo juvenil y para llegar a ella se han pasado malos momentos:<\/em><\/span><\/p>\n<ul>\n<li><span style=\"color: #008000\"><em>Efectivamente, para encontrarnos aqu\u00ed hubo que andar un camino bastante duro. Sobre todo por los contratiempos que tuvimos que soportar a mitad de campeonato, cuando el equipo de Tercera Divisi\u00f3n necesitaba jugadores juveniles. Gracias a Dios no tuvimos lesionados de gravedad y, ya digo, lo peor fueron las necesidades creadas por el filial de Tercera<\/em><\/span><\/li>\n<\/ul>\n<p><span style=\"color: #008000\"><em>Campe\u00f3n indiscutible en su grupo de Liga nacional a pesar de todo:<\/em><\/span><\/p>\n<ul>\n<li><span style=\"color: #008000\"><em>Solo perdimos dos partidos en el campeonato; en M\u00e1laga, cuando debimos golear, y en Huelva. Para mi gusto, los mejores de aquel grupo fueron el otro Betis y los equipos del Sevilla<\/em><\/span><\/li>\n<\/ul>\n<p><span style=\"color: #008000\"><em>Para Jos\u00e9 Angel Moreno, sevillano a caballo entre la Pila del Pato y la Macarena, ya es para estar contento el solo hecho de llagar a ser finalista:<\/em><\/span><\/p>\n<ul>\n<li><span style=\"color: #008000\"><em>Es una satisfacci\u00f3n grande ser subcampe\u00f3n, pero tenemos nuestras posibilidades, vamos con aspiraciones y con el \u00e1nimo dispuesto a todo. Al Real Madrid le vi contra el Barcelona cuando lo gole\u00f3 8-1 y estuvo a un nivel alt\u00edsimo de juego y velocidad. Aquel d\u00eda le sali\u00f3 todo perfecto y espero que no repitan aquella actuaci\u00f3n<\/em><\/span><\/li>\n<\/ul>\n<p><span style=\"color: #008000\"><em>Dicen los expertos en esta categor\u00eda que el hombre que puede desequilibrar la balanza es el onubense Pardeza:<\/em><\/span><\/p>\n<ul>\n<li><span style=\"color: #008000\"><em>Bueno, ellos tienen mejores individualidades que nosotros, pero les aventajamos en juego de conjunto. En ellos no s\u00f3lo destaca Pardeza, pues a m\u00ed me encantaron tambi\u00e9n Sanch\u00eds y Mart\u00edn V\u00e1zquez.<\/em><\/span><\/li>\n<\/ul>\n<p><span style=\"color: #008000\"><em>Afirma que ni Pardeza le quita el sue\u00f1o:<\/em><\/span><\/p>\n<ul>\n<li><span style=\"color: #008000\"><em>Yo duermo muy tranquilo porque se ha realizado una campa\u00f1a grandiosa. \u00bfEl marcaje a Pardeza? Nunca lo ordenar\u00eda de forma individual, sino que le presionaremos en toda la cancha con el hombre que tenga m\u00e1s cerca. Si lo sigue uno solo le sacar\u00eda el aire, y resultar\u00eda imposible frenarlo<\/em><\/span><\/li>\n<\/ul>\n<p><span style=\"color: #008000\"><em>Y es que Pardeza, natural de La Palma del Condado, es tambi\u00e9n un especialista en cargar de personales al contrario m\u00e1s directo.<\/em><\/span><\/p>\n<ul>\n<li><span style=\"color: #008000\"><em>El Sevilla y el Barcelona sufrieron en sus carnes las habilidades de este chico y procuraremos no caer en lo mismo<\/em><\/span><\/li>\n<\/ul>\n<p><span style=\"color: #008000\"><em>Sobre el \u00e1rbitro no quiere pronunciarse, a pesar de la fama de madridista que le endos\u00f3 Eugenio Montes:<\/em><\/span><\/p>\n<ul>\n<li><span style=\"color: #008000\"><em>Nunca me gusta opinar de los \u00e1rbitros y en esta ocasi\u00f3n no voy a modificar mi comportamiento por muy Merino que sea<\/em><\/span><\/li>\n<\/ul>\n<p><span style=\"color: #008000\"><em>Hay muchas esperanzas puestas por el beticismo en estos chicos y nadie mejor que su entrenador para analizar las posibilidades de cada cual:<\/em><\/span><\/p>\n<ul>\n<li><span style=\"color: #008000\"><em>Mira, a corto plazo hay dos chicos que podr\u00edan entrar en el primer equipo sin desmerecer. Se trata de Julio y de Piriz, y a medio plazo, la inmensa mayor\u00eda del equipo<\/em><\/span><\/li>\n<\/ul>\n<p><span style=\"color: #008000\"><em>Tambi\u00e9n hay que hablar de futuro con este joven t\u00e9cnico y que pronostique sobre su techo, en el dif\u00edcil mundo de los banquillos:<\/em><\/span><\/p>\n<ul>\n<li><span style=\"color: #008000\"><em>Yo tengo una fe inmensa en mis posibilidades, pero tambi\u00e9n s\u00e9 que es un gran impedimento para m\u00ed no haber sido futbolista profesional. Aunque cada vez se da m\u00e1s en la cancha los entrenadores de la casa, llegar a Primera Divisi\u00f3n es una tarea complicada para m\u00ed<\/em><\/span><\/li>\n<\/ul>\n<p><span style=\"color: #008000\"><em>De todas formas, Jos\u00e9 Angel Moreno tiene un cartel enorme entre los aficionados que siguen el f\u00fatbol base:<\/em><\/span><\/p>\n<p><span style=\"color: #008000\"><em>Nunca me he planteado cu\u00e1l es mi techo, la verdad. Yo s\u00e9 que en m\u00ed conf\u00edan los que cada domingo van a Piscinas Sevilla, y lo que me llenar\u00eda de ilusi\u00f3n es que la mayor\u00eda de los b\u00e9ticos pensasen que sirvo para esto<\/em> <\/span>&nbsp;&nbsp;&nbsp;&nbsp;<\/p>","protected":false},"excerpt":{"rendered":"<p>El 25 de junio de 1983 el primer equipo juvenil de la entidad, el Betis Deportivo, disput\u00f3 la final de Copa de la categor\u00eda contra el Real Madrid en Ciudad Real, un t\u00edtulo que caer\u00eda del lado verdiblanco tras una brillante victoria por 3 goles a 1. La trayectoria del equipo liderado por Jos\u00e9 Angel&#8230;<\/p>\n","protected":false},"author":5,"featured_media":79727,"comment_status":"open","ping_status":"open","sticky":false,"template":"","format":"standard","meta":{"_kad_post_transparent":"","_kad_post_title":"","_kad_post_layout":"","_kad_post_sidebar_id":"","_kad_post_content_style":"","_kad_post_vertical_padding":"","_kad_post_feature":"","_kad_post_feature_position":"","_kad_post_header":false,"_kad_post_footer":false,"_kad_post_classname":"","_jetpack_memberships_contains_paid_content":false,"footnotes":"","jetpack_publicize_message":"","jetpack_publicize_feature_enabled":true,"jetpack_social_post_already_shared":true,"jetpack_social_options":{"image_generator_settings":{"template":"highway","default_image_id":0,"font":"","enabled":false},"version":2}},"categories":[904,892,1],"tags":[2186,4327,14949,5456,3220],"class_list":["post-79724","post","type-post","status-publish","format-standard","has-post-thumbnail","hentry","category-1980-1989","category-entrenadores-temas","category-portada","tag-1982-83","tag-4327","tag-betis-deportivo-juvenil","tag-jose-angel-moreno","tag-luis-carlos-peris"],"jetpack_publicize_connections":[],"jetpack_featured_media_url":"https:\/\/i0.wp.com\/www.manquepierda.com\/historiarealbetis\/files\/2021\/05\/Entrevista-Jose-Angel-Moreno-1983-NMP-Diario-16-25-06-1983.jpg?fit=225%2C599&ssl=1","jetpack_sharing_enabled":true,"jetpack_shortlink":"https:\/\/wp.me\/p1ij08-kJS","jetpack-related-posts":[],"_links":{"self":[{"href":"https:\/\/www.manquepierda.com\/historiarealbetis\/wp-json\/wp\/v2\/posts\/79724","targetHints":{"allow":["GET"]}}],"collection":[{"href":"https:\/\/www.manquepierda.com\/historiarealbetis\/wp-json\/wp\/v2\/posts"}],"about":[{"href":"https:\/\/www.manquepierda.com\/historiarealbetis\/wp-json\/wp\/v2\/types\/post"}],"author":[{"embeddable":true,"href":"https:\/\/www.manquepierda.com\/historiarealbetis\/wp-json\/wp\/v2\/users\/5"}],"replies":[{"embeddable":true,"href":"https:\/\/www.manquepierda.com\/historiarealbetis\/wp-json\/wp\/v2\/comments?post=79724"}],"version-history":[{"count":0,"href":"https:\/\/www.manquepierda.com\/historiarealbetis\/wp-json\/wp\/v2\/posts\/79724\/revisions"}],"wp:featuredmedia":[{"embeddable":true,"href":"https:\/\/www.manquepierda.com\/historiarealbetis\/wp-json\/wp\/v2\/media\/79727"}],"wp:attachment":[{"href":"https:\/\/www.manquepierda.com\/historiarealbetis\/wp-json\/wp\/v2\/media?parent=79724"}],"wp:term":[{"taxonomy":"category","embeddable":true,"href":"https:\/\/www.manquepierda.com\/historiarealbetis\/wp-json\/wp\/v2\/categories?post=79724"},{"taxonomy":"post_tag","embeddable":true,"href":"https:\/\/www.manquepierda.com\/historiarealbetis\/wp-json\/wp\/v2\/tags?post=79724"}],"curies":[{"name":"wp","href":"https:\/\/api.w.org\/{rel}","templated":true}]}}