{"id":79840,"date":"2021-06-05T09:42:00","date_gmt":"2021-06-05T07:42:00","guid":{"rendered":"https:\/\/www.manquepierda.com\/historiarealbetis\/?p=79840"},"modified":"2021-06-03T19:57:22","modified_gmt":"2021-06-03T17:57:22","slug":"las-vacaciones-de-los-futbolistas-1979","status":"publish","type":"post","link":"https:\/\/www.manquepierda.com\/historiarealbetis\/las-vacaciones-de-los-futbolistas-1979\/","title":{"rendered":"Las vacaciones de los futbolistas. 1979."},"content":{"rendered":"\n<div class=\"wp-block-image\"><figure class=\"aligncenter size-large is-resized\"><img data-recalc-dims=\"1\" loading=\"lazy\" decoding=\"async\" src=\"https:\/\/i0.wp.com\/www.manquepierda.com\/historiarealbetis\/files\/2021\/06\/Alineacion-Almeria-Betis-Liga-1979-NMP-As-Color-30-6-1979.jpg?resize=797%2C528&#038;ssl=1\" alt=\"\" class=\"wp-image-79841\" width=\"797\" height=\"528\" srcset=\"https:\/\/i0.wp.com\/www.manquepierda.com\/historiarealbetis\/files\/2021\/06\/Alineacion-Almeria-Betis-Liga-1979-NMP-As-Color-30-6-1979.jpg?w=656&amp;ssl=1 656w, https:\/\/i0.wp.com\/www.manquepierda.com\/historiarealbetis\/files\/2021\/06\/Alineacion-Almeria-Betis-Liga-1979-NMP-As-Color-30-6-1979.jpg?resize=220%2C146&amp;ssl=1 220w\" sizes=\"auto, (max-width: 797px) 100vw, 797px\" \/><figcaption>Una alineaci\u00f3n de mayo de 1979 en Almer\u00eda<\/figcaption><\/figure><\/div>\n\n\n<p>Ya estamos en tiempo de vacaciones para los futbolistas de la primera plantilla del Real Betis Balompi\u00e9, una vez finalizada de forma exitosa la campa\u00f1a 2020-21. Es el tiempo en el que los futbolistas descansan en compa\u00f1\u00eda de familiares y amigos, reponen fuerzas f\u00edsicas y mentales y se alejan de los focos medi\u00e1ticos, aunque esto \u00faltimo hoy en d\u00eda no es tan claro cuando en las redes sociales se pueden seguir las andanzas de cada uno de ellos.<\/p>\n<p>Pero esto no siempre fue as\u00ed y hace 30 o 40 a\u00f1os los futbolistas desaparec\u00edan por completo de la actualidad deportiva y medi\u00e1tica durante el mes de vacaciones. S\u00f3lo sol\u00eda aparecer en la prensa alg\u00fan reportaje como el que hoy traemos que de una forma concisa y difusa daba algunas breves pistas sobre los destinos vacacionales de la plantilla verdiblanca.<\/p>\n<p>Se public\u00f3 en la Hoja del Lunes el 16 de julio de 1979 a cargo del periodista Santiago S\u00e1nchez Traver. La temporada de Liga hab\u00eda terminado el 17 de junio con un ascenso en el Villamar\u00edn frente al Granada. En el fin de semana siguiente el Betis se desplaz\u00f3 a Badajoz para disputar el Trofeo Ib\u00e9rico frente al Benfica, y el martes 26 de junio la plantilla verdiblanca se fue de vacaciones para volver al trabajo justo un mes despu\u00e9s, el 26 de julio en que tuvo lugar la presentaci\u00f3n en el Villamar\u00edn y el inicio de los entrenamientos.<\/p>\n<p><span style=\"color: #008000\"><em>Casi todo el mundo se toma vacaciones, y a m\u00ed me parece que me tocar\u00e1 esta semana, cuando ya los futbolistas llevan cubiertas las tres cuartas partes de su descanso anual. A los lectores tambi\u00e9n les toca, ya sea en julio ya en agosto, porque los ni\u00f1os comienzan el colegio en septiembre como la Liga. A los que ya est\u00e9n de vacaciones o a los que se vayan a ir pr\u00f3ximamente puede interesar de alg\u00fan modo qu\u00e9 est\u00e1n haciendo en estos d\u00edas los que los once meses restantes del a\u00f1o andan detr\u00e1s del bal\u00f3n o con el footing a cuestas. A lo mejor les sirve de sugerencia.<\/em><\/span><\/p>\n<p><span style=\"color: #008000\"><em>Tras una peque\u00f1a encuesta hemos localizado los sitios de veraneo de casi todos los futbolistas de los equipos sevillanos. Vamos con ellos.<\/em><\/span><\/p>\n<p><span style=\"color: #008000\"><em>Empezando por atr\u00e1s, por los porteros, hay que hablar de que Esnaola se fue en seguida para San Sebasti\u00e1n y entre \u00e9sta y Salamanca pasar\u00e1 todo el periodo veraniego, aunque se venga un poco antes para su Aljarafe, tambi\u00e9n querido.<\/em><\/span><\/p>\n<p><span style=\"color: #008000\"><em>Campos estar\u00e1 casi todo el tiempo en la Cantillana natal, entre las dos riberas. A Bizcocho no le gusta la playa y se ha quedado en Coria, aunque puede irse alg\u00fan d\u00eda a darse un ba\u00f1o de mar.<\/em><\/span><\/p>\n<p><span style=\"color: #008000\"><em>Biosca s\u00ed es marinero, \u201cestar\u00e9 unos d\u00edas en Almer\u00eda y despu\u00e9s me vendr\u00e9 a la caza de Mazag\u00f3n. Lo importante es que se cure la lesi\u00f3n para la que seguir\u00e9 el tratamiento previsto\u201d.&nbsp; Killer me dijo que se iba a Mallorca, pero yo me he podido enterar por Mor\u00e1n que est\u00e1 en Gij\u00f3n todav\u00eda, en compa\u00f1\u00eda de su amigo Ferrero.<\/em><\/span><\/p>\n<p><span style=\"color: #008000\"><em>Dos que se fueron con un hasta siempre fueron Sabat\u00e9 y Muhren. El primero a su tierra badalonesa y a gestionar su fichaje, y el segundo tambi\u00e9n a su tierra para jugar al f\u00fatbol y empezar a trabajar en otras cosas.<\/em><\/span><\/p>\n<p><span style=\"color: #008000\"><em>Cobo es buen monta\u00f1\u00e9s y no lo dud\u00f3 un a\u00f1o m\u00e1s, aunque a este tierra le aten&nbsp; ya lazos m\u00e1s importantes que los deportivos. \u201cUn a\u00f1o m\u00e1s me ir\u00e9 al Valle de Cintru\u00e9nigo, all\u00ed cerca de San Vicente de la Barquera\u201d.<\/em><\/span><\/p>\n<p><span style=\"color: #008000\"><em>Gordillo ha tenido suficientes viajes con la gira del seleccionado y ahora se dedica a descansar en El Puerto de Santa Mar\u00eda, de donde regresar\u00e1 para el acto de presentaci\u00f3n, continuando despu\u00e9s diez d\u00edas m\u00e1s de descanso antes de incorporarse a los entrenamientos.<\/em><\/span><\/p>\n<p><span style=\"color: #008000\"><em>L\u00f3pez se fue los \u00faltimos d\u00edas de junio a Torrelavega en viaje de negocios que tuvo que ver con lo de sus \u201clatitas\u201d, y despu\u00e9s se ha quedado en el bar mientras Mani estaba en Mareo en el curso de entrenadores. Anteayer se fue a la playa de Matalasca\u00f1as, \u201ctengo all\u00ed un chalecito y est\u00e1n ya por all\u00ed la mujer y los ni\u00f1os\u201d.<\/em><\/span><\/p>\n<p><span style=\"color: #008000\"><em>Antol\u00edn Ortega se fue pronto para Madrid y estar\u00e1 entre la capital y un pueblecito de Guadalajara, donde se est\u00e1 haciendo una casita de campo. \u201cSi pasas por Madrid, no dejes de avisar\u201d, dec\u00eda amable.<\/em><\/span><\/p>\n<p><span style=\"color: #008000\"><em>Pozo se cas\u00f3, seg\u00fan mis noticias, y parti\u00f3 con rumbo desconocido a diversas capitales de Espa\u00f1a y el extranjero, como dicen los ecos de sociedad. Alabanda, preocupado tambi\u00e9n con su lesi\u00f3n, se fue a la costa andaluza, \u201cestar\u00e9 en diversas playas de M\u00e1laga y C\u00e1diz\u201d.<\/em><\/span><\/p>\n<p><span style=\"color: #008000\"><em>Peruena se fue una semana a Canarias y all\u00ed habr\u00e1 cogido color, y ahora debe andar tomando el moreno de Montequinto en el chalet de un amigo. Carde\u00f1osa sali\u00f3 bien r\u00e1pido para Valladolid donde est\u00e1 con los suyos, aunque llamar\u00e1 muchas veces para ver c\u00f3mo se ha dado el bingo.<\/em><\/span><\/p>\n<p><span style=\"color: #008000\"><em>Ben\u00edtez, \u201coj\u00fa, ni\u00f1o, en Arcos, en el lago, que se est\u00e1 muy tranquilito me voy a tirar todas las vacaciones\u201d. Villalba con los suyos y con la esperanza de que fructifiquen r\u00e1pido los ejercicios de recuperaci\u00f3n que est\u00e1 haciendo.<\/em><\/span><\/p>\n<p><span style=\"color: #008000\"><em>Hugo se fue con los suyos, con pap\u00e1 Nelson y con el grande de Carlos, que no sabe d\u00f3nde encestar\u00e1 este a\u00f1o, tal vez sea en M\u00e1laga, a un apartamento que hab\u00eda alquilado en M\u00e1laga. Y por fin Anzarda ha alquilado un apartamento en Rota por dos meses. \u00c9l est\u00e1 all\u00ed y luego quedar\u00e1 su familia\u2014hay que pensar en los ni\u00f1os\u2014en agosto, y \u00e9l andar\u00e1 de Rodr\u00edguez en Sevilla, como cualquier hijo de vecino. Garc\u00eda Soriano creo que anda por su tierra y el mejor ambiente que hay all\u00ed estar\u00e1 en La Manga. Tambi\u00e9n pegar\u00e1 sus llamaditas al bingo.<\/em><\/span><\/p>\n<p><span style=\"color: #008000\"><em>Le\u00f3n Lasa est\u00e1 en C\u00e1diz, \u201cya sabes es el edificio Princic\u00e1diz. Justo encima de Quino vivo yo. Si vais por all\u00ed os acerc\u00e1is que nos echamos unos partidillos en la playa todos los d\u00edas por la ma\u00f1ana temprano\u201d.<\/em><\/span><\/p>\n<p><span style=\"color: #008000\"><em>\u00bfSe acuerdan ustedes de Garc\u00eda Traid? Pues estuvo de vacaciones forzosas de abril a junio. Ahora anda en Mareo dando clases a los futuros entrenadores y en cuanto acabe el curso se ir\u00e1 a Salamanca para preparar el traslado a Burgos. Y eso fue todo. Ya est\u00e1n localizados aunque no se extra\u00f1e nadie si se encuentran a alguno fuera de sitio. En estos d\u00edas est\u00e1 muy en su derecho de cambiar de idea o de aires. Yo por lo pronto me voy a Portugal y que me echen un galgo. Que me voy, que me voy, que me voy\u2026que me he ido.&nbsp;<\/em> <\/span>&nbsp;<\/p>\n\n\n<p><\/p>\n","protected":false},"excerpt":{"rendered":"<p>Ya estamos en tiempo de vacaciones para los futbolistas de la primera plantilla del Real Betis Balompi\u00e9, una vez finalizada de forma exitosa la campa\u00f1a 2020-21. Es el tiempo en el que los futbolistas descansan en compa\u00f1\u00eda de familiares y amigos, reponen fuerzas f\u00edsicas y mentales y se alejan de los focos medi\u00e1ticos, aunque esto&#8230;<\/p>\n","protected":false},"author":5,"featured_media":79841,"comment_status":"open","ping_status":"open","sticky":false,"template":"","format":"standard","meta":{"_kad_post_transparent":"","_kad_post_title":"","_kad_post_layout":"","_kad_post_sidebar_id":"","_kad_post_content_style":"","_kad_post_vertical_padding":"","_kad_post_feature":"","_kad_post_feature_position":"","_kad_post_header":false,"_kad_post_footer":false,"_kad_post_classname":"","_jetpack_memberships_contains_paid_content":false,"footnotes":"","jetpack_publicize_message":"","jetpack_publicize_feature_enabled":true,"jetpack_social_post_already_shared":true,"jetpack_social_options":{"image_generator_settings":{"template":"highway","default_image_id":0,"font":"","enabled":false},"version":2}},"categories":[903,1],"tags":[1033,17012],"class_list":["post-79840","post","type-post","status-publish","format-standard","has-post-thumbnail","hentry","category-1970-1979","category-portada","tag-1033","tag-santiago-sanchez-traver"],"jetpack_publicize_connections":[],"jetpack_featured_media_url":"https:\/\/i0.wp.com\/www.manquepierda.com\/historiarealbetis\/files\/2021\/06\/Alineacion-Almeria-Betis-Liga-1979-NMP-As-Color-30-6-1979.jpg?fit=656%2C435&ssl=1","jetpack_sharing_enabled":true,"jetpack_shortlink":"https:\/\/wp.me\/p1ij08-kLK","jetpack-related-posts":[],"_links":{"self":[{"href":"https:\/\/www.manquepierda.com\/historiarealbetis\/wp-json\/wp\/v2\/posts\/79840","targetHints":{"allow":["GET"]}}],"collection":[{"href":"https:\/\/www.manquepierda.com\/historiarealbetis\/wp-json\/wp\/v2\/posts"}],"about":[{"href":"https:\/\/www.manquepierda.com\/historiarealbetis\/wp-json\/wp\/v2\/types\/post"}],"author":[{"embeddable":true,"href":"https:\/\/www.manquepierda.com\/historiarealbetis\/wp-json\/wp\/v2\/users\/5"}],"replies":[{"embeddable":true,"href":"https:\/\/www.manquepierda.com\/historiarealbetis\/wp-json\/wp\/v2\/comments?post=79840"}],"version-history":[{"count":0,"href":"https:\/\/www.manquepierda.com\/historiarealbetis\/wp-json\/wp\/v2\/posts\/79840\/revisions"}],"wp:featuredmedia":[{"embeddable":true,"href":"https:\/\/www.manquepierda.com\/historiarealbetis\/wp-json\/wp\/v2\/media\/79841"}],"wp:attachment":[{"href":"https:\/\/www.manquepierda.com\/historiarealbetis\/wp-json\/wp\/v2\/media?parent=79840"}],"wp:term":[{"taxonomy":"category","embeddable":true,"href":"https:\/\/www.manquepierda.com\/historiarealbetis\/wp-json\/wp\/v2\/categories?post=79840"},{"taxonomy":"post_tag","embeddable":true,"href":"https:\/\/www.manquepierda.com\/historiarealbetis\/wp-json\/wp\/v2\/tags?post=79840"}],"curies":[{"name":"wp","href":"https:\/\/api.w.org\/{rel}","templated":true}]}}