{"id":79851,"date":"2021-06-13T12:00:00","date_gmt":"2021-06-13T10:00:00","guid":{"rendered":"https:\/\/www.manquepierda.com\/historiarealbetis\/?p=79851"},"modified":"2025-07-20T15:33:42","modified_gmt":"2025-07-20T13:33:42","slug":"hoy-hace-65-anos-fichajes-de-espejin-y-pierita","status":"publish","type":"post","link":"https:\/\/www.manquepierda.com\/historiarealbetis\/hoy-hace-65-anos-fichajes-de-espejin-y-pierita\/","title":{"rendered":"Hoy hace 65 a\u00f1os. Fichajes de Espej\u00edn y Pierita."},"content":{"rendered":"\n<div class=\"wp-block-image\"><figure class=\"aligncenter size-large\"><img data-recalc-dims=\"1\" loading=\"lazy\" decoding=\"async\" width=\"767\" height=\"421\" src=\"https:\/\/i0.wp.com\/www.manquepierda.com\/historiarealbetis\/files\/2021\/06\/13-1956-Fichajes-de-Espejin-y-Pierita.jpg?resize=767%2C421&#038;ssl=1\" alt=\"\" class=\"wp-image-79852\" srcset=\"https:\/\/i0.wp.com\/www.manquepierda.com\/historiarealbetis\/files\/2021\/06\/13-1956-Fichajes-de-Espejin-y-Pierita.jpg?w=767&amp;ssl=1 767w, https:\/\/i0.wp.com\/www.manquepierda.com\/historiarealbetis\/files\/2021\/06\/13-1956-Fichajes-de-Espejin-y-Pierita.jpg?resize=680%2C373&amp;ssl=1 680w, https:\/\/i0.wp.com\/www.manquepierda.com\/historiarealbetis\/files\/2021\/06\/13-1956-Fichajes-de-Espejin-y-Pierita.jpg?resize=220%2C121&amp;ssl=1 220w\" sizes=\"auto, (max-width: 767px) 100vw, 767px\" \/><\/figure><\/div>\n\n\n<p><span style=\"color: #008000\">El 13 de junio de 1956 el Betis formalizaba los fichajes de los jugadores Ram\u00f3n P\u00e9rez \u201cEspej\u00edn\u201d y de Manuel Garc\u00eda \u201cPierita\u201d.<\/span><\/p>\n<p><span style=\"color: #008000\">El primero, un centrocampista tinerfe\u00f1o llegado desde el Algeciras, jug\u00f3 un papel importante durante la siguiente temporada, mientras que Pierita, delantero llegado tambi\u00e9n del Algeciras no lleg\u00f3 a debutar en partido oficial con el cuadro verdiblanco, disputando s\u00f3lo partidos amistosos para marchar posteriormente al Extremadura.<\/span><\/p>","protected":false},"excerpt":{"rendered":"<p>El 13 de junio de 1956 el Betis formalizaba los fichajes de los jugadores Ram\u00f3n P\u00e9rez \u201cEspej\u00edn\u201d y de Manuel Garc\u00eda \u201cPierita\u201d. El primero, un centrocampista tinerfe\u00f1o llegado desde el Algeciras, jug\u00f3 un papel importante durante la siguiente temporada, mientras que Pierita, delantero llegado tambi\u00e9n del Algeciras no lleg\u00f3 a debutar en partido oficial con&#8230;<\/p>\n","protected":false},"author":5,"featured_media":79852,"comment_status":"open","ping_status":"open","sticky":false,"template":"","format":"standard","meta":{"_kad_post_transparent":"","_kad_post_title":"","_kad_post_layout":"","_kad_post_sidebar_id":"","_kad_post_content_style":"","_kad_post_vertical_padding":"","_kad_post_feature":"","_kad_post_feature_position":"","_kad_post_header":false,"_kad_post_footer":false,"_kad_post_classname":"","_jetpack_memberships_contains_paid_content":false,"footnotes":"","jetpack_publicize_message":"","jetpack_publicize_feature_enabled":true,"jetpack_social_post_already_shared":true,"jetpack_social_options":{"image_generator_settings":{"template":"highway","default_image_id":0,"font":"","enabled":false},"version":2}},"categories":[901,14583,1],"tags":[1239,15348,15940,3582],"class_list":["post-79851","post","type-post","status-publish","format-standard","has-post-thumbnail","hentry","category-1950-1959","category-efemerides","category-portada","tag-1239","tag-algeciras-cf","tag-manuel-garcia-pierita","tag-ramon-perez-espejin"],"jetpack_publicize_connections":[],"jetpack_featured_media_url":"https:\/\/i0.wp.com\/www.manquepierda.com\/historiarealbetis\/files\/2021\/06\/13-1956-Fichajes-de-Espejin-y-Pierita.jpg?fit=767%2C421&ssl=1","jetpack_sharing_enabled":true,"jetpack_shortlink":"https:\/\/wp.me\/p1ij08-kLV","jetpack-related-posts":[],"_links":{"self":[{"href":"https:\/\/www.manquepierda.com\/historiarealbetis\/wp-json\/wp\/v2\/posts\/79851","targetHints":{"allow":["GET"]}}],"collection":[{"href":"https:\/\/www.manquepierda.com\/historiarealbetis\/wp-json\/wp\/v2\/posts"}],"about":[{"href":"https:\/\/www.manquepierda.com\/historiarealbetis\/wp-json\/wp\/v2\/types\/post"}],"author":[{"embeddable":true,"href":"https:\/\/www.manquepierda.com\/historiarealbetis\/wp-json\/wp\/v2\/users\/5"}],"replies":[{"embeddable":true,"href":"https:\/\/www.manquepierda.com\/historiarealbetis\/wp-json\/wp\/v2\/comments?post=79851"}],"version-history":[{"count":1,"href":"https:\/\/www.manquepierda.com\/historiarealbetis\/wp-json\/wp\/v2\/posts\/79851\/revisions"}],"predecessor-version":[{"id":84320,"href":"https:\/\/www.manquepierda.com\/historiarealbetis\/wp-json\/wp\/v2\/posts\/79851\/revisions\/84320"}],"wp:featuredmedia":[{"embeddable":true,"href":"https:\/\/www.manquepierda.com\/historiarealbetis\/wp-json\/wp\/v2\/media\/79852"}],"wp:attachment":[{"href":"https:\/\/www.manquepierda.com\/historiarealbetis\/wp-json\/wp\/v2\/media?parent=79851"}],"wp:term":[{"taxonomy":"category","embeddable":true,"href":"https:\/\/www.manquepierda.com\/historiarealbetis\/wp-json\/wp\/v2\/categories?post=79851"},{"taxonomy":"post_tag","embeddable":true,"href":"https:\/\/www.manquepierda.com\/historiarealbetis\/wp-json\/wp\/v2\/tags?post=79851"}],"curies":[{"name":"wp","href":"https:\/\/api.w.org\/{rel}","templated":true}]}}