{"id":79874,"date":"2021-06-10T09:44:00","date_gmt":"2021-06-10T07:44:00","guid":{"rendered":"https:\/\/www.manquepierda.com\/historiarealbetis\/?p=79874"},"modified":"2024-10-02T07:49:11","modified_gmt":"2024-10-02T05:49:11","slug":"album-de-cromos-temporada-1974-75","status":"publish","type":"post","link":"https:\/\/www.manquepierda.com\/historiarealbetis\/album-de-cromos-temporada-1974-75\/","title":{"rendered":"Album de cromos temporada 1974-75."},"content":{"rendered":"\n<div class=\"wp-block-image\"><figure class=\"aligncenter size-large\"><img data-recalc-dims=\"1\" loading=\"lazy\" decoding=\"async\" width=\"960\" height=\"680\" src=\"https:\/\/i0.wp.com\/www.manquepierda.com\/historiarealbetis\/files\/2021\/06\/Album-de-cromos-Fher-Disgra-1974-75-3.jpg?resize=960%2C680&#038;ssl=1\" alt=\"\" class=\"wp-image-79875\" srcset=\"https:\/\/i0.wp.com\/www.manquepierda.com\/historiarealbetis\/files\/2021\/06\/Album-de-cromos-Fher-Disgra-1974-75-3.jpg?resize=960%2C680&amp;ssl=1 960w, https:\/\/i0.wp.com\/www.manquepierda.com\/historiarealbetis\/files\/2021\/06\/Album-de-cromos-Fher-Disgra-1974-75-3.jpg?resize=680%2C481&amp;ssl=1 680w, https:\/\/i0.wp.com\/www.manquepierda.com\/historiarealbetis\/files\/2021\/06\/Album-de-cromos-Fher-Disgra-1974-75-3.jpg?resize=220%2C156&amp;ssl=1 220w, https:\/\/i0.wp.com\/www.manquepierda.com\/historiarealbetis\/files\/2021\/06\/Album-de-cromos-Fher-Disgra-1974-75-3.jpg?resize=768%2C544&amp;ssl=1 768w, https:\/\/i0.wp.com\/www.manquepierda.com\/historiarealbetis\/files\/2021\/06\/Album-de-cromos-Fher-Disgra-1974-75-3.jpg?w=2045&amp;ssl=1 2045w\" sizes=\"auto, (max-width: 960px) 100vw, 960px\" \/><\/figure><\/div>\n\n\n<p>Album de cromos de la temporada 1974-75 perteneciente a la Editorial Fher-Disgra, y que muestra un mapa de la provincia de Sevilla junto a una Giralda y una flamenca, as\u00ed como las caras de 15 futbolistas b\u00e9ticos y el escudo del club.<\/p>\n\n\n<div class=\"wp-block-image\"><figure class=\"aligncenter size-large\"><img data-recalc-dims=\"1\" loading=\"lazy\" decoding=\"async\" width=\"927\" height=\"700\" src=\"https:\/\/i0.wp.com\/www.manquepierda.com\/historiarealbetis\/files\/2021\/06\/Album-de-cromos-Fher-Disgra-1974-75-1.jpg?resize=927%2C700&#038;ssl=1\" alt=\"\" class=\"wp-image-79876\" srcset=\"https:\/\/i0.wp.com\/www.manquepierda.com\/historiarealbetis\/files\/2021\/06\/Album-de-cromos-Fher-Disgra-1974-75-1.jpg?resize=927%2C700&amp;ssl=1 927w, https:\/\/i0.wp.com\/www.manquepierda.com\/historiarealbetis\/files\/2021\/06\/Album-de-cromos-Fher-Disgra-1974-75-1.jpg?resize=680%2C513&amp;ssl=1 680w, https:\/\/i0.wp.com\/www.manquepierda.com\/historiarealbetis\/files\/2021\/06\/Album-de-cromos-Fher-Disgra-1974-75-1.jpg?resize=220%2C166&amp;ssl=1 220w, https:\/\/i0.wp.com\/www.manquepierda.com\/historiarealbetis\/files\/2021\/06\/Album-de-cromos-Fher-Disgra-1974-75-1.jpg?resize=768%2C580&amp;ssl=1 768w, https:\/\/i0.wp.com\/www.manquepierda.com\/historiarealbetis\/files\/2021\/06\/Album-de-cromos-Fher-Disgra-1974-75-1.jpg?w=2046&amp;ssl=1 2046w\" sizes=\"auto, (max-width: 927px) 100vw, 927px\" \/><\/figure><\/div>\n\n\n<p>Album de cromos de la temporada 1974-75 perteneciente a la Editorial Fher-Disgra con los siguientes jugadores: Jos\u00e9 Ram\u00f3n Esnaola, Eduardo G\u00aa Fern\u00e1ndez, Francisco Bizcocho, Jaume Sabat\u00e9, Juan Manuel Cobo, Julio Iglesias, Antonio Biosca y Javier L\u00f3pez. En el fondo de cada cromo aparecen representados los campos de juego de los equipos de la Primera Divisi\u00f3n.&nbsp;<\/p>\n<p><\/p>\n\n\n<div class=\"wp-block-image\"><figure class=\"aligncenter size-large\"><img data-recalc-dims=\"1\" loading=\"lazy\" decoding=\"async\" width=\"960\" height=\"663\" src=\"https:\/\/i0.wp.com\/www.manquepierda.com\/historiarealbetis\/files\/2021\/06\/Album-de-cromos-Fher-Disgra-1974-75-2.jpg?resize=960%2C663&#038;ssl=1\" alt=\"\" class=\"wp-image-79877\" srcset=\"https:\/\/i0.wp.com\/www.manquepierda.com\/historiarealbetis\/files\/2021\/06\/Album-de-cromos-Fher-Disgra-1974-75-2.jpg?resize=960%2C663&amp;ssl=1 960w, https:\/\/i0.wp.com\/www.manquepierda.com\/historiarealbetis\/files\/2021\/06\/Album-de-cromos-Fher-Disgra-1974-75-2.jpg?resize=680%2C470&amp;ssl=1 680w, https:\/\/i0.wp.com\/www.manquepierda.com\/historiarealbetis\/files\/2021\/06\/Album-de-cromos-Fher-Disgra-1974-75-2.jpg?resize=220%2C152&amp;ssl=1 220w, https:\/\/i0.wp.com\/www.manquepierda.com\/historiarealbetis\/files\/2021\/06\/Album-de-cromos-Fher-Disgra-1974-75-2.jpg?resize=768%2C530&amp;ssl=1 768w, https:\/\/i0.wp.com\/www.manquepierda.com\/historiarealbetis\/files\/2021\/06\/Album-de-cromos-Fher-Disgra-1974-75-2.jpg?w=1748&amp;ssl=1 1748w\" sizes=\"auto, (max-width: 960px) 100vw, 960px\" \/><\/figure><\/div>\n\n\n<p>Album de cromos de la temporada 1974-75 perteneciente a la Editorial Fher-Disgra con los siguientes jugadores: Fernando Aramburu, Sebasti\u00e1n Alabanda, Rafael Del Pozo, Jorge Olmedo, Rogelio Sosa, Antonio Ben\u00edtez, Eduardo Anzarda y Juan Carlos Mameli. En el fondo de cada cromo aparecen representados los campos de juego de los equipos de la Primera Divisi\u00f3n.&nbsp;<\/p>","protected":false},"excerpt":{"rendered":"<p>Album de cromos de la temporada 1974-75 perteneciente a la Editorial Fher-Disgra, y que muestra un mapa de la provincia de Sevilla junto a una Giralda y una flamenca, as\u00ed como las caras de 15 futbolistas b\u00e9ticos y el escudo del club. Album de cromos de la temporada 1974-75 perteneciente a la Editorial Fher-Disgra con&#8230;<\/p>\n","protected":false},"author":5,"featured_media":79875,"comment_status":"open","ping_status":"open","sticky":false,"template":"","format":"standard","meta":{"_kad_post_transparent":"","_kad_post_title":"","_kad_post_layout":"","_kad_post_sidebar_id":"","_kad_post_content_style":"","_kad_post_vertical_padding":"","_kad_post_feature":"","_kad_post_feature_position":"","_kad_post_header":false,"_kad_post_footer":false,"_kad_post_classname":"","_jetpack_memberships_contains_paid_content":false,"footnotes":"","jetpack_publicize_message":"","jetpack_publicize_feature_enabled":true,"jetpack_social_post_already_shared":true,"jetpack_social_options":{"image_generator_settings":{"template":"highway","default_image_id":0,"font":"","enabled":false},"version":2}},"categories":[903,1],"tags":[57,2507,1120,1157,1179,1567,5061,1245,1304,1178,3098,1302,12770,1181,3862,1123,1396,1164],"class_list":["post-79874","post","type-post","status-publish","format-standard","has-post-thumbnail","hentry","category-1970-1979","category-portada","tag-57","tag-1974-75","tag-antonio-benitez","tag-antonio-biosca","tag-eduardo-anzarda","tag-eduardo-garcia-fernandez","tag-fernando-aramburu","tag-francisco-bizcocho","tag-jaume-sabate","tag-javier-lopez","tag-jorge-olmedo","tag-jose-ramon-esnaola","tag-juan-carlos-mameli","tag-juan-manuel-cobo","tag-julio-iglesias","tag-rafael-del-pozo","tag-rogelio-sosa","tag-sebastian-alabanda"],"jetpack_publicize_connections":[],"jetpack_featured_media_url":"https:\/\/i0.wp.com\/www.manquepierda.com\/historiarealbetis\/files\/2021\/06\/Album-de-cromos-Fher-Disgra-1974-75-3.jpg?fit=2045%2C1448&ssl=1","jetpack_sharing_enabled":true,"jetpack_shortlink":"https:\/\/wp.me\/p1ij08-kMi","jetpack-related-posts":[],"_links":{"self":[{"href":"https:\/\/www.manquepierda.com\/historiarealbetis\/wp-json\/wp\/v2\/posts\/79874","targetHints":{"allow":["GET"]}}],"collection":[{"href":"https:\/\/www.manquepierda.com\/historiarealbetis\/wp-json\/wp\/v2\/posts"}],"about":[{"href":"https:\/\/www.manquepierda.com\/historiarealbetis\/wp-json\/wp\/v2\/types\/post"}],"author":[{"embeddable":true,"href":"https:\/\/www.manquepierda.com\/historiarealbetis\/wp-json\/wp\/v2\/users\/5"}],"replies":[{"embeddable":true,"href":"https:\/\/www.manquepierda.com\/historiarealbetis\/wp-json\/wp\/v2\/comments?post=79874"}],"version-history":[{"count":1,"href":"https:\/\/www.manquepierda.com\/historiarealbetis\/wp-json\/wp\/v2\/posts\/79874\/revisions"}],"predecessor-version":[{"id":99064,"href":"https:\/\/www.manquepierda.com\/historiarealbetis\/wp-json\/wp\/v2\/posts\/79874\/revisions\/99064"}],"wp:featuredmedia":[{"embeddable":true,"href":"https:\/\/www.manquepierda.com\/historiarealbetis\/wp-json\/wp\/v2\/media\/79875"}],"wp:attachment":[{"href":"https:\/\/www.manquepierda.com\/historiarealbetis\/wp-json\/wp\/v2\/media?parent=79874"}],"wp:term":[{"taxonomy":"category","embeddable":true,"href":"https:\/\/www.manquepierda.com\/historiarealbetis\/wp-json\/wp\/v2\/categories?post=79874"},{"taxonomy":"post_tag","embeddable":true,"href":"https:\/\/www.manquepierda.com\/historiarealbetis\/wp-json\/wp\/v2\/tags?post=79874"}],"curies":[{"name":"wp","href":"https:\/\/api.w.org\/{rel}","templated":true}]}}