{"id":79890,"date":"2021-06-14T12:00:00","date_gmt":"2021-06-14T10:00:00","guid":{"rendered":"https:\/\/www.manquepierda.com\/historiarealbetis\/?p=79890"},"modified":"2021-06-08T18:43:33","modified_gmt":"2021-06-08T16:43:33","slug":"hoy-hace-20-anos-concentracion-en-montecastillo","status":"publish","type":"post","link":"https:\/\/www.manquepierda.com\/historiarealbetis\/hoy-hace-20-anos-concentracion-en-montecastillo\/","title":{"rendered":"Hoy hace 20 a\u00f1os. Concentraci\u00f3n en Montecastillo."},"content":{"rendered":"\n<div class=\"wp-block-image\"><figure class=\"aligncenter size-large\"><img data-recalc-dims=\"1\" loading=\"lazy\" decoding=\"async\" width=\"623\" height=\"301\" src=\"https:\/\/i0.wp.com\/www.manquepierda.com\/historiarealbetis\/files\/2021\/06\/14-2001-Concentracion-en-Jerez.jpg?resize=623%2C301&#038;ssl=1\" alt=\"\" class=\"wp-image-79891\" srcset=\"https:\/\/i0.wp.com\/www.manquepierda.com\/historiarealbetis\/files\/2021\/06\/14-2001-Concentracion-en-Jerez.jpg?w=623&amp;ssl=1 623w, https:\/\/i0.wp.com\/www.manquepierda.com\/historiarealbetis\/files\/2021\/06\/14-2001-Concentracion-en-Jerez.jpg?resize=220%2C106&amp;ssl=1 220w\" sizes=\"auto, (max-width: 623px) 100vw, 623px\" \/><\/figure><\/div>\n\n\n<p><span style=\"color: #008000\">El 14 de junio de 2001 el Betis inicia una concentraci\u00f3n en Montecastillo, en las cercan\u00edas de Jerez, con el fin de preparar el partido definitivo a disputar contra el Real Ja\u00e9n en La Victoria tres d\u00edas despu\u00e9s.<\/span><\/p>\n<p><span style=\"color: #008000\">Un partido en el que se juega definitivamente el ascenso a Primera Divisi\u00f3n, y una concentraci\u00f3n a la que el t\u00e9cnico Luis Del Sol se lleva a todos los integrantes de la plantilla, incluyendo futbolistas sancionados y lesionados. Desde el jueves 14 hasta el s\u00e1bado 16, v\u00edspera del partido, el equipo convive y se prepara para la cita decisiva. &nbsp;<\/span><\/p>","protected":false},"excerpt":{"rendered":"<p>El 14 de junio de 2001 el Betis inicia una concentraci\u00f3n en Montecastillo, en las cercan\u00edas de Jerez, con el fin de preparar el partido definitivo a disputar contra el Real Ja\u00e9n en La Victoria tres d\u00edas despu\u00e9s. Un partido en el que se juega definitivamente el ascenso a Primera Divisi\u00f3n, y una concentraci\u00f3n a&#8230;<\/p>\n","protected":false},"author":5,"featured_media":79891,"comment_status":"open","ping_status":"open","sticky":false,"template":"","format":"standard","meta":{"_kad_post_transparent":"","_kad_post_title":"","_kad_post_layout":"","_kad_post_sidebar_id":"","_kad_post_content_style":"","_kad_post_vertical_padding":"","_kad_post_feature":"","_kad_post_feature_position":"","_kad_post_header":false,"_kad_post_footer":false,"_kad_post_classname":"","_jetpack_memberships_contains_paid_content":false,"footnotes":"","jetpack_publicize_message":"","jetpack_publicize_feature_enabled":true,"jetpack_social_post_already_shared":true,"jetpack_social_options":{"image_generator_settings":{"template":"highway","default_image_id":0,"font":"","enabled":false},"version":2}},"categories":[4823,14583,1],"tags":[4976,16797],"class_list":["post-79890","post","type-post","status-publish","format-standard","has-post-thumbnail","hentry","category-2000-2009","category-efemerides","category-portada","tag-4976","tag-montecastillo"],"jetpack_publicize_connections":[],"jetpack_featured_media_url":"https:\/\/i0.wp.com\/www.manquepierda.com\/historiarealbetis\/files\/2021\/06\/14-2001-Concentracion-en-Jerez.jpg?fit=623%2C301&ssl=1","jetpack_sharing_enabled":true,"jetpack_shortlink":"https:\/\/wp.me\/p1ij08-kMy","jetpack-related-posts":[],"_links":{"self":[{"href":"https:\/\/www.manquepierda.com\/historiarealbetis\/wp-json\/wp\/v2\/posts\/79890","targetHints":{"allow":["GET"]}}],"collection":[{"href":"https:\/\/www.manquepierda.com\/historiarealbetis\/wp-json\/wp\/v2\/posts"}],"about":[{"href":"https:\/\/www.manquepierda.com\/historiarealbetis\/wp-json\/wp\/v2\/types\/post"}],"author":[{"embeddable":true,"href":"https:\/\/www.manquepierda.com\/historiarealbetis\/wp-json\/wp\/v2\/users\/5"}],"replies":[{"embeddable":true,"href":"https:\/\/www.manquepierda.com\/historiarealbetis\/wp-json\/wp\/v2\/comments?post=79890"}],"version-history":[{"count":0,"href":"https:\/\/www.manquepierda.com\/historiarealbetis\/wp-json\/wp\/v2\/posts\/79890\/revisions"}],"wp:featuredmedia":[{"embeddable":true,"href":"https:\/\/www.manquepierda.com\/historiarealbetis\/wp-json\/wp\/v2\/media\/79891"}],"wp:attachment":[{"href":"https:\/\/www.manquepierda.com\/historiarealbetis\/wp-json\/wp\/v2\/media?parent=79890"}],"wp:term":[{"taxonomy":"category","embeddable":true,"href":"https:\/\/www.manquepierda.com\/historiarealbetis\/wp-json\/wp\/v2\/categories?post=79890"},{"taxonomy":"post_tag","embeddable":true,"href":"https:\/\/www.manquepierda.com\/historiarealbetis\/wp-json\/wp\/v2\/tags?post=79890"}],"curies":[{"name":"wp","href":"https:\/\/api.w.org\/{rel}","templated":true}]}}