{"id":79991,"date":"2021-06-17T10:08:00","date_gmt":"2021-06-17T08:08:00","guid":{"rendered":"https:\/\/www.manquepierda.com\/historiarealbetis\/?p=79991"},"modified":"2024-10-02T07:48:24","modified_gmt":"2024-10-02T05:48:24","slug":"album-de-cromos-temporada-1975-76-4","status":"publish","type":"post","link":"https:\/\/www.manquepierda.com\/historiarealbetis\/album-de-cromos-temporada-1975-76-4\/","title":{"rendered":"Album de cromos temporada 1975-76."},"content":{"rendered":"\n<div class=\"wp-block-image\"><figure class=\"aligncenter size-large\"><img data-recalc-dims=\"1\" loading=\"lazy\" decoding=\"async\" width=\"960\" height=\"435\" src=\"https:\/\/i0.wp.com\/www.manquepierda.com\/historiarealbetis\/files\/2021\/06\/Album-de-cromos-Ruiz-Romero-1975-76-1.jpg?resize=960%2C435&#038;ssl=1\" alt=\"\" class=\"wp-image-79992\" srcset=\"https:\/\/i0.wp.com\/www.manquepierda.com\/historiarealbetis\/files\/2021\/06\/Album-de-cromos-Ruiz-Romero-1975-76-1.jpg?resize=960%2C435&amp;ssl=1 960w, https:\/\/i0.wp.com\/www.manquepierda.com\/historiarealbetis\/files\/2021\/06\/Album-de-cromos-Ruiz-Romero-1975-76-1.jpg?resize=680%2C308&amp;ssl=1 680w, https:\/\/i0.wp.com\/www.manquepierda.com\/historiarealbetis\/files\/2021\/06\/Album-de-cromos-Ruiz-Romero-1975-76-1.jpg?resize=220%2C100&amp;ssl=1 220w, https:\/\/i0.wp.com\/www.manquepierda.com\/historiarealbetis\/files\/2021\/06\/Album-de-cromos-Ruiz-Romero-1975-76-1.jpg?resize=768%2C348&amp;ssl=1 768w, https:\/\/i0.wp.com\/www.manquepierda.com\/historiarealbetis\/files\/2021\/06\/Album-de-cromos-Ruiz-Romero-1975-76-1.jpg?w=1710&amp;ssl=1 1710w\" sizes=\"auto, (max-width: 960px) 100vw, 960px\" \/><\/figure><\/div>\n\n\n<p>Album de cromos de la temporada 1975-76 de la Editorial Ruiz Romero con los siguientes jugadores: Jos\u00e9 Ram\u00f3n Esnaola, Francisco Bizcocho, Jaume Sabat\u00e9, Juan Manuel Cobo, Antonio Biosca, Javier L\u00f3pez, Rafael Del Pozo y Sebasti\u00e1n Alabanda.&nbsp;&nbsp;<\/p>\n<p><\/p>\n\n\n<div class=\"wp-block-image\"><figure class=\"aligncenter size-large\"><img data-recalc-dims=\"1\" loading=\"lazy\" decoding=\"async\" width=\"960\" height=\"413\" src=\"https:\/\/i0.wp.com\/www.manquepierda.com\/historiarealbetis\/files\/2021\/06\/Album-de-cromos-Ruiz-Romero-1975-76-2.jpg?resize=960%2C413&#038;ssl=1\" alt=\"\" class=\"wp-image-79993\" srcset=\"https:\/\/i0.wp.com\/www.manquepierda.com\/historiarealbetis\/files\/2021\/06\/Album-de-cromos-Ruiz-Romero-1975-76-2-scaled.jpg?resize=960%2C413&amp;ssl=1 960w, https:\/\/i0.wp.com\/www.manquepierda.com\/historiarealbetis\/files\/2021\/06\/Album-de-cromos-Ruiz-Romero-1975-76-2-scaled.jpg?resize=680%2C292&amp;ssl=1 680w, https:\/\/i0.wp.com\/www.manquepierda.com\/historiarealbetis\/files\/2021\/06\/Album-de-cromos-Ruiz-Romero-1975-76-2-scaled.jpg?resize=220%2C95&amp;ssl=1 220w, https:\/\/i0.wp.com\/www.manquepierda.com\/historiarealbetis\/files\/2021\/06\/Album-de-cromos-Ruiz-Romero-1975-76-2-scaled.jpg?resize=768%2C330&amp;ssl=1 768w\" sizes=\"auto, (max-width: 960px) 100vw, 960px\" \/><\/figure><\/div>\n\n\n\n<p>Album de cromos de la temporada 1975-76 de la Editorial Ruiz Romero con los siguientes jugadores: Rogelio Sosa, Julio Carde\u00f1osa, Eduardo Anzarda, Eduardo Garc\u00eda Fern\u00e1ndez, Julio Iglesias, Antonio Ben\u00edtez, Juan Carlos Mameli y Celso Mendieta.<\/p>\n","protected":false},"excerpt":{"rendered":"<p>Album de cromos de la temporada 1975-76 de la Editorial Ruiz Romero con los siguientes jugadores: Jos\u00e9 Ram\u00f3n Esnaola, Francisco Bizcocho, Jaume Sabat\u00e9, Juan Manuel Cobo, Antonio Biosca, Javier L\u00f3pez, Rafael Del Pozo y Sebasti\u00e1n Alabanda.&nbsp;&nbsp; Album de cromos de la temporada 1975-76 de la Editorial Ruiz Romero con los siguientes jugadores: Rogelio Sosa, Julio&#8230;<\/p>\n","protected":false},"author":5,"featured_media":79993,"comment_status":"open","ping_status":"open","sticky":false,"template":"","format":"standard","meta":{"_kad_post_transparent":"","_kad_post_title":"","_kad_post_layout":"","_kad_post_sidebar_id":"","_kad_post_content_style":"","_kad_post_vertical_padding":"","_kad_post_feature":"","_kad_post_feature_position":"","_kad_post_header":false,"_kad_post_footer":false,"_kad_post_classname":"","_jetpack_memberships_contains_paid_content":false,"footnotes":"","jetpack_publicize_message":"","jetpack_publicize_feature_enabled":true,"jetpack_social_post_already_shared":true,"jetpack_social_options":{"image_generator_settings":{"template":"highway","default_image_id":0,"font":"","enabled":false},"version":2}},"categories":[903,1],"tags":[58,2504,1120,1157,1045,1179,1567,1245,1304,1178,1302,12770,1181,1155,3862,1123,1396,1164],"class_list":["post-79991","post","type-post","status-publish","format-standard","has-post-thumbnail","hentry","category-1970-1979","category-portada","tag-58","tag-1975-76","tag-antonio-benitez","tag-antonio-biosca","tag-celso-mendieta","tag-eduardo-anzarda","tag-eduardo-garcia-fernandez","tag-francisco-bizcocho","tag-jaume-sabate","tag-javier-lopez","tag-jose-ramon-esnaola","tag-juan-carlos-mameli","tag-juan-manuel-cobo","tag-julio-cardenosa","tag-julio-iglesias","tag-rafael-del-pozo","tag-rogelio-sosa","tag-sebastian-alabanda"],"jetpack_publicize_connections":[],"jetpack_featured_media_url":"https:\/\/i0.wp.com\/www.manquepierda.com\/historiarealbetis\/files\/2021\/06\/Album-de-cromos-Ruiz-Romero-1975-76-2-scaled.jpg?fit=2560%2C1100&ssl=1","jetpack_sharing_enabled":true,"jetpack_shortlink":"https:\/\/wp.me\/p1ij08-kOb","jetpack-related-posts":[],"_links":{"self":[{"href":"https:\/\/www.manquepierda.com\/historiarealbetis\/wp-json\/wp\/v2\/posts\/79991","targetHints":{"allow":["GET"]}}],"collection":[{"href":"https:\/\/www.manquepierda.com\/historiarealbetis\/wp-json\/wp\/v2\/posts"}],"about":[{"href":"https:\/\/www.manquepierda.com\/historiarealbetis\/wp-json\/wp\/v2\/types\/post"}],"author":[{"embeddable":true,"href":"https:\/\/www.manquepierda.com\/historiarealbetis\/wp-json\/wp\/v2\/users\/5"}],"replies":[{"embeddable":true,"href":"https:\/\/www.manquepierda.com\/historiarealbetis\/wp-json\/wp\/v2\/comments?post=79991"}],"version-history":[{"count":2,"href":"https:\/\/www.manquepierda.com\/historiarealbetis\/wp-json\/wp\/v2\/posts\/79991\/revisions"}],"predecessor-version":[{"id":99965,"href":"https:\/\/www.manquepierda.com\/historiarealbetis\/wp-json\/wp\/v2\/posts\/79991\/revisions\/99965"}],"wp:featuredmedia":[{"embeddable":true,"href":"https:\/\/www.manquepierda.com\/historiarealbetis\/wp-json\/wp\/v2\/media\/79993"}],"wp:attachment":[{"href":"https:\/\/www.manquepierda.com\/historiarealbetis\/wp-json\/wp\/v2\/media?parent=79991"}],"wp:term":[{"taxonomy":"category","embeddable":true,"href":"https:\/\/www.manquepierda.com\/historiarealbetis\/wp-json\/wp\/v2\/categories?post=79991"},{"taxonomy":"post_tag","embeddable":true,"href":"https:\/\/www.manquepierda.com\/historiarealbetis\/wp-json\/wp\/v2\/tags?post=79991"}],"curies":[{"name":"wp","href":"https:\/\/api.w.org\/{rel}","templated":true}]}}