{"id":80051,"date":"2021-06-24T09:49:00","date_gmt":"2021-06-24T07:49:00","guid":{"rendered":"https:\/\/www.manquepierda.com\/historiarealbetis\/?p=80051"},"modified":"2024-08-26T20:24:04","modified_gmt":"2024-08-26T18:24:04","slug":"album-de-cromos-temporada-1976-77-2","status":"publish","type":"post","link":"https:\/\/www.manquepierda.com\/historiarealbetis\/album-de-cromos-temporada-1976-77-2\/","title":{"rendered":"Album de cromos temporada 1976-77."},"content":{"rendered":"\n<div class=\"wp-block-image\"><figure class=\"aligncenter size-large\"><img data-recalc-dims=\"1\" loading=\"lazy\" decoding=\"async\" width=\"960\" height=\"482\" src=\"https:\/\/i0.wp.com\/www.manquepierda.com\/historiarealbetis\/files\/2021\/06\/Album-de-cromos-Fher-Disgra-1976-77-1.jpg?resize=960%2C482&#038;ssl=1\" alt=\"\" class=\"wp-image-80052\" srcset=\"https:\/\/i0.wp.com\/www.manquepierda.com\/historiarealbetis\/files\/2021\/06\/Album-de-cromos-Fher-Disgra-1976-77-1.jpg?resize=960%2C482&amp;ssl=1 960w, https:\/\/i0.wp.com\/www.manquepierda.com\/historiarealbetis\/files\/2021\/06\/Album-de-cromos-Fher-Disgra-1976-77-1.jpg?resize=680%2C341&amp;ssl=1 680w, https:\/\/i0.wp.com\/www.manquepierda.com\/historiarealbetis\/files\/2021\/06\/Album-de-cromos-Fher-Disgra-1976-77-1.jpg?resize=220%2C110&amp;ssl=1 220w, https:\/\/i0.wp.com\/www.manquepierda.com\/historiarealbetis\/files\/2021\/06\/Album-de-cromos-Fher-Disgra-1976-77-1.jpg?resize=768%2C385&amp;ssl=1 768w, https:\/\/i0.wp.com\/www.manquepierda.com\/historiarealbetis\/files\/2021\/06\/Album-de-cromos-Fher-Disgra-1976-77-1.jpg?resize=400%2C200&amp;ssl=1 400w, https:\/\/i0.wp.com\/www.manquepierda.com\/historiarealbetis\/files\/2021\/06\/Album-de-cromos-Fher-Disgra-1976-77-1.jpg?w=1955&amp;ssl=1 1955w\" sizes=\"auto, (max-width: 960px) 100vw, 960px\" \/><\/figure><\/div>\n\n\n<p>Album de cromos de la temporada 1976-77 de la Editorial Fher-Disgra con los siguientes jugadores: Jos\u00e9 Ram\u00f3n Esnaola, Francisco Bizcocho y Jaume Sabat\u00e9.&nbsp;<\/p>\n<p><\/p>\n\n\n<div class=\"wp-block-image\"><figure class=\"aligncenter size-large\"><img data-recalc-dims=\"1\" loading=\"lazy\" decoding=\"async\" width=\"952\" height=\"700\" src=\"https:\/\/i0.wp.com\/www.manquepierda.com\/historiarealbetis\/files\/2021\/06\/Album-de-cromos-Fher-Disgra-1976-77-2.jpg?resize=952%2C700&#038;ssl=1\" alt=\"\" class=\"wp-image-80053\" srcset=\"https:\/\/i0.wp.com\/www.manquepierda.com\/historiarealbetis\/files\/2021\/06\/Album-de-cromos-Fher-Disgra-1976-77-2.jpg?resize=952%2C700&amp;ssl=1 952w, https:\/\/i0.wp.com\/www.manquepierda.com\/historiarealbetis\/files\/2021\/06\/Album-de-cromos-Fher-Disgra-1976-77-2.jpg?resize=680%2C500&amp;ssl=1 680w, https:\/\/i0.wp.com\/www.manquepierda.com\/historiarealbetis\/files\/2021\/06\/Album-de-cromos-Fher-Disgra-1976-77-2.jpg?resize=220%2C162&amp;ssl=1 220w, https:\/\/i0.wp.com\/www.manquepierda.com\/historiarealbetis\/files\/2021\/06\/Album-de-cromos-Fher-Disgra-1976-77-2.jpg?resize=768%2C565&amp;ssl=1 768w, https:\/\/i0.wp.com\/www.manquepierda.com\/historiarealbetis\/files\/2021\/06\/Album-de-cromos-Fher-Disgra-1976-77-2.jpg?w=2030&amp;ssl=1 2030w\" sizes=\"auto, (max-width: 952px) 100vw, 952px\" \/><\/figure><\/div>\n\n\n<p>Album de cromos de la temporada 1976-77 de la Editorial Fher-Disgra con los siguientes jugadores: Juan Manuel Cobo, Antonio Biosca, Fernando Lobato, Javier L\u00f3pez, Sebasti\u00e1n Alabanda y Julio Carde\u00f1osa.<\/p>\n\n\n<div class=\"wp-block-image\"><figure class=\"aligncenter size-large\"><img data-recalc-dims=\"1\" loading=\"lazy\" decoding=\"async\" width=\"960\" height=\"676\" src=\"https:\/\/i0.wp.com\/www.manquepierda.com\/historiarealbetis\/files\/2021\/06\/Album-de-cromos-Fher-Disgra-1976-77-3.jpg?resize=960%2C676&#038;ssl=1\" alt=\"\" class=\"wp-image-80054\" srcset=\"https:\/\/i0.wp.com\/www.manquepierda.com\/historiarealbetis\/files\/2021\/06\/Album-de-cromos-Fher-Disgra-1976-77-3.jpg?resize=960%2C676&amp;ssl=1 960w, https:\/\/i0.wp.com\/www.manquepierda.com\/historiarealbetis\/files\/2021\/06\/Album-de-cromos-Fher-Disgra-1976-77-3.jpg?resize=680%2C479&amp;ssl=1 680w, https:\/\/i0.wp.com\/www.manquepierda.com\/historiarealbetis\/files\/2021\/06\/Album-de-cromos-Fher-Disgra-1976-77-3.jpg?resize=220%2C155&amp;ssl=1 220w, https:\/\/i0.wp.com\/www.manquepierda.com\/historiarealbetis\/files\/2021\/06\/Album-de-cromos-Fher-Disgra-1976-77-3.jpg?resize=768%2C541&amp;ssl=1 768w, https:\/\/i0.wp.com\/www.manquepierda.com\/historiarealbetis\/files\/2021\/06\/Album-de-cromos-Fher-Disgra-1976-77-3.jpg?w=1767&amp;ssl=1 1767w\" sizes=\"auto, (max-width: 960px) 100vw, 960px\" \/><\/figure><\/div>\n\n\n<p>Album de cromos de la temporada 1976-77 de la Editorial Fher-Disgra con los siguientes jugadores:&nbsp; Antonio Ben\u00edtez, Rogelio Sosa, Atila Ladinszky, Celso Mendieta, Eduardo Anzarda y Jos\u00e9 Antonio Eulate.&nbsp;<\/p>","protected":false},"excerpt":{"rendered":"<p>Album de cromos de la temporada 1976-77 de la Editorial Fher-Disgra con los siguientes jugadores: Jos\u00e9 Ram\u00f3n Esnaola, Francisco Bizcocho y Jaume Sabat\u00e9.&nbsp; Album de cromos de la temporada 1976-77 de la Editorial Fher-Disgra con los siguientes jugadores: Juan Manuel Cobo, Antonio Biosca, Fernando Lobato, Javier L\u00f3pez, Sebasti\u00e1n Alabanda y Julio Carde\u00f1osa. Album de cromos&#8230;<\/p>\n","protected":false},"author":5,"featured_media":80052,"comment_status":"open","ping_status":"open","sticky":false,"template":"","format":"standard","meta":{"_kad_post_transparent":"","_kad_post_title":"","_kad_post_layout":"","_kad_post_sidebar_id":"","_kad_post_content_style":"","_kad_post_vertical_padding":"","_kad_post_feature":"","_kad_post_feature_position":"","_kad_post_header":false,"_kad_post_footer":false,"_kad_post_classname":"","_jetpack_memberships_contains_paid_content":false,"footnotes":"","jetpack_publicize_message":"","jetpack_publicize_feature_enabled":true,"jetpack_social_post_already_shared":true,"jetpack_social_options":{"image_generator_settings":{"template":"highway","default_image_id":0,"font":"","enabled":false},"version":2}},"categories":[903,1],"tags":[1556,2238,1120,1157,18132,1045,1179,4964,1245,1304,1178,1301,1302,1181,1155,1396,1164],"class_list":["post-80051","post","type-post","status-publish","format-standard","has-post-thumbnail","hentry","category-1970-1979","category-portada","tag-1556","tag-1976-77","tag-antonio-benitez","tag-antonio-biosca","tag-attila-ladinszky","tag-celso-mendieta","tag-eduardo-anzarda","tag-fernando-lobato","tag-francisco-bizcocho","tag-jaume-sabate","tag-javier-lopez","tag-jose-antonio-eulate","tag-jose-ramon-esnaola","tag-juan-manuel-cobo","tag-julio-cardenosa","tag-rogelio-sosa","tag-sebastian-alabanda"],"jetpack_publicize_connections":[],"jetpack_featured_media_url":"https:\/\/i0.wp.com\/www.manquepierda.com\/historiarealbetis\/files\/2021\/06\/Album-de-cromos-Fher-Disgra-1976-77-1.jpg?fit=1955%2C981&ssl=1","jetpack_sharing_enabled":true,"jetpack_shortlink":"https:\/\/wp.me\/p1ij08-kP9","jetpack-related-posts":[],"_links":{"self":[{"href":"https:\/\/www.manquepierda.com\/historiarealbetis\/wp-json\/wp\/v2\/posts\/80051","targetHints":{"allow":["GET"]}}],"collection":[{"href":"https:\/\/www.manquepierda.com\/historiarealbetis\/wp-json\/wp\/v2\/posts"}],"about":[{"href":"https:\/\/www.manquepierda.com\/historiarealbetis\/wp-json\/wp\/v2\/types\/post"}],"author":[{"embeddable":true,"href":"https:\/\/www.manquepierda.com\/historiarealbetis\/wp-json\/wp\/v2\/users\/5"}],"replies":[{"embeddable":true,"href":"https:\/\/www.manquepierda.com\/historiarealbetis\/wp-json\/wp\/v2\/comments?post=80051"}],"version-history":[{"count":1,"href":"https:\/\/www.manquepierda.com\/historiarealbetis\/wp-json\/wp\/v2\/posts\/80051\/revisions"}],"predecessor-version":[{"id":97908,"href":"https:\/\/www.manquepierda.com\/historiarealbetis\/wp-json\/wp\/v2\/posts\/80051\/revisions\/97908"}],"wp:featuredmedia":[{"embeddable":true,"href":"https:\/\/www.manquepierda.com\/historiarealbetis\/wp-json\/wp\/v2\/media\/80052"}],"wp:attachment":[{"href":"https:\/\/www.manquepierda.com\/historiarealbetis\/wp-json\/wp\/v2\/media?parent=80051"}],"wp:term":[{"taxonomy":"category","embeddable":true,"href":"https:\/\/www.manquepierda.com\/historiarealbetis\/wp-json\/wp\/v2\/categories?post=80051"},{"taxonomy":"post_tag","embeddable":true,"href":"https:\/\/www.manquepierda.com\/historiarealbetis\/wp-json\/wp\/v2\/tags?post=80051"}],"curies":[{"name":"wp","href":"https:\/\/api.w.org\/{rel}","templated":true}]}}