{"id":80665,"date":"2023-07-03T11:00:00","date_gmt":"2023-07-03T09:00:00","guid":{"rendered":"https:\/\/www.manquepierda.com\/historiarealbetis\/?p=80665"},"modified":"2023-07-03T06:13:13","modified_gmt":"2023-07-03T04:13:13","slug":"hoy-hace-25-anos-presentacion-de-nenad-bjelica","status":"publish","type":"post","link":"https:\/\/www.manquepierda.com\/historiarealbetis\/hoy-hace-25-anos-presentacion-de-nenad-bjelica\/","title":{"rendered":"Hoy hace 27 a\u00f1os. Presentaci\u00f3n de Nenad Bjeli\u00e7a."},"content":{"rendered":"<div class=\"wp-block-image\">\n<figure class=\"aligncenter size-large is-resized\"><img data-recalc-dims=\"1\" loading=\"lazy\" decoding=\"async\" src=\"https:\/\/i0.wp.com\/www.manquepierda.com\/historiarealbetis\/files\/2023\/07\/3-1996-Presentacion-de-Nenad-Bjelica.jpg?resize=630%2C525&#038;ssl=1\" alt=\"\" class=\"wp-image-89709\" width=\"630\" height=\"525\" srcset=\"https:\/\/i0.wp.com\/www.manquepierda.com\/historiarealbetis\/files\/2023\/07\/3-1996-Presentacion-de-Nenad-Bjelica-scaled.jpg?resize=840%2C700&amp;ssl=1 840w, https:\/\/i0.wp.com\/www.manquepierda.com\/historiarealbetis\/files\/2023\/07\/3-1996-Presentacion-de-Nenad-Bjelica-scaled.jpg?resize=680%2C567&amp;ssl=1 680w, https:\/\/i0.wp.com\/www.manquepierda.com\/historiarealbetis\/files\/2023\/07\/3-1996-Presentacion-de-Nenad-Bjelica-scaled.jpg?resize=220%2C183&amp;ssl=1 220w, https:\/\/i0.wp.com\/www.manquepierda.com\/historiarealbetis\/files\/2023\/07\/3-1996-Presentacion-de-Nenad-Bjelica-scaled.jpg?resize=768%2C640&amp;ssl=1 768w\" sizes=\"auto, (max-width: 630px) 100vw, 630px\" \/><\/figure>\n<\/div>\n\n<p><span style=\"color: #008000\">El 3 de julio de 1996 es presentado el futbolista Nenad Bjeli\u00e7a como nuevo jugador del Real Betis Balompi\u00e9.<\/span><\/p>\n<p><span style=\"color: #008000\">Futbolista croata que hab\u00eda destacado en las filas del Albacete Balompi\u00e9 y que lleg\u00f3 al club verdiblanco tras el pago de 200 millones de pesetas, as\u00ed como el retorno de Men\u00e9ndez al club manchego.<\/span><\/p>","protected":false},"excerpt":{"rendered":"<p>El 3 de julio de 1996 es presentado el futbolista Nenad Bjeli\u00e7a como nuevo jugador del Real Betis Balompi\u00e9. Futbolista croata que hab\u00eda destacado en las filas del Albacete Balompi\u00e9 y que lleg\u00f3 al club verdiblanco tras el pago de 200 millones de pesetas, as\u00ed como el retorno de Men\u00e9ndez al club manchego.<\/p>\n","protected":false},"author":5,"featured_media":89709,"comment_status":"open","ping_status":"open","sticky":false,"template":"","format":"standard","meta":{"_kad_post_transparent":"","_kad_post_title":"","_kad_post_layout":"","_kad_post_sidebar_id":"","_kad_post_content_style":"","_kad_post_vertical_padding":"","_kad_post_feature":"","_kad_post_feature_position":"","_kad_post_header":false,"_kad_post_footer":false,"_kad_post_classname":"","_jetpack_memberships_contains_paid_content":false,"footnotes":"","jetpack_publicize_message":"","jetpack_publicize_feature_enabled":true,"jetpack_social_post_already_shared":true,"jetpack_social_options":{"image_generator_settings":{"template":"highway","default_image_id":0,"font":"","enabled":false},"version":2}},"categories":[905,14583,1],"tags":[3291,1329],"class_list":["post-80665","post","type-post","status-publish","format-standard","has-post-thumbnail","hentry","category-1990-1999","category-efemerides","category-portada","tag-3291","tag-nenad-bjelica"],"jetpack_publicize_connections":[],"jetpack_featured_media_url":"https:\/\/i0.wp.com\/www.manquepierda.com\/historiarealbetis\/files\/2023\/07\/3-1996-Presentacion-de-Nenad-Bjelica-scaled.jpg?fit=2560%2C2133&ssl=1","jetpack_sharing_enabled":true,"jetpack_shortlink":"https:\/\/wp.me\/p1ij08-kZ3","jetpack-related-posts":[],"_links":{"self":[{"href":"https:\/\/www.manquepierda.com\/historiarealbetis\/wp-json\/wp\/v2\/posts\/80665","targetHints":{"allow":["GET"]}}],"collection":[{"href":"https:\/\/www.manquepierda.com\/historiarealbetis\/wp-json\/wp\/v2\/posts"}],"about":[{"href":"https:\/\/www.manquepierda.com\/historiarealbetis\/wp-json\/wp\/v2\/types\/post"}],"author":[{"embeddable":true,"href":"https:\/\/www.manquepierda.com\/historiarealbetis\/wp-json\/wp\/v2\/users\/5"}],"replies":[{"embeddable":true,"href":"https:\/\/www.manquepierda.com\/historiarealbetis\/wp-json\/wp\/v2\/comments?post=80665"}],"version-history":[{"count":3,"href":"https:\/\/www.manquepierda.com\/historiarealbetis\/wp-json\/wp\/v2\/posts\/80665\/revisions"}],"predecessor-version":[{"id":89711,"href":"https:\/\/www.manquepierda.com\/historiarealbetis\/wp-json\/wp\/v2\/posts\/80665\/revisions\/89711"}],"wp:featuredmedia":[{"embeddable":true,"href":"https:\/\/www.manquepierda.com\/historiarealbetis\/wp-json\/wp\/v2\/media\/89709"}],"wp:attachment":[{"href":"https:\/\/www.manquepierda.com\/historiarealbetis\/wp-json\/wp\/v2\/media?parent=80665"}],"wp:term":[{"taxonomy":"category","embeddable":true,"href":"https:\/\/www.manquepierda.com\/historiarealbetis\/wp-json\/wp\/v2\/categories?post=80665"},{"taxonomy":"post_tag","embeddable":true,"href":"https:\/\/www.manquepierda.com\/historiarealbetis\/wp-json\/wp\/v2\/tags?post=80665"}],"curies":[{"name":"wp","href":"https:\/\/api.w.org\/{rel}","templated":true}]}}