{"id":80729,"date":"2021-07-08T09:09:00","date_gmt":"2021-07-08T07:09:00","guid":{"rendered":"https:\/\/www.manquepierda.com\/historiarealbetis\/?p=80729"},"modified":"2024-10-02T07:43:49","modified_gmt":"2024-10-02T05:43:49","slug":"album-de-cromos-temporada-1985-86","status":"publish","type":"post","link":"https:\/\/www.manquepierda.com\/historiarealbetis\/album-de-cromos-temporada-1985-86\/","title":{"rendered":"Album de cromos temporada 1984-85"},"content":{"rendered":"\n<div class=\"wp-block-image\"><figure class=\"aligncenter size-large is-resized\"><img data-recalc-dims=\"1\" loading=\"lazy\" decoding=\"async\" src=\"https:\/\/i0.wp.com\/www.manquepierda.com\/historiarealbetis\/files\/2021\/07\/Album-de-cromos-Lisel-1985-86.jpg?resize=644%2C893&#038;ssl=1\" alt=\"\" class=\"wp-image-80730\" width=\"644\" height=\"893\" srcset=\"https:\/\/i0.wp.com\/www.manquepierda.com\/historiarealbetis\/files\/2021\/07\/Album-de-cromos-Lisel-1985-86.jpg?resize=505%2C700&amp;ssl=1 505w, https:\/\/i0.wp.com\/www.manquepierda.com\/historiarealbetis\/files\/2021\/07\/Album-de-cromos-Lisel-1985-86.jpg?resize=433%2C600&amp;ssl=1 433w, https:\/\/i0.wp.com\/www.manquepierda.com\/historiarealbetis\/files\/2021\/07\/Album-de-cromos-Lisel-1985-86.jpg?resize=159%2C220&amp;ssl=1 159w, https:\/\/i0.wp.com\/www.manquepierda.com\/historiarealbetis\/files\/2021\/07\/Album-de-cromos-Lisel-1985-86.jpg?resize=768%2C1065&amp;ssl=1 768w, https:\/\/i0.wp.com\/www.manquepierda.com\/historiarealbetis\/files\/2021\/07\/Album-de-cromos-Lisel-1985-86.jpg?w=1240&amp;ssl=1 1240w\" sizes=\"auto, (max-width: 644px) 100vw, 644px\" \/><\/figure><\/div>\n\n\n<p>Album de cromos de la temporada 1984-85 de la Editorial Lisel y con los siguientes jugadores: Esnaola, Salva, Diego, Alex, Mantilla, Gordillo, Parra, Su\u00e1rez, Carde\u00f1osa, Paco, Calder\u00f3n, Valdo, Rinc\u00f3n, Calleja y Palomino.<\/p>\n<p><\/p>\n\n\n<div class=\"wp-block-image\"><figure class=\"aligncenter size-large\"><img data-recalc-dims=\"1\" loading=\"lazy\" decoding=\"async\" width=\"959\" height=\"439\" src=\"https:\/\/i0.wp.com\/www.manquepierda.com\/historiarealbetis\/files\/2021\/07\/Album-de-cromos-Lisel-1984-85-1.jpg?resize=959%2C439&#038;ssl=1\" alt=\"\" class=\"wp-image-80731\" srcset=\"https:\/\/i0.wp.com\/www.manquepierda.com\/historiarealbetis\/files\/2021\/07\/Album-de-cromos-Lisel-1984-85-1.jpg?w=959&amp;ssl=1 959w, https:\/\/i0.wp.com\/www.manquepierda.com\/historiarealbetis\/files\/2021\/07\/Album-de-cromos-Lisel-1984-85-1.jpg?resize=680%2C311&amp;ssl=1 680w, https:\/\/i0.wp.com\/www.manquepierda.com\/historiarealbetis\/files\/2021\/07\/Album-de-cromos-Lisel-1984-85-1.jpg?resize=220%2C101&amp;ssl=1 220w, https:\/\/i0.wp.com\/www.manquepierda.com\/historiarealbetis\/files\/2021\/07\/Album-de-cromos-Lisel-1984-85-1.jpg?resize=768%2C352&amp;ssl=1 768w\" sizes=\"auto, (max-width: 959px) 100vw, 959px\" \/><\/figure><\/div>\n\n\n<p>Album de cromos de la temporada 1984-85 de la Editorial Lisel con los siguientes jugadores: Casado, Ortega y Reyes.\u00a0<\/p>","protected":false},"excerpt":{"rendered":"<p>Album de cromos de la temporada 1984-85 de la Editorial Lisel y con los siguientes jugadores: Esnaola, Salva, Diego, Alex, Mantilla, Gordillo, Parra, Su\u00e1rez, Carde\u00f1osa, Paco, Calder\u00f3n, Valdo, Rinc\u00f3n, Calleja y Palomino. Album de cromos de la temporada 1984-85 de la Editorial Lisel con los siguientes jugadores: Casado, Ortega y Reyes.\u00a0<\/p>\n","protected":false},"author":5,"featured_media":80730,"comment_status":"open","ping_status":"open","sticky":false,"template":"","format":"standard","meta":{"_kad_post_transparent":"","_kad_post_title":"","_kad_post_layout":"","_kad_post_sidebar_id":"","_kad_post_content_style":"","_kad_post_vertical_padding":"","_kad_post_feature":"","_kad_post_feature_position":"","_kad_post_header":false,"_kad_post_footer":false,"_kad_post_classname":"","_jetpack_memberships_contains_paid_content":false,"footnotes":"","jetpack_publicize_message":"","jetpack_publicize_feature_enabled":true,"jetpack_social_post_already_shared":true,"jetpack_social_options":{"image_generator_settings":{"template":"highway","default_image_id":0,"font":"","enabled":false},"version":2}},"categories":[904,1],"tags":[3115,2251,13196,1422,1409,1146,1476,1385,16733,1428,3281,1588,4170,1085,1302,1155,3124,1472,1305,1485],"class_list":["post-80729","post","type-post","status-publish","format-standard","has-post-thumbnail","hentry","category-1980-1989","category-portada","tag-3115","tag-1984-85","tag-al-lal-mohand-alex","tag-antolin-ortega","tag-antonio-casado","tag-antonio-reyes","tag-diego-rodriguez","tag-francisco-machin-paco","tag-gabriel-humberto-calderon","tag-hipolito-rincon","tag-javier-mantilla","tag-joaquin-parra","tag-jose-calleja","tag-jose-carlos-suarez","tag-jose-ramon-esnaola","tag-julio-cardenosa","tag-manuel-palomino","tag-pedro-valdomino-valdo","tag-rafael-gordillo","tag-salvador-navarro-salva"],"jetpack_publicize_connections":[],"jetpack_featured_media_url":"https:\/\/i0.wp.com\/www.manquepierda.com\/historiarealbetis\/files\/2021\/07\/Album-de-cromos-Lisel-1985-86.jpg?fit=1240%2C1719&ssl=1","jetpack_sharing_enabled":true,"jetpack_shortlink":"https:\/\/wp.me\/p1ij08-l05","jetpack-related-posts":[],"_links":{"self":[{"href":"https:\/\/www.manquepierda.com\/historiarealbetis\/wp-json\/wp\/v2\/posts\/80729","targetHints":{"allow":["GET"]}}],"collection":[{"href":"https:\/\/www.manquepierda.com\/historiarealbetis\/wp-json\/wp\/v2\/posts"}],"about":[{"href":"https:\/\/www.manquepierda.com\/historiarealbetis\/wp-json\/wp\/v2\/types\/post"}],"author":[{"embeddable":true,"href":"https:\/\/www.manquepierda.com\/historiarealbetis\/wp-json\/wp\/v2\/users\/5"}],"replies":[{"embeddable":true,"href":"https:\/\/www.manquepierda.com\/historiarealbetis\/wp-json\/wp\/v2\/comments?post=80729"}],"version-history":[{"count":1,"href":"https:\/\/www.manquepierda.com\/historiarealbetis\/wp-json\/wp\/v2\/posts\/80729\/revisions"}],"predecessor-version":[{"id":99961,"href":"https:\/\/www.manquepierda.com\/historiarealbetis\/wp-json\/wp\/v2\/posts\/80729\/revisions\/99961"}],"wp:featuredmedia":[{"embeddable":true,"href":"https:\/\/www.manquepierda.com\/historiarealbetis\/wp-json\/wp\/v2\/media\/80730"}],"wp:attachment":[{"href":"https:\/\/www.manquepierda.com\/historiarealbetis\/wp-json\/wp\/v2\/media?parent=80729"}],"wp:term":[{"taxonomy":"category","embeddable":true,"href":"https:\/\/www.manquepierda.com\/historiarealbetis\/wp-json\/wp\/v2\/categories?post=80729"},{"taxonomy":"post_tag","embeddable":true,"href":"https:\/\/www.manquepierda.com\/historiarealbetis\/wp-json\/wp\/v2\/tags?post=80729"}],"curies":[{"name":"wp","href":"https:\/\/api.w.org\/{rel}","templated":true}]}}