{"id":80794,"date":"2021-07-15T12:00:00","date_gmt":"2021-07-15T10:00:00","guid":{"rendered":"https:\/\/www.manquepierda.com\/historiarealbetis\/?p=80794"},"modified":"2021-07-11T10:01:59","modified_gmt":"2021-07-11T08:01:59","slug":"hoy-hace-45-anos-asamblea-de-socios-2","status":"publish","type":"post","link":"https:\/\/www.manquepierda.com\/historiarealbetis\/hoy-hace-45-anos-asamblea-de-socios-2\/","title":{"rendered":"Hoy hace 45 a\u00f1os. Asamblea de socios."},"content":{"rendered":"\n<div class=\"wp-block-image\"><figure class=\"aligncenter size-large is-resized\"><img data-recalc-dims=\"1\" loading=\"lazy\" decoding=\"async\" src=\"https:\/\/i0.wp.com\/www.manquepierda.com\/historiarealbetis\/files\/2021\/07\/15-1976-Asamblea.jpg?resize=767%2C248&#038;ssl=1\" alt=\"\" class=\"wp-image-80795\" width=\"767\" height=\"248\" srcset=\"https:\/\/i0.wp.com\/www.manquepierda.com\/historiarealbetis\/files\/2021\/07\/15-1976-Asamblea.jpg?w=504&amp;ssl=1 504w, https:\/\/i0.wp.com\/www.manquepierda.com\/historiarealbetis\/files\/2021\/07\/15-1976-Asamblea.jpg?resize=220%2C71&amp;ssl=1 220w\" sizes=\"auto, (max-width: 767px) 100vw, 767px\" \/><\/figure><\/div>\n\n\n<p><span style=\"color: #008000\">El 15 de julio de 1976 tiene lugar la asamblea anual ordinaria de socios del Real Betis Balompi\u00e9 en el sal\u00f3n de actos del colegio Claret.<\/span><\/p>\n<p><span style=\"color: #008000\">La asamblea fue presidida por Pascual Aparicio en su calidad de vicepresidente de la Federaci\u00f3n Andaluza de F\u00fatbol, y se prolong\u00f3 por un tiempo de 4 horas.<\/span><\/p>\n<p><span style=\"color: #008000\">Comenz\u00f3 con un sentido recuerdo a Antonio Moguer, destacado seguidor verdiblanco recientemente fallecido.<\/span><\/p>\n<p><span style=\"color: #008000\">Se inform\u00f3 sobre la situaci\u00f3n legal de jugadores como Eduardo Anzarda, afectado por el asunto de los falsos oriundos, y Atila Ladinszky y su pretendida nacionalizaci\u00f3n, as\u00ed como de los fichajes de Muhren y Alinho.<\/span><\/p>\n<p><span style=\"color: #008000\">En el aspecto econ\u00f3mico el balance de la temporada 1975-76 daba un super\u00e1vit de m\u00e1s de 8 millones de pesetas, y se aprob\u00f3 un presupuesto para la siguiente campa\u00f1a de 145 millones de pesetas, as\u00ed como una subida de los abonos.<\/span><\/p>\n<p><span style=\"color: #008000\">Se inform\u00f3 de la fecha de finalizaci\u00f3n prevista para la construcci\u00f3n del Voladizo para el 31 de octubre, y que el siguiente reto de la junta directiva ser\u00eda la construcci\u00f3n de una ciudad deportiva.<\/span><\/p>\n<p><span style=\"color: #008000\">El presidente N\u00fa\u00f1ez Naranjo anunci\u00f3 tambi\u00e9n su marcha cuando finalizara la siguiente temporada.<\/span><\/p>","protected":false},"excerpt":{"rendered":"<p>El 15 de julio de 1976 tiene lugar la asamblea anual ordinaria de socios del Real Betis Balompi\u00e9 en el sal\u00f3n de actos del colegio Claret. La asamblea fue presidida por Pascual Aparicio en su calidad de vicepresidente de la Federaci\u00f3n Andaluza de F\u00fatbol, y se prolong\u00f3 por un tiempo de 4 horas. Comenz\u00f3 con&#8230;<\/p>\n","protected":false},"author":5,"featured_media":80795,"comment_status":"open","ping_status":"open","sticky":false,"template":"","format":"standard","meta":{"_kad_post_transparent":"","_kad_post_title":"","_kad_post_layout":"","_kad_post_sidebar_id":"","_kad_post_content_style":"","_kad_post_vertical_padding":"","_kad_post_feature":"","_kad_post_feature_position":"","_kad_post_header":false,"_kad_post_footer":false,"_kad_post_classname":"","_jetpack_memberships_contains_paid_content":false,"footnotes":"","jetpack_publicize_message":"","jetpack_publicize_feature_enabled":true,"jetpack_social_post_already_shared":true,"jetpack_social_options":{"image_generator_settings":{"template":"highway","default_image_id":0,"font":"","enabled":false},"version":2}},"categories":[903,14583,1],"tags":[1556,16436],"class_list":["post-80794","post","type-post","status-publish","format-standard","has-post-thumbnail","hentry","category-1970-1979","category-efemerides","category-portada","tag-1556","tag-asamblea-de-socios"],"jetpack_publicize_connections":[],"jetpack_featured_media_url":"https:\/\/i0.wp.com\/www.manquepierda.com\/historiarealbetis\/files\/2021\/07\/15-1976-Asamblea.jpg?fit=504%2C163&ssl=1","jetpack_sharing_enabled":true,"jetpack_shortlink":"https:\/\/wp.me\/p1ij08-l18","jetpack-related-posts":[],"_links":{"self":[{"href":"https:\/\/www.manquepierda.com\/historiarealbetis\/wp-json\/wp\/v2\/posts\/80794","targetHints":{"allow":["GET"]}}],"collection":[{"href":"https:\/\/www.manquepierda.com\/historiarealbetis\/wp-json\/wp\/v2\/posts"}],"about":[{"href":"https:\/\/www.manquepierda.com\/historiarealbetis\/wp-json\/wp\/v2\/types\/post"}],"author":[{"embeddable":true,"href":"https:\/\/www.manquepierda.com\/historiarealbetis\/wp-json\/wp\/v2\/users\/5"}],"replies":[{"embeddable":true,"href":"https:\/\/www.manquepierda.com\/historiarealbetis\/wp-json\/wp\/v2\/comments?post=80794"}],"version-history":[{"count":0,"href":"https:\/\/www.manquepierda.com\/historiarealbetis\/wp-json\/wp\/v2\/posts\/80794\/revisions"}],"wp:featuredmedia":[{"embeddable":true,"href":"https:\/\/www.manquepierda.com\/historiarealbetis\/wp-json\/wp\/v2\/media\/80795"}],"wp:attachment":[{"href":"https:\/\/www.manquepierda.com\/historiarealbetis\/wp-json\/wp\/v2\/media?parent=80794"}],"wp:term":[{"taxonomy":"category","embeddable":true,"href":"https:\/\/www.manquepierda.com\/historiarealbetis\/wp-json\/wp\/v2\/categories?post=80794"},{"taxonomy":"post_tag","embeddable":true,"href":"https:\/\/www.manquepierda.com\/historiarealbetis\/wp-json\/wp\/v2\/tags?post=80794"}],"curies":[{"name":"wp","href":"https:\/\/api.w.org\/{rel}","templated":true}]}}