{"id":80805,"date":"2021-07-13T12:00:00","date_gmt":"2021-07-13T10:00:00","guid":{"rendered":"https:\/\/www.manquepierda.com\/historiarealbetis\/?p=80805"},"modified":"2021-07-11T16:31:26","modified_gmt":"2021-07-11T14:31:26","slug":"hoy-hace-15-anos-presentacion-de-francisco-jose-maldonado","status":"publish","type":"post","link":"https:\/\/www.manquepierda.com\/historiarealbetis\/hoy-hace-15-anos-presentacion-de-francisco-jose-maldonado\/","title":{"rendered":"Hoy hace 15 a\u00f1os. Presentaci\u00f3n de Francisco Jos\u00e9 Maldonado."},"content":{"rendered":"\n<div class=\"wp-block-image\"><figure class=\"aligncenter size-large is-resized\"><img data-recalc-dims=\"1\" loading=\"lazy\" decoding=\"async\" src=\"https:\/\/i0.wp.com\/www.manquepierda.com\/historiarealbetis\/files\/2021\/07\/13-2006-Presentacion-de-Maldonado.jpg?resize=368%2C587&#038;ssl=1\" alt=\"\" class=\"wp-image-80806\" width=\"368\" height=\"587\" srcset=\"https:\/\/i0.wp.com\/www.manquepierda.com\/historiarealbetis\/files\/2021\/07\/13-2006-Presentacion-de-Maldonado.jpg?w=272&amp;ssl=1 272w, https:\/\/i0.wp.com\/www.manquepierda.com\/historiarealbetis\/files\/2021\/07\/13-2006-Presentacion-de-Maldonado.jpg?resize=138%2C220&amp;ssl=1 138w\" sizes=\"auto, (max-width: 368px) 100vw, 368px\" \/><\/figure><\/div>\n\n\n<p><span style=\"color: #008000\">El 13 de julio de 2006 es presentado como jugador de la primera plantilla del Real Betis Balompi\u00e9 Francisco Jos\u00e9 Maldonado.<\/span><\/p>\n<p><span style=\"color: #008000\">Un futbolista criado en la cantera verdiblanca y que lleg\u00f3 incluso a debutar con el primer equipo en la temporada 2002-03, cuando pertenec\u00eda al equipo filial. En 2004 jug\u00f3 cedido en el Ceuta y en el 2005 qued\u00f3 libre, fichando por el Lorca en Segunda Divisi\u00f3n con el que hizo una buena campa\u00f1a marcando 13 goles, lo que hizo que el Betis lo repescara desde el equipo murciano para la temporada 2006-07.&nbsp;&nbsp;<\/span><\/p>","protected":false},"excerpt":{"rendered":"<p>El 13 de julio de 2006 es presentado como jugador de la primera plantilla del Real Betis Balompi\u00e9 Francisco Jos\u00e9 Maldonado. Un futbolista criado en la cantera verdiblanca y que lleg\u00f3 incluso a debutar con el primer equipo en la temporada 2002-03, cuando pertenec\u00eda al equipo filial. En 2004 jug\u00f3 cedido en el Ceuta y&#8230;<\/p>\n","protected":false},"author":5,"featured_media":80806,"comment_status":"open","ping_status":"open","sticky":false,"template":"","format":"standard","meta":{"_kad_post_transparent":"","_kad_post_title":"","_kad_post_layout":"","_kad_post_sidebar_id":"","_kad_post_content_style":"","_kad_post_vertical_padding":"","_kad_post_feature":"","_kad_post_feature_position":"","_kad_post_header":false,"_kad_post_footer":false,"_kad_post_classname":"","_jetpack_memberships_contains_paid_content":false,"footnotes":"","jetpack_publicize_message":"","jetpack_publicize_feature_enabled":true,"jetpack_social_post_already_shared":true,"jetpack_social_options":{"image_generator_settings":{"template":"highway","default_image_id":0,"font":"","enabled":false},"version":2}},"categories":[4823,14583,1],"tags":[6858,1187],"class_list":["post-80805","post","type-post","status-publish","format-standard","has-post-thumbnail","hentry","category-2000-2009","category-efemerides","category-portada","tag-6858","tag-francisco-jose-maldonado"],"jetpack_publicize_connections":[],"jetpack_featured_media_url":"https:\/\/i0.wp.com\/www.manquepierda.com\/historiarealbetis\/files\/2021\/07\/13-2006-Presentacion-de-Maldonado.jpg?fit=272%2C434&ssl=1","jetpack_sharing_enabled":true,"jetpack_shortlink":"https:\/\/wp.me\/p1ij08-l1j","jetpack-related-posts":[],"_links":{"self":[{"href":"https:\/\/www.manquepierda.com\/historiarealbetis\/wp-json\/wp\/v2\/posts\/80805","targetHints":{"allow":["GET"]}}],"collection":[{"href":"https:\/\/www.manquepierda.com\/historiarealbetis\/wp-json\/wp\/v2\/posts"}],"about":[{"href":"https:\/\/www.manquepierda.com\/historiarealbetis\/wp-json\/wp\/v2\/types\/post"}],"author":[{"embeddable":true,"href":"https:\/\/www.manquepierda.com\/historiarealbetis\/wp-json\/wp\/v2\/users\/5"}],"replies":[{"embeddable":true,"href":"https:\/\/www.manquepierda.com\/historiarealbetis\/wp-json\/wp\/v2\/comments?post=80805"}],"version-history":[{"count":0,"href":"https:\/\/www.manquepierda.com\/historiarealbetis\/wp-json\/wp\/v2\/posts\/80805\/revisions"}],"wp:featuredmedia":[{"embeddable":true,"href":"https:\/\/www.manquepierda.com\/historiarealbetis\/wp-json\/wp\/v2\/media\/80806"}],"wp:attachment":[{"href":"https:\/\/www.manquepierda.com\/historiarealbetis\/wp-json\/wp\/v2\/media?parent=80805"}],"wp:term":[{"taxonomy":"category","embeddable":true,"href":"https:\/\/www.manquepierda.com\/historiarealbetis\/wp-json\/wp\/v2\/categories?post=80805"},{"taxonomy":"post_tag","embeddable":true,"href":"https:\/\/www.manquepierda.com\/historiarealbetis\/wp-json\/wp\/v2\/tags?post=80805"}],"curies":[{"name":"wp","href":"https:\/\/api.w.org\/{rel}","templated":true}]}}