{"id":80815,"date":"2021-07-17T12:00:00","date_gmt":"2021-07-17T10:00:00","guid":{"rendered":"https:\/\/www.manquepierda.com\/historiarealbetis\/?p=80815"},"modified":"2021-07-11T17:16:02","modified_gmt":"2021-07-11T15:16:02","slug":"hoy-hace-15-anos-presentacion-de-damia-abella","status":"publish","type":"post","link":"https:\/\/www.manquepierda.com\/historiarealbetis\/hoy-hace-15-anos-presentacion-de-damia-abella\/","title":{"rendered":"Hoy hace 15 a\u00f1os. Presentaci\u00f3n de Dami\u00e1 Abell\u00e1."},"content":{"rendered":"\n<div class=\"wp-block-image\"><figure class=\"aligncenter size-large is-resized\"><img data-recalc-dims=\"1\" loading=\"lazy\" decoding=\"async\" src=\"https:\/\/i0.wp.com\/www.manquepierda.com\/historiarealbetis\/files\/2021\/07\/17-2006-Presentacion-de-Damia.jpg?resize=630%2C334&#038;ssl=1\" alt=\"\" class=\"wp-image-80816\" width=\"630\" height=\"334\" srcset=\"https:\/\/i0.wp.com\/www.manquepierda.com\/historiarealbetis\/files\/2021\/07\/17-2006-Presentacion-de-Damia.jpg?w=540&amp;ssl=1 540w, https:\/\/i0.wp.com\/www.manquepierda.com\/historiarealbetis\/files\/2021\/07\/17-2006-Presentacion-de-Damia.jpg?resize=220%2C117&amp;ssl=1 220w\" sizes=\"auto, (max-width: 630px) 100vw, 630px\" \/><\/figure><\/div>\n\n\n<p><span style=\"color: #008000\">El 17 de julio de 2006 es presentado como nuevo jugador del Real Betis Balompi\u00e9 el defensa lateral Dami\u00e1 Abell\u00e1 P\u00e9rez, quien llega desde el FC Barcelona a cambio de un mill\u00f3n de euros, y firma un contrato por 5 a\u00f1os.<\/span><\/p>\n<p><span style=\"color: #008000\">Formado en la cantera barcelonista lleg\u00f3 a debutar en el primer equipo azulgrana, aunque en la temporada 2005-06 jug\u00f3 cedido en el Racing de Santander.<\/span><\/p>\n<p><span style=\"color: #008000\">Una lesi\u00f3n producida durante su paso por el equipo c\u00e1ntabro hizo que su primera temporada b\u00e9tica se la pasase absolutamente en blanco, de forma que no debut\u00f3 hasta septiembre de 2007.<\/span><\/p>","protected":false},"excerpt":{"rendered":"<p>El 17 de julio de 2006 es presentado como nuevo jugador del Real Betis Balompi\u00e9 el defensa lateral Dami\u00e1 Abell\u00e1 P\u00e9rez, quien llega desde el FC Barcelona a cambio de un mill\u00f3n de euros, y firma un contrato por 5 a\u00f1os. Formado en la cantera barcelonista lleg\u00f3 a debutar en el primer equipo azulgrana, aunque&#8230;<\/p>\n","protected":false},"author":5,"featured_media":80816,"comment_status":"open","ping_status":"open","sticky":false,"template":"","format":"standard","meta":{"_kad_post_transparent":"","_kad_post_title":"","_kad_post_layout":"","_kad_post_sidebar_id":"","_kad_post_content_style":"","_kad_post_vertical_padding":"","_kad_post_feature":"","_kad_post_feature_position":"","_kad_post_header":false,"_kad_post_footer":false,"_kad_post_classname":"","_jetpack_memberships_contains_paid_content":false,"footnotes":"","jetpack_publicize_message":"","jetpack_publicize_feature_enabled":true,"jetpack_social_post_already_shared":true,"jetpack_social_options":{"image_generator_settings":{"template":"highway","default_image_id":0,"font":"","enabled":false},"version":2}},"categories":[4823,14583,1],"tags":[6858,1443],"class_list":["post-80815","post","type-post","status-publish","format-standard","has-post-thumbnail","hentry","category-2000-2009","category-efemerides","category-portada","tag-6858","tag-damia-abella"],"jetpack_publicize_connections":[],"jetpack_featured_media_url":"https:\/\/i0.wp.com\/www.manquepierda.com\/historiarealbetis\/files\/2021\/07\/17-2006-Presentacion-de-Damia.jpg?fit=540%2C286&ssl=1","jetpack_sharing_enabled":true,"jetpack_shortlink":"https:\/\/wp.me\/p1ij08-l1t","jetpack-related-posts":[],"_links":{"self":[{"href":"https:\/\/www.manquepierda.com\/historiarealbetis\/wp-json\/wp\/v2\/posts\/80815","targetHints":{"allow":["GET"]}}],"collection":[{"href":"https:\/\/www.manquepierda.com\/historiarealbetis\/wp-json\/wp\/v2\/posts"}],"about":[{"href":"https:\/\/www.manquepierda.com\/historiarealbetis\/wp-json\/wp\/v2\/types\/post"}],"author":[{"embeddable":true,"href":"https:\/\/www.manquepierda.com\/historiarealbetis\/wp-json\/wp\/v2\/users\/5"}],"replies":[{"embeddable":true,"href":"https:\/\/www.manquepierda.com\/historiarealbetis\/wp-json\/wp\/v2\/comments?post=80815"}],"version-history":[{"count":0,"href":"https:\/\/www.manquepierda.com\/historiarealbetis\/wp-json\/wp\/v2\/posts\/80815\/revisions"}],"wp:featuredmedia":[{"embeddable":true,"href":"https:\/\/www.manquepierda.com\/historiarealbetis\/wp-json\/wp\/v2\/media\/80816"}],"wp:attachment":[{"href":"https:\/\/www.manquepierda.com\/historiarealbetis\/wp-json\/wp\/v2\/media?parent=80815"}],"wp:term":[{"taxonomy":"category","embeddable":true,"href":"https:\/\/www.manquepierda.com\/historiarealbetis\/wp-json\/wp\/v2\/categories?post=80815"},{"taxonomy":"post_tag","embeddable":true,"href":"https:\/\/www.manquepierda.com\/historiarealbetis\/wp-json\/wp\/v2\/tags?post=80815"}],"curies":[{"name":"wp","href":"https:\/\/api.w.org\/{rel}","templated":true}]}}