{"id":80845,"date":"2025-07-23T12:00:00","date_gmt":"2025-07-23T10:00:00","guid":{"rendered":"https:\/\/www.manquepierda.com\/historiarealbetis\/?p=80845"},"modified":"2025-06-13T20:18:27","modified_gmt":"2025-06-13T18:18:27","slug":"hoy-hace-46-anos-presentacion-del-betis","status":"publish","type":"post","link":"https:\/\/www.manquepierda.com\/historiarealbetis\/hoy-hace-46-anos-presentacion-del-betis\/","title":{"rendered":"Hoy hace 50 a\u00f1os. Presentaci\u00f3n del Betis."},"content":{"rendered":"\n<div class=\"wp-block-image\"><figure class=\"aligncenter size-large is-resized\"><img data-recalc-dims=\"1\" loading=\"lazy\" decoding=\"async\" src=\"https:\/\/i0.wp.com\/www.manquepierda.com\/historiarealbetis\/files\/2021\/07\/23-1975-Comienzan-los-entrenamientos.jpg?resize=800%2C288&#038;ssl=1\" alt=\"\" class=\"wp-image-80846\" width=\"800\" height=\"288\" srcset=\"https:\/\/i0.wp.com\/www.manquepierda.com\/historiarealbetis\/files\/2021\/07\/23-1975-Comienzan-los-entrenamientos.jpg?w=567&amp;ssl=1 567w, https:\/\/i0.wp.com\/www.manquepierda.com\/historiarealbetis\/files\/2021\/07\/23-1975-Comienzan-los-entrenamientos.jpg?resize=220%2C79&amp;ssl=1 220w\" sizes=\"auto, (max-width: 800px) 100vw, 800px\" \/><\/figure><\/div>\n\n\n<p><span style=\"color: #008000\">El 23 de julio de 1975 dan comienzo en el Benito Villamar\u00edn los entrenamientos de la primera plantilla del Real Betis Balompi\u00e9.<\/span><\/p>\n<p><span style=\"color: #008000\">Ante mil espectadores a las 10 de la ma\u00f1ana comenz\u00f3 el acto protocolario con las palabras de salutaci\u00f3n del presidente Jos\u00e9 N\u00fa\u00f1ez Naranjo, a las que siguieron las del t\u00e9cnico Ferenc Szusza, para posteriormente comenzar la primera sesi\u00f3n de entrenamiento.<\/span><\/p>\n<p><span style=\"color: #008000\">Fueron 22 los jugadores que hicieron la sesi\u00f3n preparatoria ese d\u00eda. Los porteros Esnaola, Garc\u00eda Fern\u00e1ndez y Javier, los defensas Bizcocho, Lobato, Biosca, Cobo, Alex, Sabat\u00e9 y Cui\u00f1as; los mediocampistas Alabanda, L\u00f3pez, Blanco, Carde\u00f1osa y Escalante y los delanteros Rogelio, Garc\u00eda Soriano, Ladinszky, Anzarda, Ben\u00edtez, Mendieta y Calcita.<\/span><\/p>\n<p><span style=\"color: #008000\">Asisti\u00f3 tambi\u00e9n pero no entren\u00f3 Del Pozo, a\u00fan en fase de recuperaci\u00f3n de su grave lesi\u00f3n, y faltaron Iglesias, de forma justificada, y Eulate, en el servicio militar.<\/span><\/p>\n<p><span style=\"color: #008000\">Tres d\u00edas despu\u00e9s la plantilla verdiblanca marchar\u00eda a la localidad valenciana de Barig para realizar una concentraci\u00f3n de pretemporada. &nbsp;<\/span><\/p>","protected":false},"excerpt":{"rendered":"<p>El 23 de julio de 1975 dan comienzo en el Benito Villamar\u00edn los entrenamientos de la primera plantilla del Real Betis Balompi\u00e9. Ante mil espectadores a las 10 de la ma\u00f1ana comenz\u00f3 el acto protocolario con las palabras de salutaci\u00f3n del presidente Jos\u00e9 N\u00fa\u00f1ez Naranjo, a las que siguieron las del t\u00e9cnico Ferenc Szusza, para&#8230;<\/p>\n","protected":false},"author":5,"featured_media":80846,"comment_status":"open","ping_status":"open","sticky":false,"template":"","format":"standard","meta":{"_kad_post_transparent":"","_kad_post_title":"","_kad_post_layout":"","_kad_post_sidebar_id":"","_kad_post_content_style":"","_kad_post_vertical_padding":"","_kad_post_feature":"","_kad_post_feature_position":"","_kad_post_header":false,"_kad_post_footer":false,"_kad_post_classname":"","_jetpack_memberships_contains_paid_content":false,"footnotes":"","jetpack_publicize_message":"","jetpack_publicize_feature_enabled":true,"jetpack_social_post_already_shared":true,"jetpack_social_options":{"image_generator_settings":{"template":"highway","default_image_id":0,"font":"","enabled":false},"version":2}},"categories":[903,14583,1],"tags":[58,9557],"class_list":["post-80845","post","type-post","status-publish","format-standard","has-post-thumbnail","hentry","category-1970-1979","category-efemerides","category-portada","tag-58","tag-estadio-benito-villamarin-presentacion"],"jetpack_publicize_connections":[],"jetpack_featured_media_url":"https:\/\/i0.wp.com\/www.manquepierda.com\/historiarealbetis\/files\/2021\/07\/23-1975-Comienzan-los-entrenamientos.jpg?fit=567%2C204&ssl=1","jetpack_sharing_enabled":true,"jetpack_shortlink":"https:\/\/wp.me\/p1ij08-l1X","jetpack-related-posts":[],"_links":{"self":[{"href":"https:\/\/www.manquepierda.com\/historiarealbetis\/wp-json\/wp\/v2\/posts\/80845","targetHints":{"allow":["GET"]}}],"collection":[{"href":"https:\/\/www.manquepierda.com\/historiarealbetis\/wp-json\/wp\/v2\/posts"}],"about":[{"href":"https:\/\/www.manquepierda.com\/historiarealbetis\/wp-json\/wp\/v2\/types\/post"}],"author":[{"embeddable":true,"href":"https:\/\/www.manquepierda.com\/historiarealbetis\/wp-json\/wp\/v2\/users\/5"}],"replies":[{"embeddable":true,"href":"https:\/\/www.manquepierda.com\/historiarealbetis\/wp-json\/wp\/v2\/comments?post=80845"}],"version-history":[{"count":1,"href":"https:\/\/www.manquepierda.com\/historiarealbetis\/wp-json\/wp\/v2\/posts\/80845\/revisions"}],"predecessor-version":[{"id":103413,"href":"https:\/\/www.manquepierda.com\/historiarealbetis\/wp-json\/wp\/v2\/posts\/80845\/revisions\/103413"}],"wp:featuredmedia":[{"embeddable":true,"href":"https:\/\/www.manquepierda.com\/historiarealbetis\/wp-json\/wp\/v2\/media\/80846"}],"wp:attachment":[{"href":"https:\/\/www.manquepierda.com\/historiarealbetis\/wp-json\/wp\/v2\/media?parent=80845"}],"wp:term":[{"taxonomy":"category","embeddable":true,"href":"https:\/\/www.manquepierda.com\/historiarealbetis\/wp-json\/wp\/v2\/categories?post=80845"},{"taxonomy":"post_tag","embeddable":true,"href":"https:\/\/www.manquepierda.com\/historiarealbetis\/wp-json\/wp\/v2\/tags?post=80845"}],"curies":[{"name":"wp","href":"https:\/\/api.w.org\/{rel}","templated":true}]}}