{"id":80860,"date":"2021-07-18T10:02:00","date_gmt":"2021-07-18T08:02:00","guid":{"rendered":"https:\/\/www.manquepierda.com\/historiarealbetis\/?p=80860"},"modified":"2024-08-12T09:53:11","modified_gmt":"2024-08-12T07:53:11","slug":"el-imperio-se-ha-convertido-en-regencia-de-francisco-correal","status":"publish","type":"post","link":"https:\/\/www.manquepierda.com\/historiarealbetis\/el-imperio-se-ha-convertido-en-regencia-de-francisco-correal\/","title":{"rendered":"El imperio se ha convertido en regencia, de Francisco Correal"},"content":{"rendered":"\n<div class=\"wp-block-image\"><figure class=\"aligncenter size-large is-resized\"><img data-recalc-dims=\"1\" loading=\"lazy\" decoding=\"async\" src=\"https:\/\/i0.wp.com\/www.manquepierda.com\/historiarealbetis\/files\/2021\/07\/El-imperio-se-ha-convertido-en-regencia-NMP-Diario-16-9-1-1989.jpg?resize=677%2C498&#038;ssl=1\" alt=\"\" class=\"wp-image-80861\" width=\"677\" height=\"498\" srcset=\"https:\/\/i0.wp.com\/www.manquepierda.com\/historiarealbetis\/files\/2021\/07\/El-imperio-se-ha-convertido-en-regencia-NMP-Diario-16-9-1-1989.jpg?w=580&amp;ssl=1 580w, https:\/\/i0.wp.com\/www.manquepierda.com\/historiarealbetis\/files\/2021\/07\/El-imperio-se-ha-convertido-en-regencia-NMP-Diario-16-9-1-1989.jpg?resize=220%2C162&amp;ssl=1 220w\" sizes=\"auto, (max-width: 677px) 100vw, 677px\" \/><\/figure><\/div>\n\n\n<p>El 8 de enero de 1989 el Betis recib\u00eda en el Villamar\u00edn al Valencia en partido de la jornada 18 del Campeonato de Liga de Primera Divisi\u00f3n. El Betis atravesaba una seria crisis tanto deportiva, tercero por la cola, como institucional, con el presidente Gerardo Mart\u00ednez Retamero a la deriva y sin aparecer por el palco presidencial desde hac\u00eda tiempo.&nbsp;<\/p>\n<p>Desde el 4 de diciembre no jugaba como local y ahora volv\u00eda a hacerlo, con la novedad de Cayetano Re en el banquillo, tras el par\u00e9ntesis de Pedro Buenaventura supliendo a Eusebio R\u00edos.<\/p>\n<p>En la columna de Grada y Palco de Diario 16 Andaluc\u00eda el periodista Francisco Correal al d\u00eda siguiente del partido dej\u00f3 constancia de la situaci\u00f3n encrespada que se viv\u00eda en el Villamar\u00edn,&nbsp; en un partido en el que el Betis puso cerco a la meta valencianista durante los noventa minutos pero no fue capaz de conseguir el gol de la victoria, con lo que el resultado inicial fue el final.<\/p>\n<p><span style=\"color: #008000\"><em>Demasiado tiempo sin Betis. Mono, vac\u00edo, s\u00edndrome de abstinencia. Tarde de reencuentros. Feliz a\u00f1o nuevo. Me alegro de verte. Vi a tu sobrino en la cabalgata. \u00bfJuega el Puma Rodr\u00edguez? Emp\u00edricamente la \u00fanica baja es Hirohito. Sale el Valencia, y como el rey San Fernando cuando lleg\u00f3 a Sevilla, la afici\u00f3n se pregunta con Silvio: \u201c\u00bfD\u00f3nde est\u00e1 mi Betis?\u201d. Por encima del Elche y del Murcia, un n\u00e1ufrago sobre las aguas del Mar Menor.<\/em><\/span><\/p>\n<p><span style=\"color: #008000\"><em>Un mes sin Betis. Pas\u00f3 la cuarentena. Vuelta a la carga. Los insultadores de oficio, paradigma dominical y blasfemo de las pla\u00f1ideras, ocupan sus localidades. El se\u00f1or de negro y el se\u00f1or del palco son los dos objetivos preferentes de esos misiles verbales. El segundo es un alumno recomendado de Dios, no hace falta verlo para ponerlo a caldo.<\/em><\/span><\/p>\n<p><span style=\"color: #008000\"><em>Gerardo Mart\u00ednez Retamero reina pero no gobierna. Aureola de emperador contestado. Las ausencias del presidente ya figuran en el programa. Sus adversarios no necesitan leer a Moliere para calificarlo como enfermo imaginario. \u201cYo tengo una buena y larga amistad con Gerardo\u201d, dice en el palco Arturo Garc\u00eda Tuz\u00f3n, presidente del Valencia. \u201cSe que no viene al campo por prescripci\u00f3n facultativa y comprendo su actitud\u201d.<\/em><\/span><\/p>\n<p><span style=\"color: #008000\"><em>El presidente del Valencia, industrial de maquinaria, acompa\u00f1a a su equipo en todos los desplazamientos. \u201cAfortunadamente yo no tengo ning\u00fan problema de salud y me gusta viajar con los jugadores, estar en las duras y en las maduras\u201d. No le consta al mandatario che el inter\u00e9s de los \u201cgallitos\u201d de la Liga por Nando, el futbolista m\u00e1s cotizado de su plantilla. \u201cNo son m\u00e1s que rumores, a m\u00ed nadie me ha hablado formalmente del asunto\u201d.<\/em><\/span><\/p>\n<p><span style=\"color: #008000\"><em>Estreno de Cayetano Re en la trinchera del Benito Villamar\u00edn. Su equipo ataca m\u00e1s que nunca. Pero este cortejo amatorio sobre la lozana asediada ha de resolverse con el coito gratificante del gol. Las victorias morales\u2014\u201cya deber\u00edamos llevar tres goles de ventaja\u201d\u2014son como los amores plat\u00f3nicos, tan sublimes como in\u00fatiles, no dejan huella, ni en la estad\u00edstica ni en Estudio Estadio. La moza se march\u00f3 virgen e ilesa, sudorosa por los devaneos del acoso pero feliz de no haber visto marchitada su rosa aritm\u00e9tica. Cero-cero, guarismos que resumen la eyaculaci\u00f3n precoz, tantos esfuerzos para nada. Pelaban la pava en el c\u00f3rner pero nada ocurr\u00eda en el lecho, donde Ochotorena arruinaba los prop\u00f3sitos del cerco.<\/em><\/span><\/p>\n<p><span style=\"color: #008000\"><em>En la grada aplaud\u00edan la inclusi\u00f3n postrera de Rinc\u00f3n y m\u00e1s de uno pensaba en las cualidades ins\u00f3litas del artillero Rodr\u00edguez. Contradice toda la l\u00f3gica de los campos magn\u00e9ticos, un im\u00e1n en huelga de celo lo arrastra siempre a la zona de peligro pero le falta medio metro o le sobra medio segundo. Siempre est\u00e1 all\u00ed pero casi nunca interviene, como las actrices que lo bordan en los ensayos y se desmayan durante el rodaje.<\/em><\/span><\/p>\n<p><span style=\"color: #008000\"><em>Un negativo m\u00e1s, dicen los esc\u00e9pticos. Un punto m\u00e1s, argumentan los incondicionales. Ya lo sentenci\u00f3 Graci\u00e1n y lo corroboran los tertulianos de las pe\u00f1as: nada es verdad ni mentira. \u00bfEmerge o se hunde el Betis? La Liga es de los relativistas, mezcla de Ortega y de Escart\u00edn.<\/em><\/span><\/p>\n<p><span style=\"color: #008000\"><em>El Valencia, coloso en llamas, un cl\u00e1sico venido a menos. Pas\u00f3 por el quinario de la Segunda Divisi\u00f3n, lo cual es como figurarse a un terrateniente recogiendo tagarninas o a un vicepresidente alem\u00e1n presidiendo una cumbre de pa\u00edses no alineados. El Valencia, hoy por hoy, es solo historia, como los hugonotes o los alanos. Ahora no cuenta para las grandes decisiones y no llena estadios.<\/em><\/span><\/p>\n<p><span style=\"color: #008000\"><em>Los directivos b\u00e9ticos compart\u00edan la iracundia de la afici\u00f3n contra el colegiado. Antonio Ojeda y Miguel Espina vieron penalty en la entrada a Job que puso t\u00e9rmino a la primera parte. Asomaron los pa\u00f1uelos de desaprobaci\u00f3n, una rabieta taurina que le dio color y tensi\u00f3n a la escenograf\u00eda del partido. Tremolaban estas muescas textiles en el estadio y volv\u00edan a reposar junto a la calderilla y las llaves del coche en el pozo sagrado de los bolsillos.<\/em><\/span><\/p>\n<p><span style=\"color: #008000\"><em>La oposici\u00f3n verdiblanca recibir\u00e1 ma\u00f1ana las cuentas del equipo, tregua contable que servir\u00e1 para encarrilar este periodo que se inici\u00f3 con tintes de imperio austroh\u00fangaro y lleva camino de convertirse en regencia. El sector m\u00e1s jacobino y vehemente de esa oposici\u00f3n pide cabezas, sugiere llevar a Retamero a la guillotina y ayer decidi\u00f3 pasar a la acci\u00f3n. Dieron rienda suelta a sus vituperios e hicieron a\u00f1icos el cristal de la puerta que da acceso a la Prensa. \u201cEl campo es nuestro\u201d, gritaban para justificar su heroica conquista. Se deben aburrir una barbaridad en sus casas. &nbsp;&nbsp;&nbsp;<\/em><\/span>&nbsp;&nbsp;<\/p>","protected":false},"excerpt":{"rendered":"<p>El 8 de enero de 1989 el Betis recib\u00eda en el Villamar\u00edn al Valencia en partido de la jornada 18 del Campeonato de Liga de Primera Divisi\u00f3n. El Betis atravesaba una seria crisis tanto deportiva, tercero por la cola, como institucional, con el presidente Gerardo Mart\u00ednez Retamero a la deriva y sin aparecer por el&#8230;<\/p>\n","protected":false},"author":5,"featured_media":80861,"comment_status":"open","ping_status":"open","sticky":false,"template":"","format":"standard","meta":{"_kad_post_transparent":"","_kad_post_title":"","_kad_post_layout":"","_kad_post_sidebar_id":"","_kad_post_content_style":"","_kad_post_vertical_padding":"","_kad_post_feature":"","_kad_post_feature_position":"","_kad_post_header":false,"_kad_post_footer":false,"_kad_post_classname":"","_jetpack_memberships_contains_paid_content":false,"footnotes":"","jetpack_publicize_message":"","jetpack_publicize_feature_enabled":true,"jetpack_social_post_already_shared":true,"jetpack_social_options":{"image_generator_settings":{"template":"highway","default_image_id":0,"font":"","enabled":false},"version":2}},"categories":[1,1176],"tags":[5648,5848,17806],"class_list":["post-80860","post","type-post","status-publish","format-standard","has-post-thumbnail","hentry","category-portada","category-relatos-de-futbol","tag-5648","tag-francisco-correal","tag-liga-primera-1988-89"],"jetpack_publicize_connections":[],"jetpack_featured_media_url":"https:\/\/i0.wp.com\/www.manquepierda.com\/historiarealbetis\/files\/2021\/07\/El-imperio-se-ha-convertido-en-regencia-NMP-Diario-16-9-1-1989.jpg?fit=580%2C427&ssl=1","jetpack_sharing_enabled":true,"jetpack_shortlink":"https:\/\/wp.me\/p1ij08-l2c","jetpack-related-posts":[],"_links":{"self":[{"href":"https:\/\/www.manquepierda.com\/historiarealbetis\/wp-json\/wp\/v2\/posts\/80860","targetHints":{"allow":["GET"]}}],"collection":[{"href":"https:\/\/www.manquepierda.com\/historiarealbetis\/wp-json\/wp\/v2\/posts"}],"about":[{"href":"https:\/\/www.manquepierda.com\/historiarealbetis\/wp-json\/wp\/v2\/types\/post"}],"author":[{"embeddable":true,"href":"https:\/\/www.manquepierda.com\/historiarealbetis\/wp-json\/wp\/v2\/users\/5"}],"replies":[{"embeddable":true,"href":"https:\/\/www.manquepierda.com\/historiarealbetis\/wp-json\/wp\/v2\/comments?post=80860"}],"version-history":[{"count":1,"href":"https:\/\/www.manquepierda.com\/historiarealbetis\/wp-json\/wp\/v2\/posts\/80860\/revisions"}],"predecessor-version":[{"id":96198,"href":"https:\/\/www.manquepierda.com\/historiarealbetis\/wp-json\/wp\/v2\/posts\/80860\/revisions\/96198"}],"wp:featuredmedia":[{"embeddable":true,"href":"https:\/\/www.manquepierda.com\/historiarealbetis\/wp-json\/wp\/v2\/media\/80861"}],"wp:attachment":[{"href":"https:\/\/www.manquepierda.com\/historiarealbetis\/wp-json\/wp\/v2\/media?parent=80860"}],"wp:term":[{"taxonomy":"category","embeddable":true,"href":"https:\/\/www.manquepierda.com\/historiarealbetis\/wp-json\/wp\/v2\/categories?post=80860"},{"taxonomy":"post_tag","embeddable":true,"href":"https:\/\/www.manquepierda.com\/historiarealbetis\/wp-json\/wp\/v2\/tags?post=80860"}],"curies":[{"name":"wp","href":"https:\/\/api.w.org\/{rel}","templated":true}]}}