{"id":81067,"date":"2021-08-14T12:00:00","date_gmt":"2021-08-14T10:00:00","guid":{"rendered":"https:\/\/www.manquepierda.com\/historiarealbetis\/?p=81067"},"modified":"2021-07-31T19:00:25","modified_gmt":"2021-07-31T17:00:25","slug":"hoy-hace-115-anos-nace-juan-rafael-pedrosa","status":"publish","type":"post","link":"https:\/\/www.manquepierda.com\/historiarealbetis\/hoy-hace-115-anos-nace-juan-rafael-pedrosa\/","title":{"rendered":"Hoy hace 115 a\u00f1os. Nace Juan Rafael Pedrosa."},"content":{"rendered":"\n<div class=\"wp-block-image\"><figure class=\"aligncenter size-full\"><img data-recalc-dims=\"1\" loading=\"lazy\" decoding=\"async\" width=\"382\" height=\"511\" src=\"https:\/\/i0.wp.com\/www.manquepierda.com\/historiarealbetis\/files\/2021\/07\/14-1906-Nace-Juan-Rafael-Pedrosa.jpg?resize=382%2C511&#038;ssl=1\" alt=\"\" class=\"wp-image-81068\" srcset=\"https:\/\/i0.wp.com\/www.manquepierda.com\/historiarealbetis\/files\/2021\/07\/14-1906-Nace-Juan-Rafael-Pedrosa.jpg?w=382&amp;ssl=1 382w, https:\/\/i0.wp.com\/www.manquepierda.com\/historiarealbetis\/files\/2021\/07\/14-1906-Nace-Juan-Rafael-Pedrosa.jpg?resize=164%2C220&amp;ssl=1 164w\" sizes=\"auto, (max-width: 382px) 100vw, 382px\" \/><\/figure><\/div>\n\n\n<p><span style=\"color: #008000\">El 14 de agosto de 1906 nace en Sevilla Juan Rafael Pedrosa Cano, quien fuera jugador del Real Betis Balompi\u00e9 entre los a\u00f1os 1926 y 1932.<\/span><\/p>\n<p><span style=\"color: #008000\">Guardameta que lleg\u00f3 al club desde el Triaca, y que siempre estuvo a la sombra de Jes\u00fas, por lo que march\u00f3 primero a Madrid y luego a Santander.<\/span><\/p>\n<p><span style=\"color: #008000\">Para saber m\u00e1s de su trayectoria ver <a href=\"https:\/\/www.manquepierda.com\/historiarealbetis\/juan-rafael-pedrosa\/\"><strong>aqu\u00ed.<\/strong><\/a><\/span><\/p>\n\n\n<p><\/p>\n","protected":false},"excerpt":{"rendered":"<p>El 14 de agosto de 1906 nace en Sevilla Juan Rafael Pedrosa Cano, quien fuera jugador del Real Betis Balompi\u00e9 entre los a\u00f1os 1926 y 1932. Guardameta que lleg\u00f3 al club desde el Triaca, y que siempre estuvo a la sombra de Jes\u00fas, por lo que march\u00f3 primero a Madrid y luego a Santander. Para&#8230;<\/p>\n","protected":false},"author":5,"featured_media":81068,"comment_status":"open","ping_status":"open","sticky":false,"template":"","format":"standard","meta":{"_kad_post_transparent":"","_kad_post_title":"","_kad_post_layout":"","_kad_post_sidebar_id":"","_kad_post_content_style":"","_kad_post_vertical_padding":"","_kad_post_feature":"","_kad_post_feature_position":"","_kad_post_header":false,"_kad_post_footer":false,"_kad_post_classname":"","_jetpack_memberships_contains_paid_content":false,"footnotes":"","jetpack_publicize_message":"","jetpack_publicize_feature_enabled":true,"jetpack_social_post_already_shared":true,"jetpack_social_options":{"image_generator_settings":{"template":"highway","default_image_id":0,"font":"","enabled":false},"version":2}},"categories":[17157,14583,1],"tags":[493],"class_list":["post-81067","post","type-post","status-publish","format-standard","has-post-thumbnail","hentry","category-anterior-a-1908","category-efemerides","category-portada","tag-juan-rafael-pedrosa"],"jetpack_publicize_connections":[],"jetpack_featured_media_url":"https:\/\/i0.wp.com\/www.manquepierda.com\/historiarealbetis\/files\/2021\/07\/14-1906-Nace-Juan-Rafael-Pedrosa.jpg?fit=382%2C511&ssl=1","jetpack_sharing_enabled":true,"jetpack_shortlink":"https:\/\/wp.me\/p1ij08-l5x","jetpack-related-posts":[],"_links":{"self":[{"href":"https:\/\/www.manquepierda.com\/historiarealbetis\/wp-json\/wp\/v2\/posts\/81067","targetHints":{"allow":["GET"]}}],"collection":[{"href":"https:\/\/www.manquepierda.com\/historiarealbetis\/wp-json\/wp\/v2\/posts"}],"about":[{"href":"https:\/\/www.manquepierda.com\/historiarealbetis\/wp-json\/wp\/v2\/types\/post"}],"author":[{"embeddable":true,"href":"https:\/\/www.manquepierda.com\/historiarealbetis\/wp-json\/wp\/v2\/users\/5"}],"replies":[{"embeddable":true,"href":"https:\/\/www.manquepierda.com\/historiarealbetis\/wp-json\/wp\/v2\/comments?post=81067"}],"version-history":[{"count":0,"href":"https:\/\/www.manquepierda.com\/historiarealbetis\/wp-json\/wp\/v2\/posts\/81067\/revisions"}],"wp:featuredmedia":[{"embeddable":true,"href":"https:\/\/www.manquepierda.com\/historiarealbetis\/wp-json\/wp\/v2\/media\/81068"}],"wp:attachment":[{"href":"https:\/\/www.manquepierda.com\/historiarealbetis\/wp-json\/wp\/v2\/media?parent=81067"}],"wp:term":[{"taxonomy":"category","embeddable":true,"href":"https:\/\/www.manquepierda.com\/historiarealbetis\/wp-json\/wp\/v2\/categories?post=81067"},{"taxonomy":"post_tag","embeddable":true,"href":"https:\/\/www.manquepierda.com\/historiarealbetis\/wp-json\/wp\/v2\/tags?post=81067"}],"curies":[{"name":"wp","href":"https:\/\/api.w.org\/{rel}","templated":true}]}}