{"id":81221,"date":"2021-08-27T09:49:00","date_gmt":"2021-08-27T07:49:00","guid":{"rendered":"https:\/\/www.manquepierda.com\/historiarealbetis\/?p=81221"},"modified":"2024-09-15T10:38:56","modified_gmt":"2024-09-15T08:38:56","slug":"alineacion-betis-real-madrid-liga-1998","status":"publish","type":"post","link":"https:\/\/www.manquepierda.com\/historiarealbetis\/alineacion-betis-real-madrid-liga-1998\/","title":{"rendered":"Alineaci\u00f3n Betis-Real Madrid Liga 1998."},"content":{"rendered":"\n<div class=\"wp-block-image\"><figure class=\"aligncenter size-large\"><img data-recalc-dims=\"1\" loading=\"lazy\" decoding=\"async\" width=\"960\" height=\"640\" src=\"https:\/\/i0.wp.com\/www.manquepierda.com\/historiarealbetis\/files\/2021\/08\/Alineacion-Betis-Real-Madrid-Liga-1998-1.jpg?resize=960%2C640&#038;ssl=1\" alt=\"\" class=\"wp-image-81225\" srcset=\"https:\/\/i0.wp.com\/www.manquepierda.com\/historiarealbetis\/files\/2021\/08\/Alineacion-Betis-Real-Madrid-Liga-1998-1.jpg?resize=960%2C640&amp;ssl=1 960w, https:\/\/i0.wp.com\/www.manquepierda.com\/historiarealbetis\/files\/2021\/08\/Alineacion-Betis-Real-Madrid-Liga-1998-1.jpg?resize=680%2C453&amp;ssl=1 680w, https:\/\/i0.wp.com\/www.manquepierda.com\/historiarealbetis\/files\/2021\/08\/Alineacion-Betis-Real-Madrid-Liga-1998-1.jpg?resize=220%2C147&amp;ssl=1 220w, https:\/\/i0.wp.com\/www.manquepierda.com\/historiarealbetis\/files\/2021\/08\/Alineacion-Betis-Real-Madrid-Liga-1998-1.jpg?resize=768%2C512&amp;ssl=1 768w, https:\/\/i0.wp.com\/www.manquepierda.com\/historiarealbetis\/files\/2021\/08\/Alineacion-Betis-Real-Madrid-Liga-1998-1.jpg?w=2048&amp;ssl=1 2048w\" sizes=\"auto, (max-width: 960px) 100vw, 960px\" \/><\/figure><\/div>\n\n\n<p>3 de enero 1998 en el Benito Villamar\u00edn Betis 3 Real Madrid 2; jornada 19 del Campeonato de Liga de Primera Divisi\u00f3n.<\/p>\n<p>En la imagen arriba Vidakovic, Ol\u00edas, Alexis, M\u00e1rquez, Finidi y Prats; abajo Jarni, Ure\u00f1a, Alfonso, Nadj y Oli.\u00a0<\/p>\n<p>Gran partido del equipo verdiblanco con goles de M\u00e1rquez, Oli y Vidakovic, mientras que Roberto Carlos y Ra\u00fal marcaron para los visitantes.<\/p>\n<p>Luis Aragon\u00e9s entrenaba al Betis y Jup Heynckes al Real Madrid.\u00a0<\/p>\n\n\n<p><\/p>\n","protected":false},"excerpt":{"rendered":"<p>3 de enero 1998 en el Benito Villamar\u00edn Betis 3 Real Madrid 2; jornada 19 del Campeonato de Liga de Primera Divisi\u00f3n. En la imagen arriba Vidakovic, Ol\u00edas, Alexis, M\u00e1rquez, Finidi y Prats; abajo Jarni, Ure\u00f1a, Alfonso, Nadj y Oli.\u00a0 Gran partido del equipo verdiblanco con goles de M\u00e1rquez, Oli y Vidakovic, mientras que Roberto&#8230;<\/p>\n","protected":false},"author":5,"featured_media":81225,"comment_status":"open","ping_status":"open","sticky":false,"template":"","format":"standard","meta":{"_kad_post_transparent":"","_kad_post_title":"","_kad_post_layout":"","_kad_post_sidebar_id":"","_kad_post_content_style":"","_kad_post_vertical_padding":"","_kad_post_feature":"","_kad_post_feature_position":"","_kad_post_header":false,"_kad_post_footer":false,"_kad_post_classname":"","_jetpack_memberships_contains_paid_content":false,"footnotes":"","jetpack_publicize_message":"","jetpack_publicize_feature_enabled":true,"jetpack_social_post_already_shared":true,"jetpack_social_options":{"image_generator_settings":{"template":"highway","default_image_id":0,"font":"","enabled":false},"version":2}},"categories":[905,1],"tags":[4389,2413,2479,1328,1441,381,15494,17811,1369,2420,13362,16845,1333,1335,16815],"class_list":["post-81221","post","type-post","status-publish","format-standard","has-post-thumbnail","hentry","category-1990-1999","category-portada","tag-1997-98","tag-2413","tag-albert-nadj","tag-alexis-trujillo","tag-alfonso-perez","tag-finidi-george","tag-juan-antonio-urena","tag-liga-primera-1997-98","tag-luis-marquez","tag-oliverio-alvarez-oli","tag-real-madrid-cf","tag-risto-vidakovic","tag-robert-jarni","tag-tomas-olias","tag-toni-prats"],"jetpack_publicize_connections":[],"jetpack_featured_media_url":"https:\/\/i0.wp.com\/www.manquepierda.com\/historiarealbetis\/files\/2021\/08\/Alineacion-Betis-Real-Madrid-Liga-1998-1.jpg?fit=2048%2C1365&ssl=1","jetpack_sharing_enabled":true,"jetpack_shortlink":"https:\/\/wp.me\/p1ij08-l81","jetpack-related-posts":[],"_links":{"self":[{"href":"https:\/\/www.manquepierda.com\/historiarealbetis\/wp-json\/wp\/v2\/posts\/81221","targetHints":{"allow":["GET"]}}],"collection":[{"href":"https:\/\/www.manquepierda.com\/historiarealbetis\/wp-json\/wp\/v2\/posts"}],"about":[{"href":"https:\/\/www.manquepierda.com\/historiarealbetis\/wp-json\/wp\/v2\/types\/post"}],"author":[{"embeddable":true,"href":"https:\/\/www.manquepierda.com\/historiarealbetis\/wp-json\/wp\/v2\/users\/5"}],"replies":[{"embeddable":true,"href":"https:\/\/www.manquepierda.com\/historiarealbetis\/wp-json\/wp\/v2\/comments?post=81221"}],"version-history":[{"count":1,"href":"https:\/\/www.manquepierda.com\/historiarealbetis\/wp-json\/wp\/v2\/posts\/81221\/revisions"}],"predecessor-version":[{"id":95740,"href":"https:\/\/www.manquepierda.com\/historiarealbetis\/wp-json\/wp\/v2\/posts\/81221\/revisions\/95740"}],"wp:featuredmedia":[{"embeddable":true,"href":"https:\/\/www.manquepierda.com\/historiarealbetis\/wp-json\/wp\/v2\/media\/81225"}],"wp:attachment":[{"href":"https:\/\/www.manquepierda.com\/historiarealbetis\/wp-json\/wp\/v2\/media?parent=81221"}],"wp:term":[{"taxonomy":"category","embeddable":true,"href":"https:\/\/www.manquepierda.com\/historiarealbetis\/wp-json\/wp\/v2\/categories?post=81221"},{"taxonomy":"post_tag","embeddable":true,"href":"https:\/\/www.manquepierda.com\/historiarealbetis\/wp-json\/wp\/v2\/tags?post=81221"}],"curies":[{"name":"wp","href":"https:\/\/api.w.org\/{rel}","templated":true}]}}