{"id":81234,"date":"2021-08-26T09:49:00","date_gmt":"2021-08-26T07:49:00","guid":{"rendered":"https:\/\/www.manquepierda.com\/historiarealbetis\/?p=81234"},"modified":"2025-08-27T10:08:31","modified_gmt":"2025-08-27T08:08:31","slug":"cartel-trofeo-colombino-1979","status":"publish","type":"post","link":"https:\/\/www.manquepierda.com\/historiarealbetis\/cartel-trofeo-colombino-1979\/","title":{"rendered":"Cartel Trofeo Colombino 1979"},"content":{"rendered":"\n<div class=\"wp-block-image\"><figure class=\"aligncenter size-large\"><img data-recalc-dims=\"1\" loading=\"lazy\" decoding=\"async\" width=\"479\" height=\"700\" src=\"https:\/\/i0.wp.com\/www.manquepierda.com\/historiarealbetis\/files\/2021\/08\/Cartel-XV-Trofeo-Colombino-1979.jpg?resize=479%2C700&#038;ssl=1\" alt=\"\" class=\"wp-image-81235\" srcset=\"https:\/\/i0.wp.com\/www.manquepierda.com\/historiarealbetis\/files\/2021\/08\/Cartel-XV-Trofeo-Colombino-1979-scaled.jpg?resize=479%2C700&amp;ssl=1 479w, https:\/\/i0.wp.com\/www.manquepierda.com\/historiarealbetis\/files\/2021\/08\/Cartel-XV-Trofeo-Colombino-1979-scaled.jpg?resize=411%2C600&amp;ssl=1 411w, https:\/\/i0.wp.com\/www.manquepierda.com\/historiarealbetis\/files\/2021\/08\/Cartel-XV-Trofeo-Colombino-1979-scaled.jpg?resize=151%2C220&amp;ssl=1 151w, https:\/\/i0.wp.com\/www.manquepierda.com\/historiarealbetis\/files\/2021\/08\/Cartel-XV-Trofeo-Colombino-1979-scaled.jpg?resize=768%2C1122&amp;ssl=1 768w, https:\/\/i0.wp.com\/www.manquepierda.com\/historiarealbetis\/files\/2021\/08\/Cartel-XV-Trofeo-Colombino-1979-scaled.jpg?w=1753&amp;ssl=1 1753w\" sizes=\"auto, (max-width: 479px) 100vw, 479px\" \/><\/figure><\/div>\n\n\n<p>Cartel del XV Trofeo Colombino disputado en Huelva con la participaci\u00f3n del Real Club Recreativo de Huelva, Real Betis Balompi\u00e9, Stal Mielec y SK Beveren los d\u00edas 18 y 19 de agosto de 1979.<\/p>\n<p>Para el Betis era la quinta participaci\u00f3n en el trofeo onubense, tras las de las ediciones de 1968, 1971, 1974 y 1976. Y se sald\u00f3 con una gran decepci\u00f3n tras la derrota 1-3 en las semifinales frente al equipo belga del Beveren. En el partido de consolaci\u00f3n el Betis venci\u00f3 4-2 a los polacos del Stal Mielec.<\/p>\n<p>Fue el Recreativo quien se impuso en la final 2-1 al Beveren y se alz\u00f3 con la carabela de plata.&nbsp;<\/p>","protected":false},"excerpt":{"rendered":"<p>Cartel del XV Trofeo Colombino disputado en Huelva con la participaci\u00f3n del Real Club Recreativo de Huelva, Real Betis Balompi\u00e9, Stal Mielec y SK Beveren los d\u00edas 18 y 19 de agosto de 1979. Para el Betis era la quinta participaci\u00f3n en el trofeo onubense, tras las de las ediciones de 1968, 1971, 1974 y&#8230;<\/p>\n","protected":false},"author":5,"featured_media":81235,"comment_status":"open","ping_status":"open","sticky":false,"template":"","format":"standard","meta":{"_kad_post_transparent":"","_kad_post_title":"","_kad_post_layout":"","_kad_post_sidebar_id":"","_kad_post_content_style":"","_kad_post_vertical_padding":"","_kad_post_feature":"","_kad_post_feature_position":"","_kad_post_header":false,"_kad_post_footer":false,"_kad_post_classname":"","_jetpack_memberships_contains_paid_content":false,"footnotes":"","jetpack_publicize_message":"","jetpack_publicize_feature_enabled":true,"jetpack_social_post_already_shared":true,"jetpack_social_options":{"image_generator_settings":{"template":"highway","default_image_id":0,"font":"","enabled":false},"version":2}},"categories":[903,1,2064],"tags":[1033,16959,2038,17576,17977],"class_list":["post-81234","post","type-post","status-publish","format-standard","has-post-thumbnail","hentry","category-1970-1979","category-portada","category-trofeos-de-verano","tag-1033","tag-beveren","tag-real-club-recreativo-de-huelva","tag-stal-mielec","tag-xv-trofeo-colombino"],"jetpack_publicize_connections":[],"jetpack_featured_media_url":"https:\/\/i0.wp.com\/www.manquepierda.com\/historiarealbetis\/files\/2021\/08\/Cartel-XV-Trofeo-Colombino-1979-scaled.jpg?fit=1753%2C2560&ssl=1","jetpack_sharing_enabled":true,"jetpack_shortlink":"https:\/\/wp.me\/p1ij08-l8e","jetpack-related-posts":[],"_links":{"self":[{"href":"https:\/\/www.manquepierda.com\/historiarealbetis\/wp-json\/wp\/v2\/posts\/81234","targetHints":{"allow":["GET"]}}],"collection":[{"href":"https:\/\/www.manquepierda.com\/historiarealbetis\/wp-json\/wp\/v2\/posts"}],"about":[{"href":"https:\/\/www.manquepierda.com\/historiarealbetis\/wp-json\/wp\/v2\/types\/post"}],"author":[{"embeddable":true,"href":"https:\/\/www.manquepierda.com\/historiarealbetis\/wp-json\/wp\/v2\/users\/5"}],"replies":[{"embeddable":true,"href":"https:\/\/www.manquepierda.com\/historiarealbetis\/wp-json\/wp\/v2\/comments?post=81234"}],"version-history":[{"count":1,"href":"https:\/\/www.manquepierda.com\/historiarealbetis\/wp-json\/wp\/v2\/posts\/81234\/revisions"}],"predecessor-version":[{"id":96155,"href":"https:\/\/www.manquepierda.com\/historiarealbetis\/wp-json\/wp\/v2\/posts\/81234\/revisions\/96155"}],"wp:featuredmedia":[{"embeddable":true,"href":"https:\/\/www.manquepierda.com\/historiarealbetis\/wp-json\/wp\/v2\/media\/81235"}],"wp:attachment":[{"href":"https:\/\/www.manquepierda.com\/historiarealbetis\/wp-json\/wp\/v2\/media?parent=81234"}],"wp:term":[{"taxonomy":"category","embeddable":true,"href":"https:\/\/www.manquepierda.com\/historiarealbetis\/wp-json\/wp\/v2\/categories?post=81234"},{"taxonomy":"post_tag","embeddable":true,"href":"https:\/\/www.manquepierda.com\/historiarealbetis\/wp-json\/wp\/v2\/tags?post=81234"}],"curies":[{"name":"wp","href":"https:\/\/api.w.org\/{rel}","templated":true}]}}