{"id":81404,"date":"2021-09-06T09:07:00","date_gmt":"2021-09-06T07:07:00","guid":{"rendered":"https:\/\/www.manquepierda.com\/historiarealbetis\/?p=81404"},"modified":"2021-09-01T20:23:21","modified_gmt":"2021-09-01T18:23:21","slug":"entrevista-esteban-areta-1962","status":"publish","type":"post","link":"https:\/\/www.manquepierda.com\/historiarealbetis\/entrevista-esteban-areta-1962\/","title":{"rendered":"Entrevista Esteban Areta 1962"},"content":{"rendered":"\n<div class=\"wp-block-image\"><figure class=\"aligncenter size-full is-resized\"><img data-recalc-dims=\"1\" loading=\"lazy\" decoding=\"async\" src=\"https:\/\/i0.wp.com\/www.manquepierda.com\/historiarealbetis\/files\/2021\/09\/Areta-8.jpg?resize=555%2C795&#038;ssl=1\" alt=\"\" class=\"wp-image-81405\" width=\"555\" height=\"795\" srcset=\"https:\/\/i0.wp.com\/www.manquepierda.com\/historiarealbetis\/files\/2021\/09\/Areta-8.jpg?w=298&amp;ssl=1 298w, https:\/\/i0.wp.com\/www.manquepierda.com\/historiarealbetis\/files\/2021\/09\/Areta-8.jpg?resize=154%2C220&amp;ssl=1 154w\" sizes=\"auto, (max-width: 555px) 100vw, 555px\" \/><\/figure><\/div>\n\n\n<p>Cuando se llevaban disputadas 6 jornadas del Campeonato de Liga de Primera Divisi\u00f3n de la temporada 1962-63 la situaci\u00f3n del conjunto b\u00e9tico no era muy halag\u00fce\u00f1a. Una victoria, un empate y cuatro derrotas situaban al Betis en la posici\u00f3n 13\u00aa sobre un total de 16 equipos. Y los 3 partidos jugados en casa hab\u00edan concluido sin ganar ning\u00fan partido; 2 derrotas ante Real Madrid y M\u00e1laga y un empate ante el Valladolid.&nbsp;<\/p>\n<p>En las p\u00e1ginas del diario vespertino Sevilla aparec\u00eda esta entrevista el 25 de octubre de 1962 a cargo del periodista Mart\u00edn Benito, siendo Esteban Areta el protagonista de la misma. Se trataba de un jugador veterano que cumpl\u00eda su sexta campa\u00f1a en el club, y que ped\u00eda calma ante la dif\u00edcil situaci\u00f3n, adem\u00e1s de solicitar el trabajo de todos los componentes del equipo y el apoyo de la afici\u00f3n.<\/p>\n<p>La situaci\u00f3n fue revertida en los partidos inmediatamente posteriores y el equipo finaliz\u00f3 la campa\u00f1a en mitad de la tabla.<\/p>\n<p>Como curiosidad la entrevista se desarrolla en el propio domicilio del jugador, algo impensable en la actualidad, y nos sirve para conocer algunos detalles de su intimidad personal.<\/p>\n<p><\/p>\n<p><span style=\"color: #008000\"><em>Despu\u00e9s de una larga ausencia en la delantera, Esteban Areta volvi\u00f3 el domingo pasado a ser alineado en la vanguardia b\u00e9tica. Y todos coinciden en que marc\u00f3 un gol magn\u00edfico y su actuaci\u00f3n ha merecido un\u00e1nimes elogios. Una novedad digna de ser resaltada. Por ello fuimos a ver al segundo de la dinast\u00eda de los Areta.<\/em><\/span><\/p>\n<p><span style=\"color: #008000\"><em>Cuando llamamos a su casa, Esteban se encontraba trabajando, en uni\u00f3n de su hermano Luis, y tuvimos que aguardar a la noche para poder charlar con \u00e9l.<\/em><\/span><\/p>\n<p><span style=\"color: #008000\"><em>La sencillez, la cortes\u00eda, la ponderaci\u00f3n y buen juicio, reina en la familia de Esteban Areta. Porque creo que mucho de ese buen juicio, esa ponderaci\u00f3n, esa cortes\u00eda y esa sencillez se las debe precisamente al hogar. Para Areta II nadie es malo, nada se hace con torcida intenci\u00f3n; si las cosas salen torcidas, es fruto del infortunio y no causa del error o de la desgana.<\/em><\/span><\/p>\n<ul>\n<li><span style=\"color: #008000\"><em>\u00bfC\u00f3mo se desarroll\u00f3 el partido de Oviedo?<\/em><\/span><\/li>\n<li><span style=\"color: #008000\"><em>Fue un encuentro muy bien jugado por el Betis, al que respondi\u00f3 magn\u00edficamente el conjunto asturiano. Merecimos por lo menos el empate<\/em><\/span><\/li>\n<li><span style=\"color: #008000\"><em>Toda la Prensa ha coincidido en que has jugado un buen partido. \u00bfEst\u00e1s contento con tu actuaci\u00f3n?<\/em><\/span><\/li>\n<li><span style=\"color: #008000\"><em>No estuve mal<\/em><\/span><\/li>\n<li><span style=\"color: #008000\"><em>\u00bfCu\u00e1nto tiempo llevabas sin alinearte en la delantera?<\/em><\/span><\/li>\n<li><span style=\"color: #008000\"><em>Tres a\u00f1os. Empec\u00e9 como interior y delantero centro; despu\u00e9s pas\u00e9 a la media, y las \u00faltimas temporadas siempre he actuado como defensa. El domingo volv\u00ed a la vanguardia en un puesto que no hab\u00eda desempe\u00f1ado nunca, pero las t\u00e1cticas modernas permiten que el extremo se retrase y haga labor de ayuda, en la que ahora tengo m\u00e1s conocimiento por los a\u00f1os jugados de medio y de defensa<\/em><\/span><\/li>\n<li><span style=\"color: #008000\"><em>\u00bfC\u00f3mo fuel el gol que abri\u00f3 el marcador?<\/em><\/span><\/li>\n<li><span style=\"color: #008000\"><em>Un tiro desde lejos que entr\u00f3 por un \u00e1ngulo. Pude meter algunos m\u00e1s, pero la mala suerte, o quiz\u00e1s el confiarme un poco, y la actuaci\u00f3n del portero evitaron que volviese a marcar<\/em><\/span><\/li>\n<li><span style=\"color: #008000\"><em>\u00bfCon qu\u00e9 misi\u00f3n saliste al campo?<\/em><\/span><\/li>\n<li><span style=\"color: #008000\"><em>Con la del extremo cl\u00e1sico, que no se reduce a estar en su parcela de terreno esperando el pase del compa\u00f1ero, sino que debe ayudar a la media, y aun a la defensa, retras\u00e1ndose por la banda o acudiendo al centro<\/em><\/span><\/li>\n<li><span style=\"color: #008000\"><em>\u00bfD\u00f3nde te agrada actuar m\u00e1s, en la delantera o en la defensa?<\/em><\/span><\/li>\n<li><span style=\"color: #008000\"><em>Yo disfruto jugando, sea donde sea. Pero me ha satisfecho enormemente recordar mis tiempos de delantero<\/em><\/span><\/li>\n<li><span style=\"color: #008000\"><em>\u00bfQui\u00e9n fue el mejor del Oviedo?<\/em><\/span><\/li>\n<li><span style=\"color: #008000\"><em>Todos jugaron un gran partido, pero si tuviese que destacar a alguno yo elegir\u00eda a Paquito. \u00c9l enderez\u00f3 el encuentro a su equipo, marcando el gol del empate a tres, y fue la columna vertebral de los suyos<\/em><\/span><\/li>\n<\/ul>\n<p><span style=\"color: #008000\"><em>Areta habla muy bajo, y parece meditar cada palabra. Dejamos el tema dl partido de Oviedo, y pasamos a charlar de otros m\u00e1s amplios: del estado del Betis, de la afici\u00f3n, de las dificultades que encuentran en el Estadio Benito Villamar\u00edn. S\u00f3lo parece alterarse cuando pongo en duda la primac\u00eda de su profesionalismo sobre su beticismo.<\/em><\/span><\/p>\n<ul>\n<li><span style=\"color: #008000\"><em>\u00bfEs cierto que el Betis hace mejores partidos fuera que en casa?<\/em><\/span><\/li>\n<li><span style=\"color: #008000\"><em>Sin duda ninguna. La situaci\u00f3n del equipo hace que salgamos serenos fuera, y en casa, en el exceso de agradar a nuestra afici\u00f3n, los nervios hacen que rindamos menos<\/em><\/span><\/li>\n<li><span style=\"color: #008000\"><em>\u00bfTambi\u00e9n Areta se pone nervioso?<\/em><\/span><\/li>\n<li><span style=\"color: #008000\"><em>Son ya muchos los a\u00f1os que llevo jugando para que el p\u00fablico influya en mi actuaci\u00f3n. Pero hay muchos j\u00f3venes que les preocupa el quedar mal ante los suyos, cosa muy l\u00f3gica por otra parte<\/em><\/span><\/li>\n<li><span style=\"color: #008000\"><em>\u00bfCrees que es justa la actitud de la afici\u00f3n b\u00e9tica?<\/em><\/span><\/li>\n<li><span style=\"color: #008000\"><em>Es muy l\u00f3gica, por lo menos, y lo que pudiese parecer desv\u00edo hacia el club yo creo que es precisamente una manifestaci\u00f3n de profundo amor al equipo, que al no verle en el sitio que desean y merece por juego se traduce en ese desagrado. Si no sintiesen los colores verdiblancos no protestar\u00edan. \u00a1No hay afici\u00f3n como la del Betis\u00a1<\/em><\/span><\/li>\n<li><span style=\"color: #008000\"><em>\u00bfC\u00f3mo ves la situaci\u00f3n de tu equipo?<\/em><\/span><\/li>\n<li><span style=\"color: #008000\"><em>La Liga acaba de empezar, y a\u00fan resta la mayor parte del torneo. Nunca he perdido la esperanza de levantar este peque\u00f1o bache que padecemos, debido en gran parte a las dificultades a las que antes hac\u00eda referencia cuando jugamos en el Estadio Benito Villamar\u00edn. Las aguas volver\u00e1n a su cauce. El a\u00f1o pasado empezamos muy bien la temporada y despu\u00e9s hubo ciertos apuros. Casi todos los equipos pasan un bache durante la temporada, y nosotros lo estamos sufriendo ahora. Es preferible que as\u00ed sea, que no m\u00e1s adelante.<\/em><\/span><\/li>\n<li><span style=\"color: #008000\"><em>\u00bfQu\u00e9 aconsejar\u00eda Areta a sus compa\u00f1eros m\u00e1s j\u00f3venes?<\/em><\/span><\/li>\n<li><span style=\"color: #008000\"><em>Que pongan el mismo entusiasmo que yo pongo cuando salto al campo y que tengan serenidad y confianza en s\u00ed<\/em><\/span><\/li>\n<li><span style=\"color: #008000\"><em>\u00bfY a los seguidores b\u00e9ticos?<\/em><\/span><\/li>\n<li><span style=\"color: #008000\"><em>Que animen a los jugadores aunque no jueguen con la perfecci\u00f3n que todos deseamos. Pueden hacer mucho para que salgamos de este bache. Se nos avecinan partidos muy duros en Sevilla y ellos tienen una misi\u00f3n que cumplir. No dudo que lo har\u00e1n. Ya llevo seis a\u00f1os en el Betis y conozco bien a sus seguidores. Son maravillosos.<\/em><\/span><\/li>\n<li><span style=\"color: #008000\"><em>El malestar de algunos y la cr\u00edtica de otros, \u00bfha tenido alguna repercusi\u00f3n en el seno del club?<\/em><\/span><\/li>\n<li><span style=\"color: #008000\"><em>Absolutamente ninguna. No se ha perdido la serenidad por parte de nadie, ni jugadores, ni directivos ni t\u00e9cnicos. A mi entender, es muy importante que cuando surgen algunas dificultades se conserve la serenidad y se trabaje con entusiasmo y voluntad, conscientes de que se est\u00e1 cumpliendo con el deber. Al final siempre se encuentra el fruto de ese trabajo. En lo referente a la cr\u00edtica, yo acepto toda la que se haga<\/em><\/span><\/li>\n<li><span style=\"color: #008000\"><em>\u00bfTe sientes m\u00e1s profesional que b\u00e9tico, o por el contrario, m\u00e1s b\u00e9tico que profesional?<\/em><\/span><\/li>\n<li><span style=\"color: #008000\"><em>Soy b\u00e9tico de verdad, y cuando termine como jugador seguir\u00e9 siendo b\u00e9tico donde quiera que est\u00e9. S\u00e9 lo que es sufrir con el equipo y lo que es triunfar<\/em><\/span><\/li>\n<li><span style=\"color: #008000\"><em>\u00bfTus mayores alegr\u00edas?<\/em><\/span><\/li>\n<li><span style=\"color: #008000\"><em>Muchas, pero sobre todo la apoteosis e nuestro ascenso a Primera Divisi\u00f3n. El recibimiento que nos hicieron no hay quien pueda olvidarlo. Ese paseo de la Palmera, el agasajo en el Ayuntamiento\u2026 \u00a1S\u00ed, perd\u00ed tres kilos\u00a1 M\u00e1s que en cualquier partido<\/em><\/span><\/li>\n<li><span style=\"color: #008000\"><em>\u00bfEst\u00e1s m\u00e1s en forma que en los primeros partidos?<\/em><\/span><\/li>\n<li><span style=\"color: #008000\"><em>S\u00ed. El calor de Sevilla es bastante perjudicial para todos los deportistas. Ahora voy a m\u00e1s<\/em><\/span><\/li>\n<li><span style=\"color: #008000\"><em>\u00bfCu\u00e1nto tiempo le resta a Areta como futbolista?<\/em><\/span><\/li>\n<li><span style=\"color: #008000\"><em>Tengo treinta y dos, y espero seguir otros seis m\u00e1s. Se lo digo con sinceridad<\/em><\/span><\/li>\n<li><span style=\"color: #008000\"><em>\u00bfC\u00f3mo ves el partido el domingo?<\/em><\/span><\/li>\n<li><span style=\"color: #008000\"><em>Ser\u00e1 dif\u00edcil. El Valencia es un buen equipo. Deseo el triunfo, especialmente por la afici\u00f3n. Que no duden, que nuestro mejor deseo es ganar y quedar bien ante los nuestros<\/em><\/span><\/li>\n<\/ul>\n<p><span style=\"color: #008000\"><em>Cuando ya nos despedimos una de sus hijas\u2014desde otra habitaci\u00f3n\u2014amenaza con dormirse si pap\u00e1 no va a darle un beso. Sugerimos otro tema. Y prolongamos un poco nuestra charla.<\/em><\/span><\/p>\n<ul>\n<li><span style=\"color: #008000\"><em>\u00bfLe queda tiempo libre a un futbolista para trabajar?<\/em><\/span><\/li>\n<li><span style=\"color: #008000\"><em>Mi hermano Jos\u00e9 Luis y yo tenemos unas representaciones en Sevilla y trabajamos en ellas<\/em><\/span><\/li>\n<\/ul>\n<p><span style=\"color: #008000\"><em>Despu\u00e9s le pregunto por la dinast\u00eda de los Areta y por Jos\u00e9 Luis. Esteban tiene frases de elogio para todos. Pero esto ya lo hemos dicho. Areta II es hombre equilibrado, sencillo y con una recia personalidad interior. De verdad.&nbsp; &nbsp;&nbsp;<\/em><\/span>&nbsp;&nbsp;<\/p>","protected":false},"excerpt":{"rendered":"<p>Cuando se llevaban disputadas 6 jornadas del Campeonato de Liga de Primera Divisi\u00f3n de la temporada 1962-63 la situaci\u00f3n del conjunto b\u00e9tico no era muy halag\u00fce\u00f1a. Una victoria, un empate y cuatro derrotas situaban al Betis en la posici\u00f3n 13\u00aa sobre un total de 16 equipos. Y los 3 partidos jugados en casa hab\u00edan concluido&#8230;<\/p>\n","protected":false},"author":5,"featured_media":81405,"comment_status":"open","ping_status":"open","sticky":false,"template":"","format":"standard","meta":{"_kad_post_transparent":"","_kad_post_title":"","_kad_post_layout":"","_kad_post_sidebar_id":"","_kad_post_content_style":"","_kad_post_vertical_padding":"","_kad_post_feature":"","_kad_post_feature_position":"","_kad_post_header":false,"_kad_post_footer":false,"_kad_post_classname":"","_jetpack_memberships_contains_paid_content":false,"footnotes":"","jetpack_publicize_message":"","jetpack_publicize_feature_enabled":true,"jetpack_social_post_already_shared":true,"jetpack_social_options":{"image_generator_settings":{"template":"highway","default_image_id":0,"font":"","enabled":false},"version":2}},"categories":[902,893,1],"tags":[5369,4280,1317],"class_list":["post-81404","post","type-post","status-publish","format-standard","has-post-thumbnail","hentry","category-1960-1969","category-jugadores-temas","category-portada","tag-5369","tag-1962-63","tag-esteban-areta"],"jetpack_publicize_connections":[],"jetpack_featured_media_url":"https:\/\/i0.wp.com\/www.manquepierda.com\/historiarealbetis\/files\/2021\/09\/Areta-8.jpg?fit=298%2C427&ssl=1","jetpack_sharing_enabled":true,"jetpack_shortlink":"https:\/\/wp.me\/p1ij08-laY","jetpack-related-posts":[],"_links":{"self":[{"href":"https:\/\/www.manquepierda.com\/historiarealbetis\/wp-json\/wp\/v2\/posts\/81404","targetHints":{"allow":["GET"]}}],"collection":[{"href":"https:\/\/www.manquepierda.com\/historiarealbetis\/wp-json\/wp\/v2\/posts"}],"about":[{"href":"https:\/\/www.manquepierda.com\/historiarealbetis\/wp-json\/wp\/v2\/types\/post"}],"author":[{"embeddable":true,"href":"https:\/\/www.manquepierda.com\/historiarealbetis\/wp-json\/wp\/v2\/users\/5"}],"replies":[{"embeddable":true,"href":"https:\/\/www.manquepierda.com\/historiarealbetis\/wp-json\/wp\/v2\/comments?post=81404"}],"version-history":[{"count":0,"href":"https:\/\/www.manquepierda.com\/historiarealbetis\/wp-json\/wp\/v2\/posts\/81404\/revisions"}],"wp:featuredmedia":[{"embeddable":true,"href":"https:\/\/www.manquepierda.com\/historiarealbetis\/wp-json\/wp\/v2\/media\/81405"}],"wp:attachment":[{"href":"https:\/\/www.manquepierda.com\/historiarealbetis\/wp-json\/wp\/v2\/media?parent=81404"}],"wp:term":[{"taxonomy":"category","embeddable":true,"href":"https:\/\/www.manquepierda.com\/historiarealbetis\/wp-json\/wp\/v2\/categories?post=81404"},{"taxonomy":"post_tag","embeddable":true,"href":"https:\/\/www.manquepierda.com\/historiarealbetis\/wp-json\/wp\/v2\/tags?post=81404"}],"curies":[{"name":"wp","href":"https:\/\/api.w.org\/{rel}","templated":true}]}}