{"id":81754,"date":"2021-10-11T12:00:00","date_gmt":"2021-10-11T10:00:00","guid":{"rendered":"https:\/\/www.manquepierda.com\/historiarealbetis\/?p=81754"},"modified":"2021-10-02T18:25:00","modified_gmt":"2021-10-02T16:25:00","slug":"hoy-hace-60-anos-fichaje-de-jose-maria-corral","status":"publish","type":"post","link":"https:\/\/www.manquepierda.com\/historiarealbetis\/hoy-hace-60-anos-fichaje-de-jose-maria-corral\/","title":{"rendered":"Hoy hace 60 a\u00f1os. Fichaje de Jos\u00e9 Mar\u00eda Corral."},"content":{"rendered":"\n<div class=\"wp-block-image\"><figure class=\"aligncenter size-full\"><img data-recalc-dims=\"1\" loading=\"lazy\" decoding=\"async\" width=\"441\" height=\"462\" src=\"https:\/\/i0.wp.com\/www.manquepierda.com\/historiarealbetis\/files\/2021\/10\/11-1961-Fichaje-de-Corral.jpg?resize=441%2C462&#038;ssl=1\" alt=\"\" class=\"wp-image-81755\" srcset=\"https:\/\/i0.wp.com\/www.manquepierda.com\/historiarealbetis\/files\/2021\/10\/11-1961-Fichaje-de-Corral.jpg?w=441&amp;ssl=1 441w, https:\/\/i0.wp.com\/www.manquepierda.com\/historiarealbetis\/files\/2021\/10\/11-1961-Fichaje-de-Corral.jpg?resize=210%2C220&amp;ssl=1 210w\" sizes=\"auto, (max-width: 441px) 100vw, 441px\" \/><\/figure><\/div>\n\n\n<p><span style=\"color: #008000\">El 11 de octubre de 1961 ficha por el Real Betis Balompi\u00e9 el guardameta Jos\u00e9 Mar\u00eda Corral.<\/span><\/p>\n<p><span style=\"color: #008000\">Hab\u00eda pertenecido al equipo juvenil del Atl\u00e9tico de Madrid, antes de marchar a M\u00e9xico donde resid\u00eda su familia. Al volver a Espa\u00f1a entr\u00f3 en contacto con el entrenador verdiblanco Fernando Daucik, quien le conoc\u00eda de su etapa madrile\u00f1a, y le convenci\u00f3 para fichar por el equipo verdiblanco.<\/span><\/p>\n<p><span style=\"color: #008000\">Corral permanecer\u00eda en el Betis hasta diciembre de 1964, cuando volvi\u00f3 a M\u00e9xico.<\/span><\/p>","protected":false},"excerpt":{"rendered":"<p>El 11 de octubre de 1961 ficha por el Real Betis Balompi\u00e9 el guardameta Jos\u00e9 Mar\u00eda Corral. Hab\u00eda pertenecido al equipo juvenil del Atl\u00e9tico de Madrid, antes de marchar a M\u00e9xico donde resid\u00eda su familia. Al volver a Espa\u00f1a entr\u00f3 en contacto con el entrenador verdiblanco Fernando Daucik, quien le conoc\u00eda de su etapa madrile\u00f1a,&#8230;<\/p>\n","protected":false},"author":5,"featured_media":81755,"comment_status":"open","ping_status":"open","sticky":false,"template":"","format":"standard","meta":{"_kad_post_transparent":"","_kad_post_title":"","_kad_post_layout":"","_kad_post_sidebar_id":"","_kad_post_content_style":"","_kad_post_vertical_padding":"","_kad_post_feature":"","_kad_post_feature_position":"","_kad_post_header":false,"_kad_post_footer":false,"_kad_post_classname":"","_jetpack_memberships_contains_paid_content":false,"footnotes":"","jetpack_publicize_message":"","jetpack_publicize_feature_enabled":true,"jetpack_social_post_already_shared":true,"jetpack_social_options":{"image_generator_settings":{"template":"highway","default_image_id":0,"font":"","enabled":false},"version":2}},"categories":[902,14583,1],"tags":[2922,5859],"class_list":["post-81754","post","type-post","status-publish","format-standard","has-post-thumbnail","hentry","category-1960-1969","category-efemerides","category-portada","tag-2922","tag-jose-maria-corral"],"jetpack_publicize_connections":[],"jetpack_featured_media_url":"https:\/\/i0.wp.com\/www.manquepierda.com\/historiarealbetis\/files\/2021\/10\/11-1961-Fichaje-de-Corral.jpg?fit=441%2C462&ssl=1","jetpack_sharing_enabled":true,"jetpack_shortlink":"https:\/\/wp.me\/p1ij08-lgC","jetpack-related-posts":[],"_links":{"self":[{"href":"https:\/\/www.manquepierda.com\/historiarealbetis\/wp-json\/wp\/v2\/posts\/81754","targetHints":{"allow":["GET"]}}],"collection":[{"href":"https:\/\/www.manquepierda.com\/historiarealbetis\/wp-json\/wp\/v2\/posts"}],"about":[{"href":"https:\/\/www.manquepierda.com\/historiarealbetis\/wp-json\/wp\/v2\/types\/post"}],"author":[{"embeddable":true,"href":"https:\/\/www.manquepierda.com\/historiarealbetis\/wp-json\/wp\/v2\/users\/5"}],"replies":[{"embeddable":true,"href":"https:\/\/www.manquepierda.com\/historiarealbetis\/wp-json\/wp\/v2\/comments?post=81754"}],"version-history":[{"count":1,"href":"https:\/\/www.manquepierda.com\/historiarealbetis\/wp-json\/wp\/v2\/posts\/81754\/revisions"}],"predecessor-version":[{"id":81756,"href":"https:\/\/www.manquepierda.com\/historiarealbetis\/wp-json\/wp\/v2\/posts\/81754\/revisions\/81756"}],"wp:featuredmedia":[{"embeddable":true,"href":"https:\/\/www.manquepierda.com\/historiarealbetis\/wp-json\/wp\/v2\/media\/81755"}],"wp:attachment":[{"href":"https:\/\/www.manquepierda.com\/historiarealbetis\/wp-json\/wp\/v2\/media?parent=81754"}],"wp:term":[{"taxonomy":"category","embeddable":true,"href":"https:\/\/www.manquepierda.com\/historiarealbetis\/wp-json\/wp\/v2\/categories?post=81754"},{"taxonomy":"post_tag","embeddable":true,"href":"https:\/\/www.manquepierda.com\/historiarealbetis\/wp-json\/wp\/v2\/tags?post=81754"}],"curies":[{"name":"wp","href":"https:\/\/api.w.org\/{rel}","templated":true}]}}