{"id":81776,"date":"2021-10-08T09:59:00","date_gmt":"2021-10-08T07:59:00","guid":{"rendered":"https:\/\/www.manquepierda.com\/historiarealbetis\/?p=81776"},"modified":"2024-02-02T19:11:04","modified_gmt":"2024-02-02T18:11:04","slug":"rafael-sans","status":"publish","type":"post","link":"https:\/\/www.manquepierda.com\/historiarealbetis\/rafael-sans\/","title":{"rendered":"Rafael Sans"},"content":{"rendered":"<div class=\"wp-block-image\">\n<figure class=\"aligncenter size-full is-resized\"><img data-recalc-dims=\"1\" loading=\"lazy\" decoding=\"async\" width=\"202\" height=\"265\" src=\"https:\/\/i0.wp.com\/www.manquepierda.com\/historiarealbetis\/files\/2021\/10\/Rafael-Sans-1.jpg?resize=202%2C265&#038;ssl=1\" alt=\"\" class=\"wp-image-81779\" style=\"width:333px;height:437px\" srcset=\"https:\/\/i0.wp.com\/www.manquepierda.com\/historiarealbetis\/files\/2021\/10\/Rafael-Sans-1.jpg?w=202&amp;ssl=1 202w, https:\/\/i0.wp.com\/www.manquepierda.com\/historiarealbetis\/files\/2021\/10\/Rafael-Sans-1.jpg?resize=168%2C220&amp;ssl=1 168w\" sizes=\"auto, (max-width: 202px) 100vw, 202px\" \/><\/figure>\n<\/div>\n\n<p><strong>Rafael Sans Belda.<\/strong><\/p>\n<p>Nacido en Barcelona el 1 de febrero de 1905 y fallecido en Barcelona el 28 de diciembre de 1948.<\/p>\n<p>Extremo izquierda.<\/p>\n<p>Sus primeros pasos los dio en diversos clubs catalanes (Sabadell, Gracia, Espanyol) para pasar en 1928 al Real Murcia de la mano de su entrenador Emilio Sampere.<\/p>\n<p>A finales de la campa\u00f1a 1929-30 fue probado por el Real Madrid, con quien jug\u00f3 2 partidos contra el Valencia y el CD Nacional, aunque su fichaje fue finalmente desestimado.\u00a0\u00a0<\/p>\n<p>Su relaci\u00f3n con el entrenador catal\u00e1n Emilio Sampere fue la que propici\u00f3 su fichaje por el Betis en octubre de 1930. Su debut oficial fue el 12 de octubre de 1930 en el Patronato en partido perteneciente al Campeonato de Andaluc\u00eda contra el\u00a0 Malague\u00f1o, con victoria por 6-0 y marcando el cuarto gol de esa tarde.<\/p>\n<p>Esta primera temporada en el Betis fue la mejor, destacando su participaci\u00f3n tanto en Liga como en Copa, siendo elemento importante en el equipo que alcanz\u00f3 la final de esta competici\u00f3n. En la temporada siguiente tambi\u00e9n particip\u00f3 en el equipo que ascendi\u00f3 a Primera Divisi\u00f3n, categor\u00eda en la que debut\u00f3 al a\u00f1o siguiente, aunque en esta \u00faltima temporada actu\u00f3 poco debido a varias lesiones que no le permitieron una continuidad en el equipo.<\/p>\n<p>Pas\u00f3 posteriormente a jugar en el Nacional de Madrid, equipo en el que disput\u00f3 las 3 temporadas siguientes.<\/p>\n<p>Historial<\/p>\n<table style=\"border-collapse: collapse;width: 180pt\" border=\"0\" width=\"240\" cellspacing=\"0\" cellpadding=\"0\">\n<tbody>\n<tr style=\"height: 12.75pt\">\n<td class=\"xl67\" style=\"height: 12.75pt;width: 60pt\" width=\"80\" height=\"17\">1923-24<\/td>\n<td class=\"xl67\" style=\"border-left: none;width: 60pt\" width=\"80\">Sabadell<\/td>\n<td class=\"xl67\" style=\"border-left: none;width: 60pt\" width=\"80\">\u00a0<\/td>\n<\/tr>\n<tr style=\"height: 13.5pt\">\n<td class=\"xl67\" style=\"height: 13.5pt;border-top: none\" height=\"18\">1924-25<\/td>\n<td class=\"xl67\" style=\"border-top: none;border-left: none\">Sabadell<\/td>\n<td class=\"xl67\" style=\"border-top: none;border-left: none\">\u00a0<\/td>\n<\/tr>\n<tr style=\"height: 12.75pt\">\n<td class=\"xl67\" style=\"height: 12.75pt;border-top: none\" height=\"17\">1925-26<\/td>\n<td class=\"xl67\" style=\"border-top: none;border-left: none\">Sabadell<\/td>\n<td class=\"xl67\" style=\"border-top: none;border-left: none\">\u00a0<\/td>\n<\/tr>\n<tr style=\"height: 13.5pt\">\n<td class=\"xl67\" style=\"height: 13.5pt;border-top: none\" height=\"18\">1926-27<\/td>\n<td class=\"xl67\" style=\"border-top: none;border-left: none\">Gracia<\/td>\n<td class=\"xl67\" style=\"border-top: none;border-left: none\">\u00a0<\/td>\n<\/tr>\n<tr style=\"height: 12.75pt\">\n<td class=\"xl67\" style=\"height: 12.75pt;border-top: none\" height=\"17\">1927-28<\/td>\n<td class=\"xl67\" style=\"border-top: none;border-left: none\">Espa\u00f1ol<\/td>\n<td class=\"xl67\" style=\"border-top: none;border-left: none\">\u00a0<\/td>\n<\/tr>\n<tr style=\"height: 13.5pt\">\n<td class=\"xl71\" style=\"height: 13.5pt;border-top: none\" height=\"18\">1928-29<\/td>\n<td class=\"xl71\" style=\"border-top: none;border-left: none\">Murcia<\/td>\n<td class=\"xl67\" style=\"border-top: none;border-left: none\">Tercera<\/td>\n<\/tr>\n<tr style=\"height: 12.75pt\">\n<td class=\"xl70\" style=\"height: 12.75pt;border-top: none\" height=\"17\">1929-30<\/td>\n<td class=\"xl70\" style=\"border-top: none;border-left: none\">Murcia<\/td>\n<td class=\"xl67\" style=\"border-top: none;border-left: none\">Segunda<\/td>\n<\/tr>\n<tr style=\"height: 12.75pt\">\n<td class=\"xl70\" style=\"height: 12.75pt;border-top: none\" height=\"17\">1930-31<\/td>\n<td class=\"xl70\" style=\"border-top: none;border-left: none\">Betis<\/td>\n<td class=\"xl67\" style=\"border-top: none;border-left: none\">Segunda<\/td>\n<\/tr>\n<tr style=\"height: 12.75pt\">\n<td class=\"xl70\" style=\"height: 12.75pt;border-top: none\" height=\"17\">1931-32<\/td>\n<td class=\"xl70\" style=\"border-top: none;border-left: none\">Betis<\/td>\n<td class=\"xl67\" style=\"border-top: none;border-left: none\">Segunda<\/td>\n<\/tr>\n<tr style=\"height: 12.75pt\">\n<td class=\"xl69\" style=\"height: 12.75pt;border-top: none\" height=\"17\">1932-33<\/td>\n<td class=\"xl69\" style=\"border-top: none;border-left: none\">Betis<\/td>\n<td class=\"xl67\" style=\"border-top: none;border-left: none\">Primera<\/td>\n<\/tr>\n<tr style=\"height: 12.75pt\">\n<td class=\"xl70\" style=\"height: 12.75pt;border-top: none\" height=\"17\">1933-34<\/td>\n<td class=\"xl70\" style=\"border-top: none;border-left: none\">Nacional<\/td>\n<td class=\"xl67\" style=\"border-top: none;border-left: none\">Segunda<\/td>\n<\/tr>\n<tr style=\"height: 12.75pt\">\n<td class=\"xl70\" style=\"height: 12.75pt;border-top: none\" height=\"17\">1934-35<\/td>\n<td class=\"xl70\" style=\"border-top: none;border-left: none\">Nacional<\/td>\n<td class=\"xl67\" style=\"border-top: none;border-left: none\">Segunda<\/td>\n<\/tr>\n<tr style=\"height: 12.75pt\">\n<td class=\"xl70\" style=\"height: 12.75pt;border-top: none\" height=\"17\">1935-36<\/td>\n<td class=\"xl70\" style=\"border-top: none;border-left: none\">Nacional<\/td>\n<td class=\"xl67\" style=\"border-top: none;border-left: none\">Segunda<\/td>\n<\/tr>\n<\/tbody>\n<\/table>\n<p>En sus 3 temporadas en el Betis Rafael Sans jug\u00f3 30 partidos de Liga, marcando 4 goles, 10 de Copa, con 4 tantos, 10 del Campeonato de Andaluc\u00eda, haciendo 2 goles, y 18 amistosos, en los que marc\u00f3 2 tantos.\u00a0<\/p>\n\n\n<p><\/p>\n","protected":false},"excerpt":{"rendered":"<p>Rafael Sans Belda. Nacido en Barcelona el 1 de febrero de 1905 y fallecido en Barcelona el 28 de diciembre de 1948. Extremo izquierda. Sus primeros pasos los dio en diversos clubs catalanes (Sabadell, Gracia, Espanyol) para pasar en 1928 al Real Murcia de la mano de su entrenador Emilio Sampere. A finales de la&#8230;<\/p>\n","protected":false},"author":5,"featured_media":81779,"comment_status":"open","ping_status":"open","sticky":false,"template":"","format":"standard","meta":{"_kad_post_transparent":"","_kad_post_title":"","_kad_post_layout":"","_kad_post_sidebar_id":"","_kad_post_content_style":"","_kad_post_vertical_padding":"","_kad_post_feature":"","_kad_post_feature_position":"","_kad_post_header":false,"_kad_post_footer":false,"_kad_post_classname":"","_jetpack_memberships_contains_paid_content":false,"footnotes":"","jetpack_publicize_message":"","jetpack_publicize_feature_enabled":true,"jetpack_social_post_already_shared":true,"jetpack_social_options":{"image_generator_settings":{"template":"highway","default_image_id":0,"font":"","enabled":false},"version":2}},"categories":[893,1],"tags":[4757],"class_list":["post-81776","post","type-post","status-publish","format-standard","has-post-thumbnail","hentry","category-jugadores-temas","category-portada","tag-rafael-sans"],"jetpack_publicize_connections":[],"jetpack_featured_media_url":"https:\/\/i0.wp.com\/www.manquepierda.com\/historiarealbetis\/files\/2021\/10\/Rafael-Sans-1.jpg?fit=202%2C265&ssl=1","jetpack_sharing_enabled":true,"jetpack_shortlink":"https:\/\/wp.me\/p1ij08-lgY","jetpack-related-posts":[],"_links":{"self":[{"href":"https:\/\/www.manquepierda.com\/historiarealbetis\/wp-json\/wp\/v2\/posts\/81776","targetHints":{"allow":["GET"]}}],"collection":[{"href":"https:\/\/www.manquepierda.com\/historiarealbetis\/wp-json\/wp\/v2\/posts"}],"about":[{"href":"https:\/\/www.manquepierda.com\/historiarealbetis\/wp-json\/wp\/v2\/types\/post"}],"author":[{"embeddable":true,"href":"https:\/\/www.manquepierda.com\/historiarealbetis\/wp-json\/wp\/v2\/users\/5"}],"replies":[{"embeddable":true,"href":"https:\/\/www.manquepierda.com\/historiarealbetis\/wp-json\/wp\/v2\/comments?post=81776"}],"version-history":[{"count":5,"href":"https:\/\/www.manquepierda.com\/historiarealbetis\/wp-json\/wp\/v2\/posts\/81776\/revisions"}],"predecessor-version":[{"id":92686,"href":"https:\/\/www.manquepierda.com\/historiarealbetis\/wp-json\/wp\/v2\/posts\/81776\/revisions\/92686"}],"wp:featuredmedia":[{"embeddable":true,"href":"https:\/\/www.manquepierda.com\/historiarealbetis\/wp-json\/wp\/v2\/media\/81779"}],"wp:attachment":[{"href":"https:\/\/www.manquepierda.com\/historiarealbetis\/wp-json\/wp\/v2\/media?parent=81776"}],"wp:term":[{"taxonomy":"category","embeddable":true,"href":"https:\/\/www.manquepierda.com\/historiarealbetis\/wp-json\/wp\/v2\/categories?post=81776"},{"taxonomy":"post_tag","embeddable":true,"href":"https:\/\/www.manquepierda.com\/historiarealbetis\/wp-json\/wp\/v2\/tags?post=81776"}],"curies":[{"name":"wp","href":"https:\/\/api.w.org\/{rel}","templated":true}]}}